{"id":23977,"date":"2015-12-31T08:25:13","date_gmt":"2015-12-31T07:25:13","guid":{"rendered":"http:\/\/www.invarena.cz\/?p=23977"},"modified":"2015-12-31T08:25:13","modified_gmt":"2015-12-31T07:25:13","slug":"v-moravskoslezskem-kraji-jsou-zhorsene-rozptylove-podminky","status":"publish","type":"post","link":"https:\/\/www.invarena.cz\/?p=23977","title":{"rendered":"V Moravskoslezsk\u00e9m kraji jsou zhor\u0161en\u00e9 rozptylov\u00e9 podm\u00ednky"},"content":{"rendered":"<p><strong>V Moravskoslezsk\u00e9m kraji jsou zhor\u0161en\u00e9 rozptylov\u00e9 podm\u00ednky. <\/strong><!--more--><\/p>\n<p>Imisn\u00ed limit pro pol\u00e9tav\u00fd prach, kter\u00fd je 50 mikrogram\u016f na metr krychlov\u00fd, je p\u0159ekro\u010den a\u017e dvojn\u00e1sobn\u011b. Vysok\u00e9 jsou i hodinov\u00e9 koncentrace pol\u00e9tav\u00e9ho prachu, podle nich\u017e je situace v kraji v\u011bt\u0161inou hodnocena jako \u0161patn\u00e1 nebo i velmi \u0161patn\u00e1. Vypl\u00fdv\u00e1 to z informac\u00ed, kter\u00e9 zve\u0159ejnil \u010cesk\u00fd hydrometeorologick\u00fd \u00fastav (\u010cHM\u00da).<\/p>\n<p>Pr\u016fm\u011brn\u00e9 denn\u00ed koncentrace pol\u00e9tav\u00e9ho prachu v kraji dosahuj\u00ed hodnoty a\u017e 114 mikrogram\u016f na metr krychlov\u00fd, a to konkr\u00e9tn\u011b na m\u011b\u0159ic\u00ed stanici ve Fr\u00fddku-M\u00edstku. Kr\u00e1tkodob\u00e9 koncentrace ostatn\u00edch m\u011b\u0159en\u00fdch \u0161kodlivin jsou podlimitn\u00ed.<\/p>\n<p>&#8222;P\u0159edpokl\u00e1d\u00e1me, \u017ee b\u011bhem dne se budou hodnoty pr\u016fm\u011brn\u00fdch 24hodinov\u00fdch koncentrac\u00ed pra\u0161n\u00e9ho aerosolu nad\u00e1le pohybovat kolem nebo nad hodnotou imisn\u00edho limitu,&#8220; uvedli meteorologov\u00e9. Podle aktu\u00e1ln\u00edch hodinov\u00fdch koncentrac\u00ed dos\u00e1hly hodnoty pol\u00e9tav\u00e9ho prachu v regionu mezi 05:00 a 06:00 a\u017e 194 mikrogram\u016f na metr krychlov\u00fd.<\/p>\n<p>V Moravskoslezsk\u00e9m kraji je dlouhodob\u011b nejhor\u0161\u00ed ovzdu\u0161\u00ed v zemi. Rozptylov\u00e9 podm\u00ednky se tam obvykle zhor\u0161uj\u00ed pr\u00e1v\u011b na podzim a v zim\u011b po zah\u00e1jen\u00ed topn\u00e9 sezony. Kvalitu ovzdu\u0161\u00ed krom\u011b topen\u00ed v dom\u00e1cnostech ovliv\u0148uje i doprava a \u0161kodliviny z pr\u016fmyslov\u00fdch podnik\u016f \u010di sousedn\u00edho Polska.<\/p>\n<p><strong>Stav zne\u010di\u0161t\u011bn\u00ed ovzdu\u0161\u00ed v Moravskoslezsk\u00e9m kraji:<\/strong><\/p>\n<table border=\"1\">\n<tbody>\n<tr valign=\"top\">\n<td valign=\"middle\">M\u011b\u0159ic\u00ed stanice<\/td>\n<td valign=\"middle\">Pr\u016fm\u011brn\u00e1 24hodinov\u00e1 koncentrace pol\u00e9tav\u00e9ho prachu PM10 v mikrogramech na metr krychlov\u00fd (\u010dtvrtek 06:00)<\/td>\n<\/tr>\n<tr valign=\"top\">\n<td valign=\"middle\">\u010cesk\u00fd T\u011b\u0161\u00edn<\/td>\n<td valign=\"middle\">97<\/td>\n<\/tr>\n<tr valign=\"top\">\n<td valign=\"middle\">Hav\u00ed\u0159ov<\/td>\n<td valign=\"middle\">80<\/td>\n<\/tr>\n<tr valign=\"top\">\n<td valign=\"middle\">Karvin\u00e1<\/td>\n<td valign=\"middle\">64<\/td>\n<\/tr>\n<tr valign=\"top\">\n<td valign=\"middle\">Orlov\u00e1<\/td>\n<td valign=\"middle\">67<\/td>\n<\/tr>\n<tr valign=\"top\">\n<td valign=\"middle\">Doln\u00ed Lutyn\u011b-V\u011b\u0159\u0148ovice<\/td>\n<td valign=\"middle\">62<\/td>\n<\/tr>\n<tr valign=\"top\">\n<td valign=\"middle\">Ostrava-Fifejdy<\/td>\n<td valign=\"middle\">67<\/td>\n<\/tr>\n<tr valign=\"top\">\n<td valign=\"middle\">Ostrava-Mari\u00e1nsk\u00e9 Hory<\/td>\n<td valign=\"middle\">77<\/td>\n<\/tr>\n<tr valign=\"top\">\n<td valign=\"middle\">Ostrava-P\u0159\u00edvoz<\/td>\n<td valign=\"middle\">80<\/td>\n<\/tr>\n<tr valign=\"top\">\n<td valign=\"middle\">Ostrava-Radvanice<\/td>\n<td valign=\"middle\">103<\/td>\n<\/tr>\n<tr valign=\"top\">\n<td valign=\"middle\">Ostrava-Z\u00e1b\u0159eh<\/td>\n<td valign=\"middle\">76<\/td>\n<\/tr>\n<tr valign=\"top\">\n<td valign=\"middle\">Fr\u00fddek-M\u00edstek<\/td>\n<td valign=\"middle\">114<\/td>\n<\/tr>\n<tr valign=\"top\">\n<td valign=\"middle\">T\u0159inec-Kanada<\/td>\n<td valign=\"middle\">59<\/td>\n<\/tr>\n<tr valign=\"top\">\n<td valign=\"middle\">T\u0159inec-Kosmos<\/td>\n<td valign=\"middle\">61<\/td>\n<\/tr>\n<tr valign=\"top\">\n<td valign=\"middle\">Opava<\/td>\n<td valign=\"middle\">68<\/td>\n<\/tr>\n<tr valign=\"top\">\n<td valign=\"middle\">Stud\u00e9nka<\/td>\n<td valign=\"middle\">72<\/td>\n<\/tr>\n<\/tbody>\n<\/table>\n<p>Zdroj: \u010cHM\u00da<\/p>\n","protected":false},"excerpt":{"rendered":"<div class=\"mh-excerpt\"><p>V Moravskoslezsk\u00e9m kraji jsou zhor\u0161en\u00e9 rozptylov\u00e9 podm\u00ednky.<\/p>\n<\/div>","protected":false},"author":1,"featured_media":0,"comment_status":"open","ping_status":"closed","sticky":false,"template":"","format":"standard","meta":{"footnotes":""},"categories":[9],"tags":[],"class_list":["post-23977","post","type-post","status-publish","format-standard","hentry","category-zpravy"],"_links":{"self":[{"href":"https:\/\/www.invarena.cz\/index.php?rest_route=\/wp\/v2\/posts\/23977","targetHints":{"allow":["GET"]}}],"collection":[{"href":"https:\/\/www.invarena.cz\/index.php?rest_route=\/wp\/v2\/posts"}],"about":[{"href":"https:\/\/www.invarena.cz\/index.php?rest_route=\/wp\/v2\/types\/post"}],"author":[{"embeddable":true,"href":"https:\/\/www.invarena.cz\/index.php?rest_route=\/wp\/v2\/users\/1"}],"replies":[{"embeddable":true,"href":"https:\/\/www.invarena.cz\/index.php?rest_route=%2Fwp%2Fv2%2Fcomments&post=23977"}],"version-history":[{"count":0,"href":"https:\/\/www.invarena.cz\/index.php?rest_route=\/wp\/v2\/posts\/23977\/revisions"}],"wp:attachment":[{"href":"https:\/\/www.invarena.cz\/index.php?rest_route=%2Fwp%2Fv2%2Fmedia&parent=23977"}],"wp:term":[{"taxonomy":"category","embeddable":true,"href":"https:\/\/www.invarena.cz\/index.php?rest_route=%2Fwp%2Fv2%2Fcategories&post=23977"},{"taxonomy":"post_tag","embeddable":true,"href":"https:\/\/www.invarena.cz\/index.php?rest_route=%2Fwp%2Fv2%2Ftags&post=23977"}],"curies":[{"name":"wp","href":"https:\/\/api.w.org\/{rel}","templated":true}]}}