{"id":23992,"date":"2016-01-01T13:17:13","date_gmt":"2016-01-01T12:17:13","guid":{"rendered":"http:\/\/www.invarena.cz\/?p=23992"},"modified":"2016-01-01T13:17:13","modified_gmt":"2016-01-01T12:17:13","slug":"moravskoslezsti-zachranari-zazili-rusnejsi-silvestr-nez-loni","status":"publish","type":"post","link":"https:\/\/www.invarena.cz\/?p=23992","title":{"rendered":"Moravskoslez\u0161t\u00ed z\u00e1chran\u00e1\u0159i za\u017eili ru\u0161n\u011bj\u0161\u00ed Silvestr ne\u017e loni"},"content":{"rendered":"<p><strong>N\u00e1ro\u010dnou slu\u017ebu maj\u00ed za sebou z\u00e1chran\u00e1\u0159i v Moravskoslezsk\u00e9m kraji, kte\u0159\u00ed m\u011bli o leto\u0161n\u00ed silvestrovsk\u00e9 noci o 70 v\u00fdjezd\u016f v\u00edce ne\u017e p\u0159i lo\u0148sk\u00fdch oslav\u00e1ch. <\/strong><!--more--><\/p>\n<p>foto: MorgueFile<\/p>\n<p>Od silvestrovsk\u00e9ho r\u00e1na a\u017e do dne\u0161n\u00edch 07:00 vyj\u00ed\u017ed\u011bli ve 421 p\u0159\u00edpadech. Je to o p\u0159ibli\u017en\u011b 40 procent v\u00edce, ne\u017e kolik \u010din\u00ed dlouhodob\u00fd pr\u016fm\u011br ud\u00e1lost\u00ed v regionu. Pom\u00e1hali lidem zran\u011bn\u00fdm pyrotechnikou, pacient\u016fm po p\u00e1dech \u010di s \u0159ezn\u00fdmi zran\u011bn\u00edmi od skla. Zasahovali ale i u opilost\u00ed a otrav alkoholem nebo epileptick\u00fdch z\u00e1chvat\u016f, \u0159ekl \u010cTK mluv\u010d\u00ed z\u00e1chrann\u00e9 slu\u017eby Luk\u00e1\u0161 Humpl.<\/p>\n<p>&#8222;Jen od silvestrovsk\u00e9 p\u016flnoci do dne\u0161n\u00edho r\u00e1na musely pos\u00e1dky zdravotnick\u00e9 z\u00e1chrann\u00e9 slu\u017eby zasahovat ve 127 p\u0159\u00edpadech, n\u00e1r\u016fst ud\u00e1lost\u00ed v t\u00e9to dob\u011b \u010dinil trojn\u00e1sobek oproti b\u011b\u017en\u00fdm noc\u00edm,&#8220; podotkl Humpl.<\/p>\n<p>\u0160est lid\u00ed se v kraji zranilo p\u0159i odpalov\u00e1n\u00ed z\u00e1bavn\u00ed pyrotechniky. Jeden pacient byl zran\u011bn t\u011b\u017ece, u ostatn\u00edch byli poran\u011bn\u00ed lehk\u00e1 nebo st\u0159edn\u011b z\u00e1va\u017en\u00e1. Lid\u00e9 si nej\u010dast\u011bji poranili ruce nebo hlavu.<\/p>\n<p>&#8222;V t\u00e9to souvislosti jsme nezaznamenali p\u0159\u00edpady, kdy by byl p\u0159\u00edmo ohro\u017een \u017eivot,&#8220; uvedl mluv\u010d\u00ed.<\/p>\n<p>Podle n\u011bj byli z\u00e1chran\u00e1\u0159i od p\u016flnoci vysl\u00e1ni k p\u011bti des\u00edtk\u00e1m poran\u011bn\u00ed, mezi nimi\u017e dominovaly p\u00e1dy se zran\u011bn\u00edmi hlavy \u010di kon\u010detin a \u0159ezn\u00e1 poran\u011bn\u00ed od skla. &#8222;V t\u00e9m\u011b\u0159 dvou des\u00edtk\u00e1ch p\u0159\u00edpad\u016f pak zran\u011bn\u00ed pos\u00e1dk\u00e1m uvedli, \u017ee byli napadeni jinou osobou, nej\u010dast\u011bji v restaurac\u00edch a barech, ale tak\u00e9 v domovech. Dominuj\u00edc\u00ed v t\u011bchto situac\u00edch byla jednozna\u010dn\u011b poran\u011bn\u00ed hlavy,&#8220; \u0159ekl Humpl. S opilost\u00ed \u010di otravou alkoholem muselo b\u00fdt v kraji z\u00e1chrannou slu\u017ebou o\u0161et\u0159eno deset osob, mezi nimi i dva dosp\u00edvaj\u00edc\u00ed. &#8222;Opil\u00ed a zran\u011bn\u00ed tedy tvo\u0159ili celou polovinu v\u0161ech ud\u00e1lost\u00ed od silvestrovsk\u00e9 p\u016flnoci do dne\u0161n\u00edho r\u00e1na,&#8220; up\u0159esnil mluv\u010d\u00ed. Vzrostl tak\u00e9 po\u010det pacient\u016f s epileptick\u00fdmi z\u00e1chvaty, kter\u00fdch z\u00e1chran\u00e1\u0159i o\u0161et\u0159ili sedm.<\/p>\n<p>Podle policie byl leto\u0161n\u00ed Silvestr srovnateln\u00fd s p\u0159edchoz\u00edm rokem. Posledn\u00ed hodiny star\u00e9ho roku byly klidn\u011bj\u0161\u00ed, bez v\u00e1\u017en\u011bj\u0161\u00edch ud\u00e1lost. Do p\u016flnoci jsme p\u0159ijali pr\u016fm\u011brn\u00fd po\u010det ozn\u00e1men\u00ed, kter\u00fd v\u011bt\u0161inou b\u00fdv\u00e1 v p\u00e1tek \u010di sobotu. Zhruba od 20:00 zaznamen\u00e1v\u00e1me, \u017ee chov\u00e1n\u00ed a reakce lid\u00ed jsou ji\u017e spojen\u00e9 s po\u017eit\u00edm alkoholick\u00fdch n\u00e1poj\u016f, zaznamenali jsme stoupaj\u00edc\u00ed agresivitu,&#8220; uvedla policejn\u00ed mluv\u010d\u00ed Zlatu\u0161e Via\u010dkov\u00e1.<\/p>\n<p>Policist\u00e9 podle n\u00ed \u0159e\u0161ili r\u016fzn\u00e9 rva\u010dky, fyzick\u00e1 napad\u00e1n\u00ed nebo konflikty v dom\u00e1cnostech. V jednom p\u0159\u00edpad\u011b \u0161lo i o napaden\u00ed no\u017eem, p\u0159i n\u011bm\u017e dev\u011btadvacetilet\u00fd mu\u017e utrp\u011bl leh\u010d\u00ed zran\u011bn\u00ed. &#8222;Obecn\u011b m\u016f\u017eeme \u0159\u00edct, \u017ee leto\u0161n\u00ed oslavy p\u0159\u00edchodu nov\u00e9ho roku jsou srovnateln\u00e9 s p\u0159edchoz\u00edm rokem,&#8220; doplnila Via\u010dkov\u00e1. Nijak mimo\u0159\u00e1dn\u00e9 podle n\u00ed nebyly ani z\u00e1sahy ve zn\u00e1m\u00e9 ostravsk\u00e9 Stodoln\u00ed ulici. Od \u010dtvrte\u010dn\u00edch 19:00 do dne\u0161n\u00edch 06:00 m\u011bli policist\u00e9 370 v\u00fdjezd\u016f.<\/p>\n<p>Hasi\u010di vyj\u00ed\u017ed\u011bli od \u010dtvrte\u010dn\u00ed p\u016flnoci do dne\u0161n\u00edch 07:00 k 43 ud\u00e1lostem, z nich\u017e \u0161lo ve 28 p\u0159\u00edpadech o po\u017e\u00e1ry. V p\u0159ede\u0161l\u00fdch p\u011bti letech se po\u010det silvestrovsk\u00fdch v\u00fdjezd\u016f pohyboval v rozmez\u00ed od 30 do 40.<\/p>\n<p>&#8222;Oproti porovn\u00e1n\u00ed s klasickou skladbou v\u00fdjezd\u016f p\u0159eva\u017eovaly po\u017e\u00e1ry, standardn\u011b to b\u00fdvaj\u00ed technick\u00e9 pomoci,&#8220; uvedl mluv\u010d\u00ed hasi\u010d\u016f Marek Ga\u0161par\u00edn.<\/p>\n<p>V p\u0159ev\u00e1\u017en\u00e9 v\u011bt\u0161in\u011b p\u0159\u00edpad\u016f ho\u0159ely kontejnery, odpad nebo lesn\u00ed porosty. Hasi\u010di ale museli hasit i po\u017e\u00e1r v\u011bc\u00ed na balkon\u011b v\u00fd\u0161kov\u00e9ho obytn\u00e9ho domu ve Fr\u00fddku-M\u00edstku, kter\u00e9 za\u010daly ho\u0159et po odpalov\u00e1n\u00ed pyrotechniky. &#8222;Oslavy nov\u00e9ho roku 2016 se na\u0161t\u011bst\u00ed z pohledu hasi\u010d\u016f obe\u0161ly bez z\u00e1va\u017en\u011bj\u0161\u00edch nebo rozs\u00e1hlej\u0161\u00edch ud\u00e1lost\u00ed,&#8220; podotkl mluv\u010d\u00ed.<\/p>\n","protected":false},"excerpt":{"rendered":"<div class=\"mh-excerpt\"><p>N\u00e1ro\u010dnou slu\u017ebu maj\u00ed za sebou z\u00e1chran\u00e1\u0159i v Moravskoslezsk\u00e9m kraji, kte\u0159\u00ed m\u011bli o leto\u0161n\u00ed silvestrovsk\u00e9 noci o 70 v\u00fdjezd\u016f v\u00edce ne\u017e p\u0159i lo\u0148sk\u00fdch oslav\u00e1ch.<\/p>\n<\/div>","protected":false},"author":1,"featured_media":23993,"comment_status":"open","ping_status":"closed","sticky":false,"template":"","format":"standard","meta":{"footnotes":""},"categories":[7],"tags":[],"class_list":["post-23992","post","type-post","status-publish","format-standard","has-post-thumbnail","hentry","category-spolecnost"],"_links":{"self":[{"href":"https:\/\/www.invarena.cz\/index.php?rest_route=\/wp\/v2\/posts\/23992","targetHints":{"allow":["GET"]}}],"collection":[{"href":"https:\/\/www.invarena.cz\/index.php?rest_route=\/wp\/v2\/posts"}],"about":[{"href":"https:\/\/www.invarena.cz\/index.php?rest_route=\/wp\/v2\/types\/post"}],"author":[{"embeddable":true,"href":"https:\/\/www.invarena.cz\/index.php?rest_route=\/wp\/v2\/users\/1"}],"replies":[{"embeddable":true,"href":"https:\/\/www.invarena.cz\/index.php?rest_route=%2Fwp%2Fv2%2Fcomments&post=23992"}],"version-history":[{"count":0,"href":"https:\/\/www.invarena.cz\/index.php?rest_route=\/wp\/v2\/posts\/23992\/revisions"}],"wp:featuredmedia":[{"embeddable":true,"href":"https:\/\/www.invarena.cz\/index.php?rest_route=\/wp\/v2\/media\/23993"}],"wp:attachment":[{"href":"https:\/\/www.invarena.cz\/index.php?rest_route=%2Fwp%2Fv2%2Fmedia&parent=23992"}],"wp:term":[{"taxonomy":"category","embeddable":true,"href":"https:\/\/www.invarena.cz\/index.php?rest_route=%2Fwp%2Fv2%2Fcategories&post=23992"},{"taxonomy":"post_tag","embeddable":true,"href":"https:\/\/www.invarena.cz\/index.php?rest_route=%2Fwp%2Fv2%2Ftags&post=23992"}],"curies":[{"name":"wp","href":"https:\/\/api.w.org\/{rel}","templated":true}]}}