{"id":23996,"date":"2016-01-03T19:56:29","date_gmt":"2016-01-03T18:56:29","guid":{"rendered":"http:\/\/www.invarena.cz\/?p=23996"},"modified":"2016-01-03T19:56:29","modified_gmt":"2016-01-03T18:56:29","slug":"vyse-plateb-zdravotniho-pojisteni-se-vsem-meni-od-1-ledna-2016-2","status":"publish","type":"post","link":"https:\/\/www.invarena.cz\/?p=23996","title":{"rendered":"V\u00fd\u0161e plateb zdravotn\u00edho poji\u0161t\u011bn\u00ed se v\u0161em m\u011bn\u00ed od 1.ledna 2016"},"content":{"rendered":"<p><strong>V\u00fd\u0161e plateb zdravotn\u00edho poji\u0161t\u011bn\u00ed se od 1. ledna 2016 m\u011bn\u00ed, zm\u011bny se t\u00fdkaj\u00ed v\u0161ech skupin pl\u00e1tc\u016f pojistn\u00e9ho.<\/strong><!--more--><\/p>\n<p> Na 1823 korun se zvy\u0161uje minim\u00e1ln\u00ed m\u011bs\u00ed\u010dn\u00ed z\u00e1loha podnikatel\u016f, na 1337 se m\u011bn\u00ed minima u zam\u011bstnanc\u016f i v\u00fd\u0161e pojistn\u00e9ho, kter\u00e9 plat\u00ed osoby bez zdaniteln\u00fdch p\u0159\u00edjm\u016f. <\/p>\n<p>Pojistn\u00e9 hrazen\u00e9 st\u00e1tem stoupne na 870 korun, sd\u011blil \u010cTK mluv\u010d\u00ed V\u0161eobecn\u00e9 zdravotn\u00ed poji\u0161\u0165ovny Old\u0159ich Tich\u00fd. Pojistn\u00e9 se vypo\u010d\u00edt\u00e1v\u00e1 jako 13,5 procenta vym\u011b\u0159ovac\u00edho z\u00e1kladu.<\/p>\n<p>Vym\u011b\u0159ovac\u00edm z\u00e1kladem u podnikatel\u016f je polovina jejich p\u0159\u00edjmu po odpo\u010dtu n\u00e1klad\u016f. Ro\u010dn\u00ed vym\u011b\u0159ovac\u00ed z\u00e1klad je dvan\u00e1ctin\u00e1sobkem poloviny pr\u016fm\u011brn\u00e9 m\u011bs\u00ed\u010dn\u00ed mzdy v n\u00e1rodn\u00edm hospod\u00e1\u0159stv\u00ed. Pro rok 2016 \u010din\u00ed pr\u016fm\u011brn\u00e1 mzda 27.006 korun, minim\u00e1ln\u00ed vym\u011b\u0159ovac\u00ed z\u00e1klad 13.503 koruny. To znamen\u00e1 minim\u00e1ln\u00ed m\u011bs\u00ed\u010dn\u00ed z\u00e1lohu 1823 koruny, letos byla 1797 korun. Minim\u00e1ln\u00ed \u010d\u00e1stku odv\u00e1d\u00ed polovina podnikatel\u016f. Z\u00e1loha za leden je splatn\u00e1 8. \u00fanora.<\/p>\n<p>Vym\u011b\u0159ovac\u00edm z\u00e1kladem pro zam\u011bstnance je \u00fahrn zda\u0148ovan\u00fdch p\u0159\u00edjm\u016f, kter\u00e9 zam\u011bstnavatel z\u00fa\u010dtoval v souvislosti se zam\u011bstn\u00e1n\u00edm. Minim\u00e1ln\u00edm vym\u011b\u0159ovac\u00edm z\u00e1kladem je minim\u00e1ln\u00ed mzda. Od 1. ledna 2016 se po roce zvy\u0161uje, a to z 9200 na 9900 korun. Pojistn\u00e9 \u010din\u00ed 1337 korun, letos bylo 1242 koruny. Platba za leden v t\u00e9to v\u00fd\u0161i je splatn\u00e1 do 22. \u00fanora.<\/p>\n<p>Pojistn\u00e9 plat\u00ed podnikatel\u00e9 i zam\u011bstnanci bez omezen\u00ed horn\u00ed hranic\u00ed vym\u011b\u0159ovac\u00edho z\u00e1kladu. Ustanoven\u00ed o maxim\u00e1ln\u00edm vym\u011b\u0159ovac\u00edm z\u00e1kladu bylo zru\u0161eno.<\/p>\n<p>Vym\u011b\u0159ovac\u00ed z\u00e1klad pro pojistn\u00e9 za st\u00e1tn\u00ed poji\u0161t\u011bnce, co\u017e jsou d\u011bti, d\u016fchodci, studenti \u010di nezam\u011bstnan\u00ed, od ledna 2016 bude 6444 koruny, odvod st\u00e1tu za osobu tak stoupne z leto\u0161n\u00edch 845 korun na 870 korun.<\/p>\n<p>Pojistn\u00e9 osob bez zdaniteln\u00fdch p\u0159\u00edjm\u016f je od ledna m\u011bs\u00ed\u010dn\u011b 1337 korun. Vym\u011b\u0159ovac\u00edm z\u00e1kladem je minim\u00e1ln\u00ed mzda, kter\u00e1 od ledna 2016 bude 9900 korun. Platba tak proti leto\u0161ku stoupne o 95 korun, kdy byla minim\u00e1ln\u00ed mzda o 700 korun ni\u017e\u0161\u00ed. Pojistn\u00e9 je splatn\u00e9 od prvn\u00edho dne m\u011bs\u00edce, za kter\u00fd se plat\u00ed, do osm\u00e9ho dne m\u011bs\u00edce n\u00e1sleduj\u00edc\u00edho &#8211; za leden tedy do 8. \u00fanora.<\/p>\n","protected":false},"excerpt":{"rendered":"<div class=\"mh-excerpt\"><p>V\u00fd\u0161e plateb zdravotn\u00edho poji\u0161t\u011bn\u00ed se od 1. ledna 2016 m\u011bn\u00ed, zm\u011bny se t\u00fdkaj\u00ed v\u0161ech skupin pl\u00e1tc\u016f pojistn\u00e9ho.<\/p>\n<\/div>","protected":false},"author":1,"featured_media":600,"comment_status":"open","ping_status":"closed","sticky":false,"template":"","format":"standard","meta":{"footnotes":""},"categories":[18],"tags":[],"class_list":["post-23996","post","type-post","status-publish","format-standard","has-post-thumbnail","hentry","category-poradna"],"_links":{"self":[{"href":"https:\/\/www.invarena.cz\/index.php?rest_route=\/wp\/v2\/posts\/23996","targetHints":{"allow":["GET"]}}],"collection":[{"href":"https:\/\/www.invarena.cz\/index.php?rest_route=\/wp\/v2\/posts"}],"about":[{"href":"https:\/\/www.invarena.cz\/index.php?rest_route=\/wp\/v2\/types\/post"}],"author":[{"embeddable":true,"href":"https:\/\/www.invarena.cz\/index.php?rest_route=\/wp\/v2\/users\/1"}],"replies":[{"embeddable":true,"href":"https:\/\/www.invarena.cz\/index.php?rest_route=%2Fwp%2Fv2%2Fcomments&post=23996"}],"version-history":[{"count":0,"href":"https:\/\/www.invarena.cz\/index.php?rest_route=\/wp\/v2\/posts\/23996\/revisions"}],"wp:featuredmedia":[{"embeddable":true,"href":"https:\/\/www.invarena.cz\/index.php?rest_route=\/wp\/v2\/media\/600"}],"wp:attachment":[{"href":"https:\/\/www.invarena.cz\/index.php?rest_route=%2Fwp%2Fv2%2Fmedia&parent=23996"}],"wp:term":[{"taxonomy":"category","embeddable":true,"href":"https:\/\/www.invarena.cz\/index.php?rest_route=%2Fwp%2Fv2%2Fcategories&post=23996"},{"taxonomy":"post_tag","embeddable":true,"href":"https:\/\/www.invarena.cz\/index.php?rest_route=%2Fwp%2Fv2%2Ftags&post=23996"}],"curies":[{"name":"wp","href":"https:\/\/api.w.org\/{rel}","templated":true}]}}