{"id":24000,"date":"2016-01-04T13:29:19","date_gmt":"2016-01-04T12:29:19","guid":{"rendered":"http:\/\/www.invarena.cz\/?p=24000"},"modified":"2016-01-04T13:29:19","modified_gmt":"2016-01-04T12:29:19","slug":"tri-kralove-na-velbloudech-zahajili-sbirku","status":"publish","type":"post","link":"https:\/\/www.invarena.cz\/?p=24000","title":{"rendered":"T\u0159i kr\u00e1lov\u00e9 na velbloudech zah\u00e1jili sb\u00edrku"},"content":{"rendered":"<p><strong>N\u00e1hodn\u00fd turista v centru Prahy si v\u010dera mohl p\u0159ipadat jako v orientu. Pr\u016fvod t\u0159\u00ed kr\u00e1l\u016f na velbloudech odstartovat \u0161estn\u00e1ct\u00fd ro\u010dn\u00edk T\u0159\u00edkr\u00e1lov\u00e9 sb\u00edrky v metropoli. Op\u016fl t\u0159et\u00ed vyrazila dru\u017eina z Josefsk\u00e9 ulice a d\u00e1le pokra\u010dovala p\u0159es Karl\u016fv most, Karlovu ulici a Mal\u00e9 n\u00e1m\u011bst\u00ed k \u017eiv\u00e9mu betl\u00e9mu na Starom\u011bstsk\u00e9m n\u00e1m\u011bst\u00ed.<\/strong> <!--more--><\/p>\n<p>Praha \u2013 Pr\u016fvodu se \u00fa\u010dastnilo mnoho p\u0159ihl\u00ed\u017eej\u00edc\u00edch, kte\u0159\u00ed tak\u0159ka v tla\u010denici dob\u00edhali za zvuk\u016f bubn\u016f t\u0159i kr\u00e1le. Ten, kdo \u0161el po kr\u00e1lovsk\u00e9 cest\u011b v protism\u011bru, nem\u011bl \u0161anci. Na p\u00f3diu podle biblick\u00e9 legendy p\u0159edali sv\u00e9 dary nov\u011b narozen\u00e9mu Je\u017e\u00ed\u0161kovi. T\u0159i kr\u00e1lov\u00e9 pot\u00e9 p\u0159ednesli lidem sv\u00e9 poselstv\u00ed.<\/p>\n<p>Pr\u016fvodu T\u0159\u00ed kr\u00e1l\u016f p\u0159edch\u00e1zela bohoslu\u017eba slova v kostele sv. Tom\u00e1\u0161e v Praze 1. Kardin\u00e1l Dominik Duka p\u0159i n\u00ed ud\u011blil sv\u00e9 po\u017eehn\u00e1n\u00ed koledn\u00edk\u016fm T\u0159\u00edkr\u00e1lov\u00e9 sb\u00edrky. Na Starom\u011bstsk\u00e9m n\u00e1m\u011bst\u00ed pak p\u0159ipomn\u011bl, jak bylo d\u016fle\u017eit\u00e9, kdy\u017e astrologov\u00e9, jako Johannes Kepler ur\u010dili postaven\u00ed hv\u011bzdy po narozen\u00ed Je\u017e\u00ed\u0161e. O sb\u00edrce potom prohl\u00e1sil, \u017ee bude ur\u010den\u00e1 v\u0161em pot\u0159ebn\u00fdm bez rozd\u00edlu vyzn\u00e1n\u00ed a spole\u010densk\u00e9ho postaven\u00ed. D\u011bti se pak mohly fotit na velbloudech. V\u0161ichni si pak mohli vychutnat v\u00e1no\u010dn\u00ed p\u00edsn\u011b a Rybovu \u010ceskou m\u0161i v\u00e1no\u010dn\u00ed v pod\u00e1n\u00ed sboru a orchestru p\u0159i \u0158\u00edmskokatolick\u00e9 farnosti u kostela Nejsv\u011bt\u011bj\u0161\u00edho Srdce P\u00e1n\u011b.<\/p>\n<p>T\u0159\u00edkr\u00e1lov\u00e1 sb\u00edrka je nejv\u011bt\u0161\u00ed dobrovolnickou akc\u00ed v \u010cesk\u00e9 republice. Ka\u017edoro\u010dn\u011b se j\u00ed \u00fa\u010dastn\u00ed na pades\u00e1t tis\u00edc dobrovoln\u00edk\u016f, v Praze a okol\u00ed zhruba tis\u00edcovka. Loni pracovn\u00edci Arcidiec\u00e9zn\u00ed charity Praha vybrali do osmi set kasi\u010dek necel\u00fdch 2,7 milionu korun. \u0160lo o rekordn\u00ed v\u00fdsledek, proto\u017ee se vybralo asi o t\u0159i sta tis\u00edc korun v\u00edce ne\u017e v p\u0159edchoz\u00edm ro\u010dn\u00edku.<\/p>\n<p>&#8222;Byli bychom vd\u011b\u010dni, kdyby byl v\u00fdsledek podobn\u00fd jako v uplynul\u00fdch letech. P\u0159\u00edprava takto rozs\u00e1hl\u00e9 celon\u00e1rodn\u00ed sb\u00edrky je pracn\u00e1 a \u010dasov\u011b n\u00e1ro\u010dn\u00e1, prob\u00edh\u00e1 prakticky cel\u00fd rok. \u00dasp\u011bch sb\u00edrky ale vy\u017eaduje mnohem v\u00edce. Nebyl by mo\u017en\u00fd bez tis\u00edc\u016f m\u00edstn\u00edch koordin\u00e1tor\u016f a vedouc\u00edch kolednick\u00fdch skupinek, kte\u0159\u00ed jsou pro sb\u00edrku nad\u0161eni a dok\u00e1\u017eou motivovat d\u011bti, aby mnohdy i v mraziv\u00e9m po\u010das\u00ed p\u0159ekonaly sv\u00e9 pohodl\u00ed a vyrazily na koledu ve prosp\u011bch pot\u0159ebn\u00fdch,&#8220; uvedla Jarmila Lomozov\u00e1, z\u00e1stupkyn\u011b \u0159editele pro public relations Arcidiec\u00e9zn\u00ed charity Praha.<\/p>\n<p>Mnoho soci\u00e1ln\u00edch slu\u017eeb a projekt\u016f Charity, jako jsou azylov\u00e9 domy pro matky s d\u011btmi, stacion\u00e1\u0159e pro seniory, pe\u010dovatelsk\u00e1 slu\u017eba a dal\u0161\u00ed, z\u00edsk\u00e1vaj\u00ed d\u00edky T\u0159\u00edkr\u00e1lov\u00e9 sb\u00edrce podporu d\u016fle\u017eitou pro chod a udr\u017een\u00ed kvality t\u011bchto slu\u017eeb. V\u00fdt\u011b\u017eek sb\u00edrky je rozd\u011blov\u00e1n\u00ed podle p\u0159edem dan\u00e9ho kl\u00ed\u010de, na kter\u00e9m se Charity v \u010cesk\u00e9 republice dohodly. P\u011bta\u0161edes\u00e1t procent, tedy nejv\u011bt\u0161\u00ed \u010d\u00e1st v\u00fdt\u011b\u017eku, pom\u00e1h\u00e1 p\u0159\u00edmo v m\u00edst\u011b, kde jsou pen\u00edze vykoledov\u00e1ny.<\/p>\n<p>&#8222;M\u00edstn\u00ed Charita je vyu\u017e\u00edv\u00e1 obvykle na podporu sv\u00fdch soci\u00e1ln\u00edch \u010di zdravotn\u00edch slu\u017eeb. N\u011bkdy Charity \u010di farnosti podporuj\u00ed konkr\u00e9tn\u00ed soci\u00e1ln\u00ed pot\u0159ebn\u00e9 rodiny \u010di jednotlivce. Patn\u00e1ct procent sb\u00edrky podpo\u0159\u00ed takzvan\u00fd diec\u00e9zn\u00ed z\u00e1m\u011br, kter\u00fd vyb\u00edr\u00e1 (arci)diec\u00e9zn\u00ed Charita. Na\u0161e Arcidiec\u00e9zn\u00ed charita Praha letos vybrala tyto diec\u00e9zn\u00ed z\u00e1m\u011bry: pomoc migrant\u016fm a uprchl\u00edk\u016fm, podpora stacion\u00e1\u0159e a charitn\u00edho centra v P\u0159\u00edbrami a d\u00e1le podporu soci\u00e1ln\u011b slab\u00fdch rodin v B\u011blorusku a podporu \u010cesk\u00e9 nemocnice v Ugand\u011b,&#8220; up\u0159esnila Lomozov\u00e1. V zahrani\u010d\u00ed pom\u00e1h\u00e1 v\u017edy desetina sb\u00edrky. Zb\u00fdvaj\u00edc\u00edch deset procent je rozd\u011bleno na celon\u00e1rodn\u00ed projekty Charity \u010cesk\u00e1 republika a re\u017eijn\u00ed n\u00e1klady.<\/p>\n<p>V lo\u0148sk\u00e9m roce pen\u00edze pomohly soci\u00e1ln\u011b slab\u00fdm jedinc\u016fm a rodin\u00e1m, nap\u0159\u00edklad l\u00e9ky, letn\u00ed t\u00e1bory pro d\u011bti, p\u0159\u00edsp\u011bvek na rehabilita\u010dn\u00ed pobyty pro d\u011bti, o\u0161acen\u00ed, p\u0159\u00edsp\u011bvek na bydlen\u00ed, kompenza\u010dn\u00ed pom\u016fcky nebo oprava invalidn\u00edho voz\u00edku. D\u00e1le podpo\u0159ily volno\u010dasov\u00e9 aktivity pro d\u011bti, u nich\u017e hroz\u00ed vznik rizikov\u00e9ho chov\u00e1n\u00ed. Setk\u00e1v\u00e1n\u00ed senior\u016f a nemocn\u00fdch v dobrovolnick\u00e9m centru sv. Bartolom\u011bje v Kol\u00edn\u011b. Podpo\u0159ily soci\u00e1ln\u00ed slu\u017eby Charity, vzd\u011bl\u00e1vac\u00ed instituce a v zahrani\u010d\u00ed adopci na d\u00e1lku a \u010ceskou nemocnici sv. Karla Lwangy.<\/p>\n<p>&#8222;Obdarovan\u00ed jsou klienti na\u0161ich soci\u00e1ln\u00edch a zdravotn\u00edch slu\u017eeb. T\u0159\u00edkr\u00e1lov\u00e1 sb\u00edrka je sou\u010d\u00e1st\u00ed na\u0161eho \u00fasil\u00ed rozv\u00edjet kvalitn\u00ed slu\u017eby lidem, kte\u0159\u00ed si sami pomoc nemohou nebo se v \u017eivot\u011b dostali do t\u00ed\u017eiv\u00e9 situace,&#8220; uzav\u0159ela Lomozov\u00e1.<\/p>\n<p>PAVLA JANOU\u0160KOV\u00c1<br \/>\nPra\u017esk\u00fd den\u00edk<br \/>\n<a href=\"http:\/\/www.prazsky.denik.cz\/\">http:\/\/www.prazsky.denik.cz\/<\/a><\/p>\n","protected":false},"excerpt":{"rendered":"<div class=\"mh-excerpt\"><p>N\u00e1hodn\u00fd turista v centru Prahy si v\u010dera mohl p\u0159ipadat jako v orientu. Pr\u016fvod t\u0159\u00ed kr\u00e1l\u016f na velbloudech odstartovat \u0161estn\u00e1ct\u00fd ro\u010dn\u00edk T\u0159\u00edkr\u00e1lov\u00e9 sb\u00edrky v metropoli. Op\u016fl <a class=\"mh-excerpt-more\" href=\"https:\/\/www.invarena.cz\/?p=24000\" title=\"T\u0159i kr\u00e1lov\u00e9 na velbloudech zah\u00e1jili sb\u00edrku\">[&#8230;]<\/a><\/p>\n<\/div>","protected":false},"author":1,"featured_media":5371,"comment_status":"open","ping_status":"closed","sticky":false,"template":"","format":"standard","meta":{"footnotes":""},"categories":[9],"tags":[],"class_list":["post-24000","post","type-post","status-publish","format-standard","has-post-thumbnail","hentry","category-zpravy"],"_links":{"self":[{"href":"https:\/\/www.invarena.cz\/index.php?rest_route=\/wp\/v2\/posts\/24000","targetHints":{"allow":["GET"]}}],"collection":[{"href":"https:\/\/www.invarena.cz\/index.php?rest_route=\/wp\/v2\/posts"}],"about":[{"href":"https:\/\/www.invarena.cz\/index.php?rest_route=\/wp\/v2\/types\/post"}],"author":[{"embeddable":true,"href":"https:\/\/www.invarena.cz\/index.php?rest_route=\/wp\/v2\/users\/1"}],"replies":[{"embeddable":true,"href":"https:\/\/www.invarena.cz\/index.php?rest_route=%2Fwp%2Fv2%2Fcomments&post=24000"}],"version-history":[{"count":0,"href":"https:\/\/www.invarena.cz\/index.php?rest_route=\/wp\/v2\/posts\/24000\/revisions"}],"wp:featuredmedia":[{"embeddable":true,"href":"https:\/\/www.invarena.cz\/index.php?rest_route=\/wp\/v2\/media\/5371"}],"wp:attachment":[{"href":"https:\/\/www.invarena.cz\/index.php?rest_route=%2Fwp%2Fv2%2Fmedia&parent=24000"}],"wp:term":[{"taxonomy":"category","embeddable":true,"href":"https:\/\/www.invarena.cz\/index.php?rest_route=%2Fwp%2Fv2%2Fcategories&post=24000"},{"taxonomy":"post_tag","embeddable":true,"href":"https:\/\/www.invarena.cz\/index.php?rest_route=%2Fwp%2Fv2%2Ftags&post=24000"}],"curies":[{"name":"wp","href":"https:\/\/api.w.org\/{rel}","templated":true}]}}