{"id":24003,"date":"2016-01-13T07:16:51","date_gmt":"2016-01-13T06:16:51","guid":{"rendered":"http:\/\/www.invarena.cz\/?p=24003"},"modified":"2016-01-13T07:16:51","modified_gmt":"2016-01-13T06:16:51","slug":"stedra-nadilka-v-sumicich","status":"publish","type":"post","link":"https:\/\/www.invarena.cz\/?p=24003","title":{"rendered":"\u0160t\u011bdr\u00e1 nad\u00edlka v \u0160umic\u00edch"},"content":{"rendered":"<p>Pen\u00edze letos putuj\u00ed i na transplantace kostn\u00ed d\u0159en\u011b <!--more--><\/p>\n<p>Kr\u00e1snou p\u0159edv\u00e1no\u010dn\u00ed tradici v \u0160umuc\u00edch nevynechali ani letos. V m\u00edstn\u00edm kulturn\u00edm dom\u011b uspo\u0159\u00e1dal obecn\u00ed \u00fa\u0159ad V\u00e1no\u010dn\u00ed benefi\u010dn\u00ed koncert. &#8222;Letos rozd\u011blujeme celkem 62 000 korun. Velkou \u010d\u00e1st, asi 47 000, dali sponzo\u0159i u\u017e p\u0159edem a p\u0159idal se k tomu i v\u00fdt\u011b\u017eek z dne\u0161n\u00edho vstupn\u00e9ho,&#8220; \u0159ekl starosta obce Josef Jan\u010d\u00e1\u0159. Celkov\u00e1 \u010d\u00e1stka pak byla rozd\u011blena na t\u0159etiny a p\u0159ed\u00e1na t\u011bm, kte\u0159\u00ed finan\u010dn\u00ed pomoc pot\u0159ebuj\u00ed.<br \/>\nB\u011bhem koncertu p\u0159edal starosta Josef Jan\u010d\u00e1\u0159 Nadaci pro transplantace kostn\u00ed d\u0159en\u011b \u010d\u00e1stku devaten\u00e1ct tis\u00edc korun. &#8222;D\u016fvod, pro\u010d jsme si vybrali pr\u00e1v\u011b tuto nadaci, je ten, \u017ee u n\u00e1s v obci m\u00e1me p\u0159\u00edjemce kostn\u00ed d\u0159en\u011b Jakuba Leke\u0161e,&#8220; dodal je\u0161t\u011b Jan\u010d\u00e1\u0159. P\u0159\u00edsp\u011bvek nadaci p\u0159evzala b\u011bhem benefi\u010dn\u00edho koncertu Zdena Wasserbauerov\u00e1, dobrovolnice, kter\u00e1 u\u017e patn\u00e1ct let sh\u00e1n\u00ed lidi do registru d\u00e1rc\u016f kostn\u00ed d\u0159en\u011b.<br \/>\nPodle tradice je\u0161t\u011b dostal \u010d\u00e1st pen\u011bz z v\u00fdt\u011b\u017eku Domov pro zdravotn\u011b posti\u017een\u00e9 v Uhersk\u00e9m Brod\u011b.<br \/>\n&#8222;Letos jsme to je\u0161t\u011b roz\u0161\u00ed\u0159ili. M\u00e1me tady rodinu s p\u011bti d\u011btmi, kter\u00e1 p\u0159i\u0161la o maminku. Tak\u017ee tam p\u016fjde tak\u00e9 \u010d\u00e1st z v\u00fdt\u011b\u017eku,&#8220; uzav\u0159el \u0161umick\u00fd starosta Josef Jan\u010d\u00e1\u0159.<br \/>\nNa koncert\u011b vystoupili nap\u0159\u00edklad \u017e\u00e1ci m\u00edstn\u00ed mate\u0159sk\u00e9 p p \u0161koly, Folklorn\u00ed soubor Sv\u011btlovan, \u00dastav soci\u00e1ln\u00ed p\u00e9\u010de Uhery sk\u00fd Brod nebo mlad\u0161\u00ed a velk\u00e1 schola. Vystoupen\u00ed naladilo v\u0161echny p\u0159\u00edtomn\u00e9 na p\u0159ich\u00e1zej\u00edc\u00ed v\u00e1no\u010dn\u00ed obdob\u00ed.<\/p>\n<p>Dobr\u00fd den s kur\u00fdrem<\/p>\n","protected":false},"excerpt":{"rendered":"<div class=\"mh-excerpt\"><p>Pen\u00edze letos putuj\u00ed i na transplantace kostn\u00ed d\u0159en\u011b<\/p>\n<\/div>","protected":false},"author":1,"featured_media":0,"comment_status":"open","ping_status":"closed","sticky":false,"template":"","format":"standard","meta":{"footnotes":""},"categories":[9],"tags":[],"class_list":["post-24003","post","type-post","status-publish","format-standard","hentry","category-zpravy"],"_links":{"self":[{"href":"https:\/\/www.invarena.cz\/index.php?rest_route=\/wp\/v2\/posts\/24003","targetHints":{"allow":["GET"]}}],"collection":[{"href":"https:\/\/www.invarena.cz\/index.php?rest_route=\/wp\/v2\/posts"}],"about":[{"href":"https:\/\/www.invarena.cz\/index.php?rest_route=\/wp\/v2\/types\/post"}],"author":[{"embeddable":true,"href":"https:\/\/www.invarena.cz\/index.php?rest_route=\/wp\/v2\/users\/1"}],"replies":[{"embeddable":true,"href":"https:\/\/www.invarena.cz\/index.php?rest_route=%2Fwp%2Fv2%2Fcomments&post=24003"}],"version-history":[{"count":0,"href":"https:\/\/www.invarena.cz\/index.php?rest_route=\/wp\/v2\/posts\/24003\/revisions"}],"wp:attachment":[{"href":"https:\/\/www.invarena.cz\/index.php?rest_route=%2Fwp%2Fv2%2Fmedia&parent=24003"}],"wp:term":[{"taxonomy":"category","embeddable":true,"href":"https:\/\/www.invarena.cz\/index.php?rest_route=%2Fwp%2Fv2%2Fcategories&post=24003"},{"taxonomy":"post_tag","embeddable":true,"href":"https:\/\/www.invarena.cz\/index.php?rest_route=%2Fwp%2Fv2%2Ftags&post=24003"}],"curies":[{"name":"wp","href":"https:\/\/api.w.org\/{rel}","templated":true}]}}