{"id":24014,"date":"2016-01-18T09:06:47","date_gmt":"2016-01-18T08:06:47","guid":{"rendered":"http:\/\/www.invarena.cz\/?p=24014"},"modified":"2016-01-18T09:06:47","modified_gmt":"2016-01-18T08:06:47","slug":"synovi-byl-zamitnut-prukaz-ztp-mame-sanci-pri-odvolani","status":"publish","type":"post","link":"https:\/\/www.invarena.cz\/?p=24014","title":{"rendered":"Synovi byl zam\u00edtnut pr\u016fkaz ZTP. M\u00e1me \u0161anci p\u0159i odvol\u00e1n\u00ed?"},"content":{"rendered":"<p><strong>Dotaz:<br \/>\nm\u00e1me 13 let\u00e9ho syna. M\u011bl pr\u016fkaz ZTP. \u017d\u00e1dali jsme o obnoven\u00ed a byl mu p\u0159izn\u00e1n pr\u016fkaz TP. S T\u00edmto nesouhlas\u00edme a chceme se odvolat. Syn m\u00e1 ADHD s poruchou pozornosti , u\u010den\u00ed a chov\u00e1n\u00ed. Mus\u00ed m\u00edt neust\u00e1l\u00fd dohled, proto\u017ee se neorientuje venku ani v \u010dase . Je velice zbrkl\u00fd a nedok\u00e1\u017ee odhadnout situace v doprav\u011b . Z posudku hodnocen\u00ed vypl\u00edv\u00e1, \u017ee m\u00e1: Psychick\u00e9 posti\u017een\u00ed s opakuj\u00edc\u00edmi se poruchami komunikace a orientace v exteri\u00e9ru v\u010detn\u011b vysoce funk\u010dn\u00edho autismu. M\u00e1me \u0161anci s odvol\u00e1n\u00edm nebo ne?<\/strong><br \/>\n<!--more--><br \/>\nilustra\u010dn\u00ed foto: photoXpress<\/p>\n<p><strong>Odpov\u011b\u010f:<\/strong><br \/>\nNelze s jistotou tvrdit, zda odvol\u00e1n\u00ed bude \u00fasp\u011b\u0161n\u00e9. Rozhodn\u011b V\u00e1m ale mohu doporu\u010dit, abyste t\u00e9to mo\u017enosti vyu\u017eili. Pro up\u0159esn\u011bn\u00ed uv\u00e1d\u00edm zdravotn\u00ed indikace, na z\u00e1klad\u011b kter\u00fdch LPS \u010cSSZ rozhoduje o pr\u016fkazu ZTP.<br \/>\n&#8222;Zdravotn\u00ed stavy, kter\u00e9 lze pova\u017eovat za podstatn\u00e9 omezen\u00ed schopnosti pohyblivosti a orientace pro \u00fa\u010dely p\u0159izn\u00e1n\u00ed pr\u016fkazu osoby se zdravotn\u00edm posti\u017een\u00edm<br \/>\n2. Za podstatn\u00e9 omezen\u00ed schopnosti pohyblivosti a orientace na \u00farovni t\u011b\u017ek\u00e9ho funk\u010dn\u00edho posti\u017een\u00ed (pr\u016fkaz ZTP) pohyblivosti a orientace lze pova\u017eovat tyto zdravotn\u00ed stavy:<br \/>\na) anatomick\u00e1 ztr\u00e1ta doln\u00ed kon\u010detiny v kolenn\u00edm kloubu nebo v\u00fd\u0161e, exteri\u00e9rov\u00fd u\u017eivatel prot\u00e9zy,<br \/>\nb) anatomick\u00e1 ztr\u00e1ta doln\u00edch kon\u010detin v n\u00e1rtech nebo v n\u00e1rtu a b\u00e9rci,<br \/>\nc) funk\u010dn\u00ed ztr\u00e1ta doln\u00ed kon\u010detiny se ztr\u00e1tou op\u011brn\u00e9 funkce,<br \/>\nd) anatomick\u00e1 ztr\u00e1ta doln\u00ed a horn\u00ed kon\u010detiny v \u00farovni b\u00e9rce a p\u0159edlokt\u00ed,<br \/>\ne) anatomick\u00e1 ztr\u00e1ta horn\u00edch kon\u010detin v \u00farovni p\u0159edlokt\u00ed,<br \/>\nf) t\u011b\u017ek\u00e9 omezen\u00ed funkce dvou kon\u010detin,<br \/>\ng) posti\u017een\u00ed p\u00e1nve prov\u00e1zen\u00e9 t\u011b\u017ek\u00fdmi par\u00e9zami doln\u00edch kon\u010detin nebo z\u00e1va\u017enou nestabilitou p\u00e1nevn\u00edho prstence,<br \/>\nh) posti\u017een\u00ed p\u00e1te\u0159e prov\u00e1zen\u00e9 t\u011b\u017ek\u00fdmi par\u00e9zami kon\u010detin nebo ztuhnut\u00edm t\u0159\u00ed \u00fasek\u016f p\u00e1te\u0159e nebo z\u00e1va\u017en\u00e9 deformity p\u00e1te\u0159e s omezen\u00edm exkurz\u00ed hrudn\u00edku,<br \/>\ni) t\u011b\u017ek\u00e9 posti\u017een\u00ed pohyblivosti a celkov\u00e9 v\u00fdkonnosti ji\u017e p\u0159i lehk\u00e9m zat\u00ed\u017een\u00ed p\u0159i intern\u00edch a onkologick\u00fdch posti\u017een\u00edch,<br \/>\nj) celkov\u00e1 ztr\u00e1ta sluchu podle Fowlera 85% a v\u00edce s neschopnost\u00ed sly\u0161et zvuky a rozum\u011bt \u0159e\u010di i p\u0159es nejlep\u0161\u00ed korekci (oboustrann\u00e1 praktick\u00e1 nebo \u00fapln\u00e1 hluchota) u osoby star\u0161\u00ed 18 let v\u011bku,<br \/>\nk) kombinovan\u00e9 posti\u017een\u00ed sluchu a zraku (hluchoslepota) funk\u010dn\u011b v rozsahu oboustrann\u00e9 st\u0159edn\u011b t\u011b\u017ek\u00e9 nedosl\u00fdchavosti, kterou se rozum\u00ed ztr\u00e1ta sluchu podle Fowlera 40 a\u017e 65%, a oboustrann\u00e9 siln\u00e9 slabozrakosti, kterou se rozum\u00ed zrakov\u00e1 ostrost s nejlep\u0161\u00ed mo\u017enou korekc\u00ed na lep\u0161\u00edm oku, kdy maximum je men\u0161\u00ed ne\u017e 6\/60 a minimum rovn\u00e9 nebo lep\u0161\u00ed ne\u017e 3\/60, nebo oboustrann\u00e9 koncentrick\u00e9 z\u00fa\u017een\u00ed zorn\u00e9ho pole v rozsahu 30 a\u017e 10 stup\u0148\u016f, i kdy\u017e centr\u00e1ln\u00ed ostrost nen\u00ed posti\u017eena,<br \/>\nl) oboustrann\u00e1 t\u011b\u017ek\u00e1 ztr\u00e1ta zraku, kterou se rozum\u00ed zrakov\u00e1 ostrost s korekc\u00ed, kdy maximum je men\u0161\u00ed ne\u017e 3\/60, minimum lep\u0161\u00ed ne\u017e 1\/60,<br \/>\nm) psychick\u00e9 posti\u017een\u00ed s \u010dasto se opakuj\u00edc\u00edmi z\u00e1va\u017en\u00fdmi poruchami komunikace a orientace v exteri\u00e9ru v\u010detn\u011b st\u0159edn\u011b funk\u010dn\u00edho typu autismu,<br \/>\nn) neurodegenerativn\u00ed posti\u017een\u00ed s mnoho\u010detn\u00fdmi hybn\u00fdmi komplikacemi typu rigidity, hypokin\u00e9zy, tremoru, ataxie, mimovoln\u00fdch pohyb\u016f.&#8220;<br \/>\nZ uveden\u00e9ho vypl\u00fdv\u00e1, \u017ee pro to, aby byl Va\u0161emu synovy p\u0159izn\u00e1n pr\u016fkaz ZTP, je nezbytn\u00e9, aby LPS \u010cSSZ p\u0159ehodnotila posudek na: &#8222;psychick\u00e9 posti\u017een\u00ed s \u010dasto se opakuj\u00edc\u00edmi z\u00e1va\u017en\u00fdmi poruchami komunikace a orientace v exteri\u00e9ru v\u010detn\u011b st\u0159edn\u011b funk\u010dn\u00edho typu autismu.&#8220;<br \/>\nM\u016f\u017ee pomoci, kdy\u017e se V\u00e1\u0161 syn podrob\u00ed nov\u00e9mu l\u00e9ka\u0159sk\u00e9mu vy\u0161et\u0159en\u00ed, kter\u00e9 by l\u00e9pe prok\u00e1zalo jeho zdravotn\u00ed pot\u00ed\u017ee, aby na z\u00e1klad\u011b l\u00e9ka\u0159sk\u00e9 zpr\u00e1vy mohla LPS \u010cSSZ vydat v\u00fd\u0161e uveden\u00fd posudek.<\/p>\n<p>Ji\u0159\u00ed Marek<br \/>\ninvArena<\/p>\n","protected":false},"excerpt":{"rendered":"<div class=\"mh-excerpt\"><p>Dotaz: m\u00e1me 13 let\u00e9ho syna. M\u011bl pr\u016fkaz ZTP. \u017d\u00e1dali jsme o obnoven\u00ed a byl mu p\u0159izn\u00e1n pr\u016fkaz TP. S T\u00edmto nesouhlas\u00edme a chceme se odvolat. <a class=\"mh-excerpt-more\" href=\"https:\/\/www.invarena.cz\/?p=24014\" title=\"Synovi byl zam\u00edtnut pr\u016fkaz ZTP. M\u00e1me \u0161anci p\u0159i odvol\u00e1n\u00ed?\">[&#8230;]<\/a><\/p>\n<\/div>","protected":false},"author":3,"featured_media":16393,"comment_status":"open","ping_status":"closed","sticky":false,"template":"","format":"standard","meta":{"footnotes":""},"categories":[18],"tags":[],"class_list":["post-24014","post","type-post","status-publish","format-standard","has-post-thumbnail","hentry","category-poradna"],"_links":{"self":[{"href":"https:\/\/www.invarena.cz\/index.php?rest_route=\/wp\/v2\/posts\/24014","targetHints":{"allow":["GET"]}}],"collection":[{"href":"https:\/\/www.invarena.cz\/index.php?rest_route=\/wp\/v2\/posts"}],"about":[{"href":"https:\/\/www.invarena.cz\/index.php?rest_route=\/wp\/v2\/types\/post"}],"author":[{"embeddable":true,"href":"https:\/\/www.invarena.cz\/index.php?rest_route=\/wp\/v2\/users\/3"}],"replies":[{"embeddable":true,"href":"https:\/\/www.invarena.cz\/index.php?rest_route=%2Fwp%2Fv2%2Fcomments&post=24014"}],"version-history":[{"count":0,"href":"https:\/\/www.invarena.cz\/index.php?rest_route=\/wp\/v2\/posts\/24014\/revisions"}],"wp:featuredmedia":[{"embeddable":true,"href":"https:\/\/www.invarena.cz\/index.php?rest_route=\/wp\/v2\/media\/16393"}],"wp:attachment":[{"href":"https:\/\/www.invarena.cz\/index.php?rest_route=%2Fwp%2Fv2%2Fmedia&parent=24014"}],"wp:term":[{"taxonomy":"category","embeddable":true,"href":"https:\/\/www.invarena.cz\/index.php?rest_route=%2Fwp%2Fv2%2Fcategories&post=24014"},{"taxonomy":"post_tag","embeddable":true,"href":"https:\/\/www.invarena.cz\/index.php?rest_route=%2Fwp%2Fv2%2Ftags&post=24014"}],"curies":[{"name":"wp","href":"https:\/\/api.w.org\/{rel}","templated":true}]}}