{"id":24027,"date":"2016-01-09T13:05:05","date_gmt":"2016-01-09T12:05:05","guid":{"rendered":"http:\/\/www.invarena.cz\/?p=24027"},"modified":"2016-01-09T13:29:42","modified_gmt":"2016-01-09T12:29:42","slug":"okolo-30-tisic-postizenych-prislo-o-vyhody-nevymenili-si-prukaz","status":"publish","type":"post","link":"https:\/\/www.invarena.cz\/?p=24027","title":{"rendered":"Okolo 30 tis\u00edc posti\u017een\u00fdch si nevym\u011bnilo pr\u016fkaz, p\u0159i\u0161li o v\u00fdhody"},"content":{"rendered":"<p><strong>Zhruba 30 000 zdravotn\u011b posti\u017een\u00fdch p\u0159i\u0161lo od ledna o v\u00fdhody, jako jsou t\u0159eba slevy na dopravu. Do konce roku toti\u017e nepo\u017e\u00e1dali o v\u00fdm\u011bnu pr\u016fkaz\u016f pro lidi s handicapem. <\/strong><!--more--><\/p>\n<p>Benefity spojen\u00e9 s t\u00edmto pr\u016fkazem budou zase moci vyu\u017e\u00edvat a\u017e s novou pr\u016fkazkou, uvedla mluv\u010d\u00ed \u00da\u0159adu pr\u00e1ce \u010cR Kate\u0159ina Ber\u00e1nkov\u00e1.<\/p>\n<p>&#8222;Lid\u00e9, kte\u0159\u00ed dostali pr\u016fkaz do konce roku 2013, mus\u00ed podat novou \u017e\u00e1dost. Podstoup\u00ed standardn\u00ed \u0159\u00edzen\u00ed s posouzen\u00edm zdravotn\u00edho stavu. Kdo dostal pr\u016fkazku po 1. lednu 2014, podep\u00ed\u0161e p\u0159\u00edslu\u0161n\u00fd formul\u00e1\u0159,&#8220; doplnila mluv\u010d\u00ed.<\/p>\n<p>Star\u00e9 pr\u016fkazy m\u011bnily vloni \u00fa\u0159ady za nov\u00e9 automaticky. Plastov\u00e9 karty za\u010daly vyd\u00e1vat v dubnu. <\/p>\n<p>Podle odhadu si je m\u011blo vyzvednout na 300 000 lid\u00ed. Do konce prosince si o doklad po\u017e\u00e1dalo 270 604 osob. Jen v prosinci \u017e\u00e1dost podalo kolem 24 700 osob. Pr\u016fkaz si do konce roku stihlo p\u0159evz\u00edt 253 400 posti\u017een\u00fdch, v prosinci 31 000, up\u0159esnila mluv\u010d\u00ed.<\/p>\n","protected":false},"excerpt":{"rendered":"<div class=\"mh-excerpt\"><p>Zhruba 30 000 zdravotn\u011b posti\u017een\u00fdch p\u0159i\u0161lo od ledna o v\u00fdhody, jako jsou t\u0159eba slevy na dopravu. Do konce roku toti\u017e nepo\u017e\u00e1dali o v\u00fdm\u011bnu pr\u016fkaz\u016f pro <a class=\"mh-excerpt-more\" href=\"https:\/\/www.invarena.cz\/?p=24027\" title=\"Okolo 30 tis\u00edc posti\u017een\u00fdch si nevym\u011bnilo pr\u016fkaz, p\u0159i\u0161li o v\u00fdhody\">[&#8230;]<\/a><\/p>\n<\/div>","protected":false},"author":1,"featured_media":13767,"comment_status":"open","ping_status":"closed","sticky":false,"template":"","format":"standard","meta":{"footnotes":""},"categories":[7],"tags":[],"class_list":["post-24027","post","type-post","status-publish","format-standard","has-post-thumbnail","hentry","category-spolecnost"],"_links":{"self":[{"href":"https:\/\/www.invarena.cz\/index.php?rest_route=\/wp\/v2\/posts\/24027","targetHints":{"allow":["GET"]}}],"collection":[{"href":"https:\/\/www.invarena.cz\/index.php?rest_route=\/wp\/v2\/posts"}],"about":[{"href":"https:\/\/www.invarena.cz\/index.php?rest_route=\/wp\/v2\/types\/post"}],"author":[{"embeddable":true,"href":"https:\/\/www.invarena.cz\/index.php?rest_route=\/wp\/v2\/users\/1"}],"replies":[{"embeddable":true,"href":"https:\/\/www.invarena.cz\/index.php?rest_route=%2Fwp%2Fv2%2Fcomments&post=24027"}],"version-history":[{"count":0,"href":"https:\/\/www.invarena.cz\/index.php?rest_route=\/wp\/v2\/posts\/24027\/revisions"}],"wp:featuredmedia":[{"embeddable":true,"href":"https:\/\/www.invarena.cz\/index.php?rest_route=\/wp\/v2\/media\/13767"}],"wp:attachment":[{"href":"https:\/\/www.invarena.cz\/index.php?rest_route=%2Fwp%2Fv2%2Fmedia&parent=24027"}],"wp:term":[{"taxonomy":"category","embeddable":true,"href":"https:\/\/www.invarena.cz\/index.php?rest_route=%2Fwp%2Fv2%2Fcategories&post=24027"},{"taxonomy":"post_tag","embeddable":true,"href":"https:\/\/www.invarena.cz\/index.php?rest_route=%2Fwp%2Fv2%2Ftags&post=24027"}],"curies":[{"name":"wp","href":"https:\/\/api.w.org\/{rel}","templated":true}]}}