{"id":24031,"date":"2016-01-06T22:01:11","date_gmt":"2016-01-06T21:01:11","guid":{"rendered":"http:\/\/www.invarena.cz\/?p=24031"},"modified":"2016-01-06T22:01:11","modified_gmt":"2016-01-06T21:01:11","slug":"v-praze-na-sebe-lide-strileji-rachejtle-divi-se-americky-komik","status":"publish","type":"post","link":"https:\/\/www.invarena.cz\/?p=24031","title":{"rendered":"V Praze na sebe lid\u00e9 st\u0159\u00edlej\u00ed rachejtle, div\u00ed se americk\u00fd komik"},"content":{"rendered":"<p>Nikdo si nedovede u\u017e\u00edt silvestrovsk\u00e9 oslavy tak jako \u010ce\u0161i. Pronesl to ironicky zn\u00e1m\u00fd americk\u00fd komik Stephen Colbert, kdy\u017e v prvn\u00edm leto\u0161n\u00edm d\u00edlu sv\u00e9ho z\u00e1bavn\u00e9ho po\u0159adu Late Show with Stephen Colbert popisoval ned\u00e1vnou n\u00e1v\u0161t\u011bvu Prahy. <!--more--><\/p>\n<p>T\u011b\u017eko byste pr\u00fd hledali jinou zemi, kde si lid\u00e9 st\u0159\u00edlej\u00ed rachejtle p\u0159\u00edmo do obli\u010deje, ozn\u00e1mil sm\u011bj\u00edc\u00edmu se publiku.<\/p>\n<p>Konec roku v \u010desk\u00e9 metropoli m\u00e1 podle n\u011bho neopakovateln\u00e9 kouzlo. Ale \u010dlov\u011bk pr\u00fd z\u00e1rove\u0148 trne hr\u016fzou. &#8222;Nikdo nepoj\u00edm\u00e1 Silvestra jako \u010ce\u0161i. Moc se nezab\u00fdvaj\u00ed pravidly. Rad\u011bji se v\u011bnuj\u00ed mali\u010dkostem, jako je pop\u00edjen\u00ed na ulici nebo odpalov\u00e1n\u00ed pyrotechniky p\u0159\u00edmo do obli\u010deje druh\u00fdch,&#8220; vypr\u00e1v\u011bl Colbert v \u00favodu sv\u00e9 obl\u00edben\u00e9 talk show, kterou po dvout\u00fddenn\u00ed v\u00e1no\u010dn\u00ed pauze tento t\u00fdden odvys\u00edlala americk\u00e1 televize CBS.<\/p>\n<p>Pot\u00e9 p\u0159evedl Ameri\u010dan\u016fm zvykl\u00fdm na masov\u00e9, le\u010d spo\u0159\u00e1dan\u00e9 oslavy p\u0159\u00edchodu nov\u00e9ho roku na newyorsk\u00e9m Times Square video, kter\u00e9 nato\u010dil o silvestrovsk\u00e9 p\u016flnoci v centru Prahy. &#8222;Lid\u00e9 na Starom\u011bstsk\u00e9m n\u00e1m\u011bst\u00ed st\u0159\u00edlej\u00ed rachejtle p\u0159\u00edmo vzh\u016fru na lidi, kte\u0159\u00ed m\u00e1vaj\u00ed z v\u011b\u017ee (radnice),&#8220; komentoval z\u00e1b\u011bry moder\u00e1tor, kter\u00fd p\u0159edt\u00edm nazna\u010dil, \u017ee jej tradi\u010dn\u00ed organizovan\u00e9 pojet\u00ed p\u0159\u00edchodu nov\u00e9ho roku v New Yorku pon\u011bkud nud\u00ed.<\/p>\n<p>&#8222;Byl to \u00fa\u017easn\u00fd zp\u016fsob, jak str\u00e1vit Silvestra, proto\u017ee kdy\u017e to skon\u010d\u00ed, jste \u0161\u0165astn\u00ed, \u017ee jste p\u0159e\u017eili,&#8220; uzav\u0159el svou t\u00e9m\u011b\u0159 minutovou vzpom\u00ednku na Prahu bavi\u010d, kter\u00fd loni p\u0159evzal show po jej\u00edm dlouholet\u00e9m moder\u00e1torovi Davidu Lettermanovi.<\/p>\n","protected":false},"excerpt":{"rendered":"<div class=\"mh-excerpt\"><p>Nikdo si nedovede u\u017e\u00edt silvestrovsk\u00e9 oslavy tak jako \u010ce\u0161i. Pronesl to ironicky zn\u00e1m\u00fd americk\u00fd komik Stephen Colbert, kdy\u017e v prvn\u00edm leto\u0161n\u00edm d\u00edlu sv\u00e9ho z\u00e1bavn\u00e9ho po\u0159adu <a class=\"mh-excerpt-more\" href=\"https:\/\/www.invarena.cz\/?p=24031\" title=\"V Praze na sebe lid\u00e9 st\u0159\u00edlej\u00ed rachejtle, div\u00ed se americk\u00fd komik\">[&#8230;]<\/a><\/p>\n<\/div>","protected":false},"author":1,"featured_media":0,"comment_status":"open","ping_status":"closed","sticky":false,"template":"","format":"standard","meta":{"footnotes":""},"categories":[9],"tags":[],"class_list":["post-24031","post","type-post","status-publish","format-standard","hentry","category-zpravy"],"_links":{"self":[{"href":"https:\/\/www.invarena.cz\/index.php?rest_route=\/wp\/v2\/posts\/24031","targetHints":{"allow":["GET"]}}],"collection":[{"href":"https:\/\/www.invarena.cz\/index.php?rest_route=\/wp\/v2\/posts"}],"about":[{"href":"https:\/\/www.invarena.cz\/index.php?rest_route=\/wp\/v2\/types\/post"}],"author":[{"embeddable":true,"href":"https:\/\/www.invarena.cz\/index.php?rest_route=\/wp\/v2\/users\/1"}],"replies":[{"embeddable":true,"href":"https:\/\/www.invarena.cz\/index.php?rest_route=%2Fwp%2Fv2%2Fcomments&post=24031"}],"version-history":[{"count":0,"href":"https:\/\/www.invarena.cz\/index.php?rest_route=\/wp\/v2\/posts\/24031\/revisions"}],"wp:attachment":[{"href":"https:\/\/www.invarena.cz\/index.php?rest_route=%2Fwp%2Fv2%2Fmedia&parent=24031"}],"wp:term":[{"taxonomy":"category","embeddable":true,"href":"https:\/\/www.invarena.cz\/index.php?rest_route=%2Fwp%2Fv2%2Fcategories&post=24031"},{"taxonomy":"post_tag","embeddable":true,"href":"https:\/\/www.invarena.cz\/index.php?rest_route=%2Fwp%2Fv2%2Ftags&post=24031"}],"curies":[{"name":"wp","href":"https:\/\/api.w.org\/{rel}","templated":true}]}}