{"id":24032,"date":"2016-01-06T22:02:31","date_gmt":"2016-01-06T21:02:31","guid":{"rendered":"http:\/\/www.invarena.cz\/?p=24032"},"modified":"2016-01-06T22:02:31","modified_gmt":"2016-01-06T21:02:31","slug":"v-tachove-je-mobilni-hospic-osetrovatele-budou-jezdit-za-klienty","status":"publish","type":"post","link":"https:\/\/www.invarena.cz\/?p=24032","title":{"rendered":"V Tachov\u011b je mobiln\u00ed hospic, o\u0161et\u0159ovatel\u00e9 budou jezdit za klienty"},"content":{"rendered":"<p><strong>V Tachov\u011b dnes otev\u0159eli mobiln\u00ed hospic, prvn\u00ed podobn\u00e9 ter\u00e9nn\u00ed za\u0159\u00edzen\u00ed v Plze\u0148sk\u00e9m kraji. Poskytuje nep\u0159etr\u017eitou slu\u017ebu pro nevyl\u00e9\u010diteln\u011b a t\u011b\u017ece nemocn\u00e9.<\/strong><!--more--><\/p>\n<p>ilustra\u010dn\u00ed foto: PhotoRack<\/p>\n<p> Provozuje ho Hospic svat\u00e9ho Ji\u0159\u00ed, kter\u00fd ji\u017e \u00fasp\u011b\u0161n\u011b p\u016fsob\u00ed na Chebsku. Jeho pracovn\u00edci budou doj\u00ed\u017ed\u011bt za nemocn\u00fdmi dom\u016f. Na leto\u0161ek d\u00e1 kraj na hospic 150.000 korun, dal\u0161\u00ed podporu poskytne m\u011bsto a dal\u0161\u00ed d\u00e1rci, \u0159ekla \u010cTK krajsk\u00e1 radn\u00ed Milena St\u00e1rkov\u00e1 (\u010cSSD). Hospic u\u017e m\u00e1 pokryty zbyl\u00e9 ro\u010dn\u00ed n\u00e1klady ve v\u00fd\u0161i 600.000 K\u010d.<\/p>\n<p>&#8222;Jde o \u00fapln\u011b novou slu\u017ebu, kterou po roce vyhodnot\u00edme. Za paliativn\u00ed p\u00e9\u010di budou lid\u00e9 na sklonku \u017eivota platit 150 korun za den. To je \u00fanosn\u00e9 a je to pro n\u011b velk\u00e1 pomoc,&#8220; uvedla St\u00e1rkov\u00e1. Podle n\u00ed by bylo vhodn\u00e9, m\u00edt podobn\u00e9 za\u0159\u00edzen\u00ed v ka\u017ed\u00e9m okrese.<\/p>\n<p>Tachov poskytl nov\u00e9 slu\u017eb\u011b prostory na n\u00e1m\u011bst\u00ed a bude platit provozn\u00ed n\u00e1klady ve v\u00fd\u0161i n\u011bkolika des\u00edtek tis\u00edc korun. Slu\u017eba bude fungovat 24 hodin denn\u011b sedm dn\u00ed v t\u00fddn\u016f. &#8222;Jde o pomoc rodin\u011b, do n\u00ed\u017e bude doch\u00e1zet ten, kdo bude pot\u0159eba, tedy zdravotn\u00ed sestra, o\u0161et\u0159ovatel, psychosoci\u00e1ln\u00ed pracovn\u00edk a l\u00e9ka\u0159. Nebudou st\u00e1l\u00fdmi zam\u011bstnanci, ale budou nasmlouv\u00e1v\u00e1ni podle pot\u0159eb klient\u016f,&#8220; \u0159ekla St\u00e1rkov\u00e1.<\/p>\n<p>Provozovatel\u00e9 slu\u017eby mus\u00ed m\u00edt dal\u0161\u00ed sponzory, proto\u017ee mobiln\u00ed hospice zat\u00edm nejsou hrazeny z ve\u0159ejn\u00e9ho zdravotn\u00edho poji\u0161t\u011bn\u00ed. Funguj\u00ed z dar\u016f a p\u0159\u00edsp\u011bvk\u016f r\u016fzn\u00fdch instituc\u00ed. VZP podle St\u00e1rkov\u00e9 zkou\u0161\u00ed od dubna pilotn\u00ed projekt, kter\u00fd vyhodnot\u00ed letos na ja\u0159e, a \u0159ekne, zda tuto slu\u017ebu za\u0159ad\u00ed do placen\u00e9 p\u00e9\u010de. VZP vypl\u00e1c\u00ed dev\u00edti mobiln\u00edm hospic\u016fm 1300 korun na klienta a den, co\u017e je stejn\u00e1 suma jako pro kamenn\u00e1 za\u0159\u00edzen\u00ed, kde lid\u00e9 v\u011bt\u0161inou dopl\u00e1cej\u00ed je\u0161t\u011b 300 K\u010d.<\/p>\n<p>Kraj tato za\u0159\u00edzen\u00ed podle St\u00e1rkov\u00e9 velmi v\u00edt\u00e1 a bude je finan\u010dn\u011b podporovat i v n\u00e1sleduj\u00edc\u00edch letech. Pokud by tachovsk\u00fd hospic, kter\u00fd si kraji \u0159ekl o 150.000 korun, nem\u011bl pen\u00edze na provoz, je je\u0161t\u011b kraj p\u0159ipraven pomoci. &#8222;Spole\u010dnost kone\u010dn\u011b p\u0159ich\u00e1z\u00ed na to, \u017ee je lep\u0161\u00ed, aby odch\u00e1zej\u00edc\u00ed lid\u00e9 z\u016fst\u00e1vali v dom\u00e1c\u00edm prost\u0159ed\u00ed rodinn\u00e9ho kruhu, kde se c\u00edt\u00ed l\u00e9pe,&#8220; uvedla. Mobiln\u00ed hospice jsou podle n\u00ed pro cel\u00fd syst\u00e9m p\u00e9\u010de levn\u011bj\u0161\u00ed ne\u017e kamenn\u00e1 za\u0159\u00edzen\u00ed.<\/p>\n<p>Druh\u00fd mobiln\u00ed hospic, kter\u00fd letos dostane od kraje tak\u00e9 150.000 korun, za\u010dne brzy fungovat v Plzni. Soci\u00e1ln\u00ed za\u0159\u00edzen\u00ed N\u00e1ru\u010d &#8211; dom\u00e1c\u00ed hospicov\u00e1 p\u00e9\u010de Plze\u0148 bude provozovat a za\u0161ti\u0165ovat C\u00edrkev \u010deskoslovensk\u00e1 husitsk\u00e1. Dosah hospice m\u00e1 b\u00fdt 30 kilometr\u016f od Plzn\u011b.<\/p>\n<p>V Plzni funguje u\u017e n\u011bkolik let Hospic svat\u00e9ho lazara s 28 l\u016f\u017eky. Plze\u0148sk\u00fd kraj otev\u0159e ve druh\u00e9 polovin\u011b roku osm hospicov\u00fdch l\u016f\u017eek v are\u00e1lu sv\u00e9 Klatovsk\u00e9 nemocnice v budov\u011b b\u00fdval\u00e9ho plicn\u00edho odd\u011blen\u00ed, kter\u00e1 je obklopen\u00e1 zahradou a vzrostl\u00fdmi stromy.<\/p>\n<p>Hospic je zdravotnicko-soci\u00e1ln\u00ed za\u0159\u00edzen\u00ed slou\u017e\u00edc\u00ed k p\u00e9\u010di o nevyl\u00e9\u010diteln\u011b a t\u011b\u017ece nemocn\u00e9 lidi, tedy k takzvan\u00e9 paliativn\u00ed p\u00e9\u010di, jej\u00ed\u017e kr\u00e9dem je nejvy\u0161\u0161\u00ed kvalita do\u017eit\u00ed lid\u00ed.<\/p>\n","protected":false},"excerpt":{"rendered":"<div class=\"mh-excerpt\"><p>V Tachov\u011b dnes otev\u0159eli mobiln\u00ed hospic, prvn\u00ed podobn\u00e9 ter\u00e9nn\u00ed za\u0159\u00edzen\u00ed v Plze\u0148sk\u00e9m kraji. Poskytuje nep\u0159etr\u017eitou slu\u017ebu pro nevyl\u00e9\u010diteln\u011b a t\u011b\u017ece nemocn\u00e9.<\/p>\n<\/div>","protected":false},"author":1,"featured_media":14573,"comment_status":"open","ping_status":"closed","sticky":false,"template":"","format":"standard","meta":{"footnotes":""},"categories":[7],"tags":[],"class_list":["post-24032","post","type-post","status-publish","format-standard","has-post-thumbnail","hentry","category-spolecnost"],"_links":{"self":[{"href":"https:\/\/www.invarena.cz\/index.php?rest_route=\/wp\/v2\/posts\/24032","targetHints":{"allow":["GET"]}}],"collection":[{"href":"https:\/\/www.invarena.cz\/index.php?rest_route=\/wp\/v2\/posts"}],"about":[{"href":"https:\/\/www.invarena.cz\/index.php?rest_route=\/wp\/v2\/types\/post"}],"author":[{"embeddable":true,"href":"https:\/\/www.invarena.cz\/index.php?rest_route=\/wp\/v2\/users\/1"}],"replies":[{"embeddable":true,"href":"https:\/\/www.invarena.cz\/index.php?rest_route=%2Fwp%2Fv2%2Fcomments&post=24032"}],"version-history":[{"count":0,"href":"https:\/\/www.invarena.cz\/index.php?rest_route=\/wp\/v2\/posts\/24032\/revisions"}],"wp:featuredmedia":[{"embeddable":true,"href":"https:\/\/www.invarena.cz\/index.php?rest_route=\/wp\/v2\/media\/14573"}],"wp:attachment":[{"href":"https:\/\/www.invarena.cz\/index.php?rest_route=%2Fwp%2Fv2%2Fmedia&parent=24032"}],"wp:term":[{"taxonomy":"category","embeddable":true,"href":"https:\/\/www.invarena.cz\/index.php?rest_route=%2Fwp%2Fv2%2Fcategories&post=24032"},{"taxonomy":"post_tag","embeddable":true,"href":"https:\/\/www.invarena.cz\/index.php?rest_route=%2Fwp%2Fv2%2Ftags&post=24032"}],"curies":[{"name":"wp","href":"https:\/\/api.w.org\/{rel}","templated":true}]}}