{"id":24053,"date":"2016-01-07T14:28:28","date_gmt":"2016-01-07T13:28:28","guid":{"rendered":"http:\/\/www.invarena.cz\/?p=24053"},"modified":"2016-01-07T14:28:28","modified_gmt":"2016-01-07T13:28:28","slug":"vystava-ukaze-promeny-handicapovanych-zen","status":"publish","type":"post","link":"https:\/\/www.invarena.cz\/?p=24053","title":{"rendered":"V\u00fdstava uk\u00e1\u017ee prom\u011bny handicapovan\u00fdch \u017een"},"content":{"rendered":"<p><strong>Pozoruhodn\u00e1 v\u00fdstava nesouc\u00ed n\u00e1zev Prost\u011b kr\u00e1sn\u00e1 uk\u00e1\u017ee prom\u011bny des\u00edtek handicapovan\u00fdch \u017een, kter\u00e9 pro\u0161ly rukama odbornice. Vernis\u00e1\u017e v\u00fdstavy se uskute\u010dn\u00ed u\u017e v pond\u011bl\u00ed 11. ledna v 17.30 hodin ve foyer 3D kina Alfa v Sokolov\u011b.<\/strong> <!--more--><\/p>\n<p>Sokolov \u2013 Vystaven\u00e9 velkoform\u00e1tov\u00e9 um\u011bleck\u00e9 fotografie vznikly ve spolupr\u00e1ci libereck\u00e9 viz\u00e1\u017eistky, stylistky, kade\u0159nice, nehtov\u00e9 design\u00e9rky a fotografky Radky Werner s ment\u00e1ln\u011b posti\u017een\u00fdmi klientkami domova Pramen v Mnichov\u011b u Mari\u00e1nsk\u00fdch L\u00e1zn\u00ed. Inici\u00e1torem akce je herec Jaroslav Du\u0161ek. Dvaat\u0159icet d\u00edvek a \u017een ve v\u011bku 23 a\u017e 72 let si u\u017eilo prom\u011bny, p\u00e9\u010di, \u00fa\u010desy, l\u00ed\u010den\u00ed i fotografov\u00e1n\u00ed jako prav\u00e9 modelky. D\u00edky herci Ladislavu Hamplovi, kter\u00fd je p\u0159i fotografov\u00e1n\u00ed doprov\u00e1zel, vznikly fotografie pro v\u00fdstavu i kalend\u00e1\u0159 na rok 2016.<\/p>\n<p>Vernis\u00e1\u017e uvede \u0159editelka domova Pramen Lenka \u0160umov\u00e1. Hudbou ji obohat\u00ed houslista V\u00edt Mor\u00e1vek, absolvent Konzervato\u0159e Plze\u0148, kulin\u00e1\u0159sk\u00e9 speciality budou ze sokolovsk\u00e9ho tr\u00e9ninkov\u00e9ho za\u0159\u00edzen\u00ed pro ment\u00e1ln\u011b posti\u017een\u00e9 O\u00e1za (Dolmen, o.p.s.). Uskute\u010dn\u00ed se i prom\u00edt\u00e1n\u00ed kr\u00e1tk\u00e9ho dokument\u00e1rn\u00edho filmu o vzniku v\u00fdstavy a kalend\u00e1\u0159e Prost\u011b kr\u00e1sn\u00e1 od tv\u016frc\u016f z libereck\u00e9ho studia Genus.<\/p>\n<p>Od 19 hodin n\u00e1sleduje v kin\u011b p\u0159edstaven\u00ed m\u00edstn\u00edho Filmov\u00e9ho klubu Alfa, meditativn\u00ed film thajsk\u00e9ho vizu\u00e1ln\u00edho um\u011blce Apichatponga Weerasethakula L\u00e1ska z Khon Kaen, kter\u00fd byl loni nominovan\u00fd na Zlatou palmu v Cannes. Pojedn\u00e1v\u00e1 o d\u016fle\u017eitosti p\u00e9\u010de o druh\u00e9 i o pot\u0159eb\u011b p\u0159ipustit si, \u017ee p\u00e9\u010di pot\u0159ebujeme a chceme p\u0159ij\u00edmat v\u0161ichni. Vstup na vernis\u00e1\u017e a dokument\u00e1rn\u00ed film je voln\u00fd, vstupn\u00e9 na n\u00e1sledn\u00e9 p\u0159edstaven\u00ed filmov\u00e9ho klubu je pro jeho \u010dleny 60 a pro ostatn\u00ed 120 korun. V\u00fdstava bude p\u0159\u00edstupn\u00e1 a\u017e do konce ledna v\u017edy hodinu p\u0159ed prom\u00edt\u00e1n\u00edm kina a vstup je voln\u00fd.<\/p>\n<p>Sokolovsk\u00fd den\u00edk<br \/>\n<a href=\"http:\/\/sokolovsky.denik.cz\/\">http:\/\/sokolovsky.denik.cz\/<\/a><\/p>\n","protected":false},"excerpt":{"rendered":"<div class=\"mh-excerpt\"><p>Pozoruhodn\u00e1 v\u00fdstava nesouc\u00ed n\u00e1zev Prost\u011b kr\u00e1sn\u00e1 uk\u00e1\u017ee prom\u011bny des\u00edtek handicapovan\u00fdch \u017een, kter\u00e9 pro\u0161ly rukama odbornice. Vernis\u00e1\u017e v\u00fdstavy se uskute\u010dn\u00ed u\u017e v pond\u011bl\u00ed 11. ledna v <a class=\"mh-excerpt-more\" href=\"https:\/\/www.invarena.cz\/?p=24053\" title=\"V\u00fdstava uk\u00e1\u017ee prom\u011bny handicapovan\u00fdch \u017een\">[&#8230;]<\/a><\/p>\n<\/div>","protected":false},"author":1,"featured_media":23406,"comment_status":"open","ping_status":"closed","sticky":false,"template":"","format":"standard","meta":{"footnotes":""},"categories":[9],"tags":[],"class_list":["post-24053","post","type-post","status-publish","format-standard","has-post-thumbnail","hentry","category-zpravy"],"_links":{"self":[{"href":"https:\/\/www.invarena.cz\/index.php?rest_route=\/wp\/v2\/posts\/24053","targetHints":{"allow":["GET"]}}],"collection":[{"href":"https:\/\/www.invarena.cz\/index.php?rest_route=\/wp\/v2\/posts"}],"about":[{"href":"https:\/\/www.invarena.cz\/index.php?rest_route=\/wp\/v2\/types\/post"}],"author":[{"embeddable":true,"href":"https:\/\/www.invarena.cz\/index.php?rest_route=\/wp\/v2\/users\/1"}],"replies":[{"embeddable":true,"href":"https:\/\/www.invarena.cz\/index.php?rest_route=%2Fwp%2Fv2%2Fcomments&post=24053"}],"version-history":[{"count":0,"href":"https:\/\/www.invarena.cz\/index.php?rest_route=\/wp\/v2\/posts\/24053\/revisions"}],"wp:featuredmedia":[{"embeddable":true,"href":"https:\/\/www.invarena.cz\/index.php?rest_route=\/wp\/v2\/media\/23406"}],"wp:attachment":[{"href":"https:\/\/www.invarena.cz\/index.php?rest_route=%2Fwp%2Fv2%2Fmedia&parent=24053"}],"wp:term":[{"taxonomy":"category","embeddable":true,"href":"https:\/\/www.invarena.cz\/index.php?rest_route=%2Fwp%2Fv2%2Fcategories&post=24053"},{"taxonomy":"post_tag","embeddable":true,"href":"https:\/\/www.invarena.cz\/index.php?rest_route=%2Fwp%2Fv2%2Ftags&post=24053"}],"curies":[{"name":"wp","href":"https:\/\/api.w.org\/{rel}","templated":true}]}}