{"id":24089,"date":"2016-01-10T12:15:51","date_gmt":"2016-01-10T11:15:51","guid":{"rendered":"http:\/\/www.invarena.cz\/?p=24089"},"modified":"2016-01-10T12:15:51","modified_gmt":"2016-01-10T11:15:51","slug":"lide-priotraveni-plynem-v-hlucine-se-postupne-vraceji-domu","status":"publish","type":"post","link":"https:\/\/www.invarena.cz\/?p=24089","title":{"rendered":"Lid\u00e9 p\u0159iotr\u00e1ven\u00ed plynem v Hlu\u010d\u00edn\u011b se postupn\u011b vracej\u00ed dom\u016f"},"content":{"rendered":"<p>\u0160est dosp\u011bl\u00fdch, kte\u0159\u00ed se v sobotu v Hlu\u010d\u00edn\u011b na Opavsku p\u0159iotr\u00e1vili oxidem uhelnat\u00fdm, u\u017e je zp\u011bt doma, sedm d\u011bt\u00ed zat\u00edm z\u016fst\u00e1v\u00e1 v nemocnici v Ostrav\u011b na pozorov\u00e1n\u00ed. <!--more--><\/p>\n<p>P\u011bstounsk\u00e1 rodina, kterou otrava postihla, chce p\u0159ed\u011blat vyt\u00e1p\u011bn\u00ed ve sv\u00e9m domku z plynu na elekt\u0159inu. \u010cTK to dnes \u0159ekl hlu\u010d\u00ednsk\u00fd starosta Pavel Paschek.<\/p>\n<p>&#8222;Na\u0161t\u011bst\u00ed se nikomu nic v\u00e1\u017en\u00e9ho nestalo. Hlavn\u011b, \u017ee jsme v\u0161ichni p\u0159e\u017eili. Plyn je te\u010f vypnut\u00fd, p\u0159\u00ed\u0161t\u00ed t\u00fdden ho zru\u0161\u00edme a p\u0159ed\u011bl\u00e1me na elekt\u0159inu,&#8220; \u0159ekl otec rodiny Pavel Sedl\u00e1\u010dek.<\/p>\n<p>Starosta \u0159ekl, \u017ee m\u011bsto rodin\u011b pom\u016f\u017ee. &#8222;\u0158e\u0161\u00edme, jak to co nejd\u0159\u00edve p\u0159ed\u011blat na elekt\u0159inu. M\u011bsto jim ur\u010dit\u011b pom\u016f\u017ee, a\u0165 u\u017e bez\u00faro\u010dnou p\u016fj\u010dkou nebo darem. Je dob\u0159e, \u017ee u\u017e nejsou mrazy, rodina te\u010f top\u00ed v krbov\u00fdch kamnech, ale v\u0161echny m\u00edstnosti to \u00fapln\u011b nevyh\u0159eje,&#8220; \u0159ekl Paschek.<\/p>\n<p>Zat\u00edm nen\u00ed jasn\u00e9, kde p\u0159esn\u011b z\u00e1vada vznikla. Rodina podle starosty pou\u017e\u00edv\u00e1 klasick\u00fd plynov\u00fd kotel s pr\u016ftokov\u00fdm oh\u0159\u00edva\u010dem vody, kter\u00fd je jen asi \u010dty\u0159i roky star\u00fd. Na \u00fanik plynu se p\u0159i\u0161lo, kdy\u017e jedno z d\u011bt\u00ed omdlelo. &#8222;Mlad\u0161\u00ed holka \u0161la r\u00e1no na z\u00e1chod a omdlela. Volali jsme sanitku a zjistilo se, \u017ee unik\u00e1 plyn,&#8220; \u0159ekl Sedl\u00e1\u010dek.<\/p>\n<p>Podle policie nic nenasv\u011bd\u010duje tomu, \u017ee by \u0161lo o ciz\u00ed zavin\u011bn\u00ed. Hasi\u010di nab\u00e1daj\u00ed k pravideln\u00fdm kontrol\u00e1m a oprav\u00e1m lok\u00e1ln\u00edch topidel a oh\u0159\u00edva\u010d\u016f vody na plyn a tak\u00e9 k n\u00e1kup\u016fm detektor\u016f oxidu uhelnat\u00e9ho. Otravy z t\u011bchto za\u0159\u00edzen\u00ed jsou toti\u017e podle nich v kraji pom\u011brn\u011b \u010dast\u00e9 a nez\u0159\u00eddka kon\u010d\u00ed \u00famrt\u00edm. Z\u0159ejm\u011b oxid uhelnat\u00fd z karmy otr\u00e1vil nap\u0159\u00edklad t\u0159in\u00e1ctiletou d\u00edvku, kter\u00e1 na Nov\u00fd rok zem\u0159ela v Bru\u0161perku na Fr\u00fddecko-M\u00edstecku. Dal\u0161\u00ed t\u0159i d\u011bti skon\u010dily v nemocnici.<\/p>\n","protected":false},"excerpt":{"rendered":"<div class=\"mh-excerpt\"><p>\u0160est dosp\u011bl\u00fdch, kte\u0159\u00ed se v sobotu v Hlu\u010d\u00edn\u011b na Opavsku p\u0159iotr\u00e1vili oxidem uhelnat\u00fdm, u\u017e je zp\u011bt doma, sedm d\u011bt\u00ed zat\u00edm z\u016fst\u00e1v\u00e1 v nemocnici v Ostrav\u011b <a class=\"mh-excerpt-more\" href=\"https:\/\/www.invarena.cz\/?p=24089\" title=\"Lid\u00e9 p\u0159iotr\u00e1ven\u00ed plynem v Hlu\u010d\u00edn\u011b se postupn\u011b vracej\u00ed dom\u016f\">[&#8230;]<\/a><\/p>\n<\/div>","protected":false},"author":1,"featured_media":0,"comment_status":"open","ping_status":"closed","sticky":false,"template":"","format":"standard","meta":{"footnotes":""},"categories":[9],"tags":[],"class_list":["post-24089","post","type-post","status-publish","format-standard","hentry","category-zpravy"],"_links":{"self":[{"href":"https:\/\/www.invarena.cz\/index.php?rest_route=\/wp\/v2\/posts\/24089","targetHints":{"allow":["GET"]}}],"collection":[{"href":"https:\/\/www.invarena.cz\/index.php?rest_route=\/wp\/v2\/posts"}],"about":[{"href":"https:\/\/www.invarena.cz\/index.php?rest_route=\/wp\/v2\/types\/post"}],"author":[{"embeddable":true,"href":"https:\/\/www.invarena.cz\/index.php?rest_route=\/wp\/v2\/users\/1"}],"replies":[{"embeddable":true,"href":"https:\/\/www.invarena.cz\/index.php?rest_route=%2Fwp%2Fv2%2Fcomments&post=24089"}],"version-history":[{"count":0,"href":"https:\/\/www.invarena.cz\/index.php?rest_route=\/wp\/v2\/posts\/24089\/revisions"}],"wp:attachment":[{"href":"https:\/\/www.invarena.cz\/index.php?rest_route=%2Fwp%2Fv2%2Fmedia&parent=24089"}],"wp:term":[{"taxonomy":"category","embeddable":true,"href":"https:\/\/www.invarena.cz\/index.php?rest_route=%2Fwp%2Fv2%2Fcategories&post=24089"},{"taxonomy":"post_tag","embeddable":true,"href":"https:\/\/www.invarena.cz\/index.php?rest_route=%2Fwp%2Fv2%2Ftags&post=24089"}],"curies":[{"name":"wp","href":"https:\/\/api.w.org\/{rel}","templated":true}]}}