{"id":24100,"date":"2016-01-13T07:19:07","date_gmt":"2016-01-13T06:19:07","guid":{"rendered":"http:\/\/www.invarena.cz\/?p=24100"},"modified":"2016-01-13T07:19:26","modified_gmt":"2016-01-13T06:19:26","slug":"zrakove-postizeni-maji-zastani","status":"publish","type":"post","link":"https:\/\/www.invarena.cz\/?p=24100","title":{"rendered":"Zrakov\u011b posti\u017een\u00ed maj\u00ed zast\u00e1n\u00ed"},"content":{"rendered":"<p><strong>Od 4. ledna funguje ve Strakonic\u00edch m\u00edsto, kter\u00e9 se jmenuje Kontaktn\u00ed kancel\u00e1\u0159 sjednocen\u00e9 organizace nevidom\u00fdch a slabozrak\u00fdch ob\u010dan\u016f. Zde z\u00edskaj\u00ed nevidom\u00ed \u010di zrakov\u011b posti\u017een\u00ed lid\u00e9 informace, jak nap\u0159\u00edklad postupovat p\u0159i \u017e\u00e1dostech z\u00edskat kompenza\u010dn\u00ed pom\u016fcky. <\/strong><!--more--><\/p>\n<p>U zrodu kancel\u00e1\u0159e st\u00e1l Ji\u0159\u00ed Ma\u0159\u00edk ze Strakonic, kter\u00fd oslepl p\u0159ed v\u00edce ne\u017e 25 lety po z\u00e1sahu bleskem. &#8222;Prvn\u00ed kroky jsem za\u010dal v tomto sm\u011bru podnikat n\u011bkdy loni v dubnu. Kancel\u00e1\u0159 ale vznikla na popud republikov\u00e9 organizace zrakov\u011b posti\u017een\u00fdch, kter\u00e1 tak chce oslovit nejen pr\u00e1v\u011b zrakov\u011b posti\u017een\u00e9 ob\u010dany, ale tak\u00e9 \u0161irokou ve\u0159ejnost,&#8220; vysv\u011btlil Ji\u0159\u00ed Ma\u0159\u00edk.<br \/>\nPomocnou ruku pro vznik kancel\u00e1\u0159e podalo tak\u00e9 m\u011bsto Strakonice, konkr\u00e9tn\u011b soci\u00e1ln\u00ed odbor. A to odbornou radou. &#8222;Soci\u00e1ln\u00ed odbor pom\u00e1hal strakonick\u00e9 organizaci SONS s vypln\u011bn\u00edm \u017e\u00e1dosti o dotaci z rozpo\u010dtu m\u011bsta,&#8220; vysv\u011btlila \u0159editelka odboru Lenka Vysok\u00e1. Prvn\u00ed v\u011bt\u0161\u00ed akce, kter\u00e1 m\u00e1 kancel\u00e1\u0159 zviditelnit, se uskute\u010dn\u00ed ve \u010dtvrtek 15. ledna. &#8222;Uskute\u010dn\u00ed se zde nejen setk\u00e1n\u00ed a porada \u00fazemn\u00edch p\u0159edsed\u016f SONS, ale z\u00e1stupci Tyflokabinetu \u010cesk\u00e9 Bud\u011bjovice p\u0159ivezou nov\u00fd model ozvu\u010den\u00e9ho mobiln\u00edho telefonu,&#8220; doplnil Ji\u0159\u00ed Ma\u0159\u00edk. <\/p>\n<p>Krom\u011b toho se zde uskute\u010dn\u00ed tak\u00e9 sout\u011b\u017e ve st\u0159elb\u011b na simul\u00e1toru pr\u00e1v\u011b pro zrakov\u011b posti\u017een\u00e9 ob\u010dany. <\/p>\n<p>Kancel\u00e1\u0159 S\u00eddlo: Strakonice, Stavba\u0159\u016f 2013 (budova Centra pro zdravotn\u011b posti\u017een\u00e9). Pond\u011bl\u00ed a st\u0159eda: 12 a\u017e 16 h \u00dater\u00fd, \u010dtvrtek a p\u00e1tek: 8 a\u017e 12 h <\/p>\n<p>SONS Sjednocen\u00e1 organizace nevidom\u00fdch a slabozrak\u00fdch \u010cR vznikla v ned\u011bli 16. \u010dervna 1996, kdy se 65 zvolen\u00fdch deleg\u00e1t\u016f \u010cesk\u00e9 unie nevidom\u00fdch a slabozrak\u00fdch a 65 zvolen\u00fdch deleg\u00e1t\u016f Spole\u010dnosti nevidom\u00fdch a slabozrak\u00fdch v \u010cR se\u0161lo na spole\u010dn\u00e9m slu\u010dovac\u00edm shrom\u00e1\u017ed\u011bn\u00ed v Hradci Kr\u00e1lov\u00e9.<\/p>\n<p>PETR \u0160KOTKO<br \/>\nStrakonick\u00fd den\u00edk<br \/>\n<a href=\"http:\/\/strakonicky.denik.cz\/\">http:\/\/strakonicky.denik.cz\/<\/a><\/p>\n","protected":false},"excerpt":{"rendered":"<div class=\"mh-excerpt\"><p>Od 4. ledna funguje ve Strakonic\u00edch m\u00edsto, kter\u00e9 se jmenuje Kontaktn\u00ed kancel\u00e1\u0159 sjednocen\u00e9 organizace nevidom\u00fdch a slabozrak\u00fdch ob\u010dan\u016f. Zde z\u00edskaj\u00ed nevidom\u00ed \u010di zrakov\u011b posti\u017een\u00ed lid\u00e9 <a class=\"mh-excerpt-more\" href=\"https:\/\/www.invarena.cz\/?p=24100\" title=\"Zrakov\u011b posti\u017een\u00ed maj\u00ed zast\u00e1n\u00ed\">[&#8230;]<\/a><\/p>\n<\/div>","protected":false},"author":1,"featured_media":1410,"comment_status":"open","ping_status":"closed","sticky":false,"template":"","format":"standard","meta":{"footnotes":""},"categories":[7],"tags":[],"class_list":["post-24100","post","type-post","status-publish","format-standard","has-post-thumbnail","hentry","category-spolecnost"],"_links":{"self":[{"href":"https:\/\/www.invarena.cz\/index.php?rest_route=\/wp\/v2\/posts\/24100","targetHints":{"allow":["GET"]}}],"collection":[{"href":"https:\/\/www.invarena.cz\/index.php?rest_route=\/wp\/v2\/posts"}],"about":[{"href":"https:\/\/www.invarena.cz\/index.php?rest_route=\/wp\/v2\/types\/post"}],"author":[{"embeddable":true,"href":"https:\/\/www.invarena.cz\/index.php?rest_route=\/wp\/v2\/users\/1"}],"replies":[{"embeddable":true,"href":"https:\/\/www.invarena.cz\/index.php?rest_route=%2Fwp%2Fv2%2Fcomments&post=24100"}],"version-history":[{"count":0,"href":"https:\/\/www.invarena.cz\/index.php?rest_route=\/wp\/v2\/posts\/24100\/revisions"}],"wp:featuredmedia":[{"embeddable":true,"href":"https:\/\/www.invarena.cz\/index.php?rest_route=\/wp\/v2\/media\/1410"}],"wp:attachment":[{"href":"https:\/\/www.invarena.cz\/index.php?rest_route=%2Fwp%2Fv2%2Fmedia&parent=24100"}],"wp:term":[{"taxonomy":"category","embeddable":true,"href":"https:\/\/www.invarena.cz\/index.php?rest_route=%2Fwp%2Fv2%2Fcategories&post=24100"},{"taxonomy":"post_tag","embeddable":true,"href":"https:\/\/www.invarena.cz\/index.php?rest_route=%2Fwp%2Fv2%2Ftags&post=24100"}],"curies":[{"name":"wp","href":"https:\/\/api.w.org\/{rel}","templated":true}]}}