{"id":24127,"date":"2016-01-12T19:05:46","date_gmt":"2016-01-12T18:05:46","guid":{"rendered":"http:\/\/www.invarena.cz\/?p=24127"},"modified":"2016-01-12T19:05:46","modified_gmt":"2016-01-12T18:05:46","slug":"pribram-vypise-vyberove-rizeni-na-sefa-centra-socialnich-sluzeb","status":"publish","type":"post","link":"https:\/\/www.invarena.cz\/?p=24127","title":{"rendered":"P\u0159\u00edbram vyp\u00ed\u0161e v\u00fdb\u011brov\u00e9 \u0159\u00edzen\u00ed na \u0161\u00e9fa centra soci\u00e1ln\u00edch slu\u017eeb"},"content":{"rendered":"<p><strong>P\u0159\u00edbram vyp\u00ed\u0161e v\u00fdb\u011brov\u00e9 \u0159\u00edzen\u00ed na nov\u00e9ho \u0159editele centra soci\u00e1ln\u00edch a zdravotn\u00edch slu\u017eeb. Po odvol\u00e1n\u00ed Jitky \u0160perkov\u00e9 centrum do konce ledna do\u010dasn\u011b \u0159\u00edd\u00ed Du\u0161an Strakula, co\u017e kritizovala opozice. <\/strong><!--more--><\/p>\n<p>ilustra\u010dn\u00ed foto: PhotoRack<\/p>\n<p>Podle n\u00ed k tomu nem\u00e1 p\u0159edpoklady, veden\u00ed m\u011bsta to odm\u00edtalo. Radn\u00ed rozhodli, \u017ee v \u00fanoru a b\u0159eznu organizaci povede b\u00fdval\u00fd \u0159editel domova pro seniory Anton\u00edn Hejduk. St\u00e1l\u00fd \u0159editel vzejde z v\u00fdb\u011brov\u00e9ho \u0159\u00edzen\u00ed, kter\u00e9 bude organizovat person\u00e1ln\u00ed agentura, sd\u011blila mluv\u010d\u00ed radnice Pavl\u00edna Svobodov\u00e1.<\/p>\n<div class=\"rows\">\n<div class=\"leftCol\">\n<div id=\"textNews\" class=\"text\">\n<p>&#8222;Pan JUDr. Hejduk je jmenov\u00e1n na dobu dvou m\u011bs\u00edc\u016f, co\u017e je doba pot\u0159ebn\u00e1 k tomu, aby odborn\u00e1 agentura m\u011bla dostatek \u010dasu vybrat definitivn\u00edho \u0159editele. Tato agentura se v minulosti ji\u017e jednou osv\u011bd\u010dila, a to dob\u0159e zvl\u00e1dnut\u00fdm v\u00fdb\u011brov\u00fdm \u0159\u00edzen\u00edm na \u0159editele M\u011bstsk\u00fdch les\u016f P\u0159\u00edbram, s. s r.o.,&#8220; uvedl starosta Jind\u0159ich Va\u0159eka (ANO).<\/p>\n<p>Hejduk v minulosti vedl odbor soci\u00e1ln\u00edch v\u011bc\u00ed a zdravotnictv\u00ed p\u0159\u00edbramsk\u00e9ho m\u011bstsk\u00e9ho \u00fa\u0159adu, byl vedouc\u00edm \u00faseku administrativn\u011b spr\u00e1vn\u00edch \u010dinnost\u00ed a soci\u00e1ln\u00edch slu\u017eeb Centra Ro\u017emit\u00e1l pod T\u0159em\u0161\u00ednem a do lo\u0148sk\u00e9ho roku byl \u0159editelem Domova senior\u016f Maj\u00e1k P\u0159\u00edbram.<\/p>\n<p>Kv\u016fli zm\u011bn\u00e1m ve veden\u00ed centra soci\u00e1ln\u00edch a zdravotn\u00edch slu\u017eeb se v P\u0159\u00edbrami rozho\u0159el spor mezi opozic\u00ed a veden\u00edm m\u011bsta. N\u011bkter\u00fdm opozi\u010dn\u00edm zastupitel\u016fm se nel\u00edbilo anga\u017em\u00e1 Strakuly, kter\u00fd podle nich nem\u00e1 pro pr\u00e1ci odborn\u00e9 p\u0159edpoklady. Podle b\u00fdval\u00e9ho starosty za \u010cSSD Josefa \u0158ih\u00e1ka Strakula dostal funkci jako odm\u011bnu za pr\u00e1ci, kterou odvedl v komun\u00e1ln\u00edch volb\u00e1ch pro v\u00edt\u011bzn\u00e9 hnut\u00ed ANO. Starosta Jind\u0159ich Va\u0159eka (ANO) to odm\u00edtl a prohl\u00e1sil, \u017ee Strakula dostal \u0161anci d\u00edky schopnostem, kter\u00e9 prok\u00e1zal.<\/p>\n<p>P\u0159edchoz\u00ed \u0159editelka \u0160perkov\u00e1 podle Va\u0159eky nem\u011bla z\u00e1kladn\u00ed mana\u017eersk\u00e9 schopnosti. Ona tvrdila, \u017ee j\u00ed byl nyn\u00ed zru\u0161en pracovn\u00ed pom\u011br ve zku\u0161ebn\u00ed dob\u011b bez ud\u00e1n\u00ed d\u016fvod\u016f.<\/p>\n<\/div>\n<\/div>\n<\/div>\n","protected":false},"excerpt":{"rendered":"<div class=\"mh-excerpt\"><p>P\u0159\u00edbram vyp\u00ed\u0161e v\u00fdb\u011brov\u00e9 \u0159\u00edzen\u00ed na nov\u00e9ho \u0159editele centra soci\u00e1ln\u00edch a zdravotn\u00edch slu\u017eeb. Po odvol\u00e1n\u00ed Jitky \u0160perkov\u00e9 centrum do konce ledna do\u010dasn\u011b \u0159\u00edd\u00ed Du\u0161an Strakula, co\u017e <a class=\"mh-excerpt-more\" href=\"https:\/\/www.invarena.cz\/?p=24127\" title=\"P\u0159\u00edbram vyp\u00ed\u0161e v\u00fdb\u011brov\u00e9 \u0159\u00edzen\u00ed na \u0161\u00e9fa centra soci\u00e1ln\u00edch slu\u017eeb\">[&#8230;]<\/a><\/p>\n<\/div>","protected":false},"author":1,"featured_media":18085,"comment_status":"open","ping_status":"closed","sticky":false,"template":"","format":"standard","meta":{"footnotes":""},"categories":[6],"tags":[],"class_list":["post-24127","post","type-post","status-publish","format-standard","has-post-thumbnail","hentry","category-politika"],"_links":{"self":[{"href":"https:\/\/www.invarena.cz\/index.php?rest_route=\/wp\/v2\/posts\/24127","targetHints":{"allow":["GET"]}}],"collection":[{"href":"https:\/\/www.invarena.cz\/index.php?rest_route=\/wp\/v2\/posts"}],"about":[{"href":"https:\/\/www.invarena.cz\/index.php?rest_route=\/wp\/v2\/types\/post"}],"author":[{"embeddable":true,"href":"https:\/\/www.invarena.cz\/index.php?rest_route=\/wp\/v2\/users\/1"}],"replies":[{"embeddable":true,"href":"https:\/\/www.invarena.cz\/index.php?rest_route=%2Fwp%2Fv2%2Fcomments&post=24127"}],"version-history":[{"count":0,"href":"https:\/\/www.invarena.cz\/index.php?rest_route=\/wp\/v2\/posts\/24127\/revisions"}],"wp:featuredmedia":[{"embeddable":true,"href":"https:\/\/www.invarena.cz\/index.php?rest_route=\/wp\/v2\/media\/18085"}],"wp:attachment":[{"href":"https:\/\/www.invarena.cz\/index.php?rest_route=%2Fwp%2Fv2%2Fmedia&parent=24127"}],"wp:term":[{"taxonomy":"category","embeddable":true,"href":"https:\/\/www.invarena.cz\/index.php?rest_route=%2Fwp%2Fv2%2Fcategories&post=24127"},{"taxonomy":"post_tag","embeddable":true,"href":"https:\/\/www.invarena.cz\/index.php?rest_route=%2Fwp%2Fv2%2Ftags&post=24127"}],"curies":[{"name":"wp","href":"https:\/\/api.w.org\/{rel}","templated":true}]}}