{"id":24149,"date":"2016-01-13T13:39:40","date_gmt":"2016-01-13T12:39:40","guid":{"rendered":"http:\/\/www.invarena.cz\/?p=24149"},"modified":"2016-01-13T13:39:40","modified_gmt":"2016-01-13T12:39:40","slug":"ustavni-soud-se-zastal-otce-dvou-deti-srazenych-na-prechodu","status":"publish","type":"post","link":"https:\/\/www.invarena.cz\/?p=24149","title":{"rendered":"\u00dastavn\u00ed soud se zastal otce dvou d\u011bt\u00ed sra\u017een\u00fdch na p\u0159echodu"},"content":{"rendered":"<p>\u00dastavn\u00ed soud (\u00daS) se dnes zastal otce dvou d\u011bt\u00ed sra\u017een\u00fdch na p\u0159echodu v Brn\u011b. Podle verdiktu brn\u011bnsk\u00fdch soud\u016f nesl otec pades\u00e1tiprocentn\u00ed zodpov\u011bdnost za tragick\u00fd n\u00e1sledek, proto\u017ee zanedbal dohled a nevedl d\u011bti za ruku.<!--more--><\/p>\n<p>&nbsp;<\/p>\n<p>Proto justice zkr\u00e1tila na polovinu n\u00e1rok na od\u0161kodn\u011bn\u00ed od \u0159idi\u010de. Podle \u00fastavn\u00edch soudc\u016f je v\u0161ak pr\u00e1vem rodi\u010d\u016f vychov\u00e1vat d\u011bti k samostatnosti a po\u017eadavky na m\u00edru dohledu nemohou b\u00fdt p\u0159ehnan\u011b p\u0159\u00edsn\u00e9. Nyn\u00ed se kauza vr\u00e1t\u00ed M\u011bstsk\u00e9mu soudu v Brn\u011b, kter\u00fd ji \u010d\u00e1ste\u010dn\u011b znovu projedn\u00e1 a zv\u00e1\u017e\u00ed, zda o n\u00e1hrad\u011b bude nad\u00e1le rozhodovat trestn\u00ed, anebo civiln\u00ed soud.<\/p>\n<div class=\"rows\">\n<div class=\"leftCol\">\n<div id=\"textNews\" class=\"text\">\n<p>Podle \u00fastavn\u00edch soudc\u016f u\u017e skute\u010dn\u011b pominuly \u010dasy D\u011bt\u00ed z Bullerbynu nebo Honz\u00edkovy cesty, kdy mal\u00e9 d\u011bti samy chodily do vzd\u00e1len\u00e9 \u0161koly, p\u0159\u00edpadn\u011b t\u0159eba jezdily bez dozoru vlakem. To v\u0161ak neznamen\u00e1, \u017ee nyn\u00ed mus\u00ed stoprocentn\u011b p\u0159ev\u00e1\u017eit ochranitelsk\u00fd p\u0159\u00edstup. V\u011bt\u0161\u00ed bezpe\u010d\u00ed mo\u017en\u00e1 d\u011btem zajist\u00ed to, kdy\u017e budou co nejd\u0159\u00edve samostatn\u00e9, ne\u017e kdy\u017e je budou rodi\u010de st\u00e1le chr\u00e1nit, nazna\u010dil soud v n\u00e1lezu.<\/p>\n<p>&#8222;Protektivn\u00ed v\u00fdchova nemus\u00ed b\u00fdt v\u017edycky to nejlep\u0161\u00ed pro ochranu d\u011bt\u00ed. Skute\u010dn\u011b v okam\u017eiku, kdy m\u00e1me nep\u0159im\u011b\u0159en\u00e9 po\u017eadavky v t\u00e9to oblasti, tak zasahujeme do svobody d\u011bt\u00ed a do svobody rodi\u010d\u016f zvolit svobodn\u00fd zp\u016fsob v\u00fdchovy,&#8220; \u0159ekla novin\u00e1\u0159\u016fm soudkyn\u011b zpravodajka Kate\u0159ina \u0160im\u00e1\u010dkov\u00e1.<\/p>\n<p>Zodpov\u011bdnost \u010dlov\u011bka vykon\u00e1vaj\u00edc\u00edho dohled nad d\u011btmi podle \u0160im\u00e1\u010dkov\u00e9 nem\u016f\u017ee b\u00fdt absolutn\u00ed, co\u017e plat\u00ed pro rodi\u010de i profese spojen\u00e9 s v\u00fdchovou a volno\u010dasov\u00fdmi aktivitami d\u011bt\u00ed. &#8222;Takto intenzivn\u00ed dohled by vedl ke zna\u010dn\u00e9 ztr\u00e1t\u011b svobody d\u011bt\u00ed, a v d\u016fsledku i jejich radosti ze \u017eivota. Jejich mo\u017enost podstupovat dobrodru\u017en\u00e9 \u010dinnosti a b\u00fdt samostatn\u00e9 by byla zna\u010dn\u011b omezena,&#8220; stoj\u00ed v n\u00e1lezu.<\/p>\n<p>V p\u0159ezkoum\u00e1van\u00e9 kauze \u0161ly d\u00edvky po p\u0159echodu v doprovodu otce a chovaly se p\u0159im\u011b\u0159en\u00fdm zp\u016fsobem. Kdy\u017e je srazilo osobn\u00ed auto, u\u017e byly na p\u0159echodu p\u011bt vte\u0159in. Ne\u0161lo tedy o situaci, \u017ee by &#8222;sko\u010dily&#8220; p\u0159\u00edmo pod auto a \u0159idi\u010d by nebyl schopen na takovou situaci reagovat, uvedla \u0160im\u00e1\u010dkov\u00e1.<\/p>\n<p>Rodi\u010de s d\u011btmi figuruj\u00ed jako po\u0161kozen\u00ed v trestn\u00edm \u0159\u00edzen\u00ed s \u0159idi\u010dem. M\u011bstsk\u00fd soud \u0161of\u00e9rovi ulo\u017eil za t\u011b\u017ek\u00e9 ubl\u00ed\u017een\u00ed na zdrav\u00ed 20 m\u011bs\u00edc\u016f v\u011bzen\u00ed s podm\u00edn\u011bn\u00fdm odkladem na 30 m\u011bs\u00edc\u016f. Mu\u017e se z\u00fa\u010dastnil dne\u0161n\u00edho vyhl\u00e1\u0161en\u00ed n\u00e1lezu, s novin\u00e1\u0159i v\u0161ak hovo\u0159it necht\u011bl, stejn\u011b jako jeho advok\u00e1t. Rodina dnes u soudu \u017e\u00e1dn\u00e9ho z\u00e1stupce nem\u011bla.<\/p>\n<p>D\u011bti utrp\u011bly z\u00e1va\u017en\u00e1 zran\u011bn\u00ed, jedno m\u00e1 n\u00e1sledky na cel\u00fd \u017eivot. Rodina v trestn\u00edm \u0159\u00edzen\u00ed po\u017eadovala n\u00e1hradu majetkov\u00e9 i nemajetkov\u00e9 \u00fajmy. M\u011bstsk\u00fd soud jim p\u0159iznal n\u00e1hradu \u0161kody a bolestn\u00e9ho, ov\u0161em po\u017eadovan\u00e9 \u010d\u00e1stky zkr\u00e1til o 50 procent kv\u016fli \u00fadajn\u011b polovi\u010dn\u00ed spoluzodpov\u011bdnosti otce d\u011bt\u00ed.<\/p>\n<p>Dosud p\u0159iznan\u00e1 \u010d\u00e1stka v sou\u010dtu m\u00edrn\u011b p\u0159es\u00e1hla 280.000 korun. S druhou polovinou uplatn\u011bn\u00e9ho n\u00e1roku pak m\u011bstsk\u00fd soud rodinu odk\u00e1zal na civiln\u00ed \u0159\u00edzen\u00ed. Pr\u00e1v\u011b tento v\u00fdrok dnes \u00daS zru\u0161il. Nyn\u00ed z\u00e1le\u017e\u00ed na m\u011bstsk\u00e9m soudu, jak bude d\u00e1le postupovat. M\u011bl by v\u0161ak p\u0159i tom respektovat stanovisko \u00fastavn\u00edch soudc\u016f a p\u0159inejmen\u0161\u00edm sv\u016fj postup mnohem l\u00e9pe od\u016fvodnit.<\/p>\n<\/div>\n<\/div>\n<\/div>\n","protected":false},"excerpt":{"rendered":"<div class=\"mh-excerpt\"><p>\u00dastavn\u00ed soud (\u00daS) se dnes zastal otce dvou d\u011bt\u00ed sra\u017een\u00fdch na p\u0159echodu v Brn\u011b. Podle verdiktu brn\u011bnsk\u00fdch soud\u016f nesl otec pades\u00e1tiprocentn\u00ed zodpov\u011bdnost za tragick\u00fd n\u00e1sledek, <a class=\"mh-excerpt-more\" href=\"https:\/\/www.invarena.cz\/?p=24149\" title=\"\u00dastavn\u00ed soud se zastal otce dvou d\u011bt\u00ed sra\u017een\u00fdch na p\u0159echodu\">[&#8230;]<\/a><\/p>\n<\/div>","protected":false},"author":1,"featured_media":0,"comment_status":"open","ping_status":"closed","sticky":false,"template":"","format":"standard","meta":{"footnotes":""},"categories":[9],"tags":[],"class_list":["post-24149","post","type-post","status-publish","format-standard","hentry","category-zpravy"],"_links":{"self":[{"href":"https:\/\/www.invarena.cz\/index.php?rest_route=\/wp\/v2\/posts\/24149","targetHints":{"allow":["GET"]}}],"collection":[{"href":"https:\/\/www.invarena.cz\/index.php?rest_route=\/wp\/v2\/posts"}],"about":[{"href":"https:\/\/www.invarena.cz\/index.php?rest_route=\/wp\/v2\/types\/post"}],"author":[{"embeddable":true,"href":"https:\/\/www.invarena.cz\/index.php?rest_route=\/wp\/v2\/users\/1"}],"replies":[{"embeddable":true,"href":"https:\/\/www.invarena.cz\/index.php?rest_route=%2Fwp%2Fv2%2Fcomments&post=24149"}],"version-history":[{"count":0,"href":"https:\/\/www.invarena.cz\/index.php?rest_route=\/wp\/v2\/posts\/24149\/revisions"}],"wp:attachment":[{"href":"https:\/\/www.invarena.cz\/index.php?rest_route=%2Fwp%2Fv2%2Fmedia&parent=24149"}],"wp:term":[{"taxonomy":"category","embeddable":true,"href":"https:\/\/www.invarena.cz\/index.php?rest_route=%2Fwp%2Fv2%2Fcategories&post=24149"},{"taxonomy":"post_tag","embeddable":true,"href":"https:\/\/www.invarena.cz\/index.php?rest_route=%2Fwp%2Fv2%2Ftags&post=24149"}],"curies":[{"name":"wp","href":"https:\/\/api.w.org\/{rel}","templated":true}]}}