{"id":24156,"date":"2016-01-13T23:27:15","date_gmt":"2016-01-13T22:27:15","guid":{"rendered":"http:\/\/www.invarena.cz\/?p=24156"},"modified":"2016-01-13T23:27:15","modified_gmt":"2016-01-13T22:27:15","slug":"policie-patra-po-fantomovi-nemocnic-pomoci-muze-verejnost","status":"publish","type":"post","link":"https:\/\/www.invarena.cz\/?p=24156","title":{"rendered":"Policie p\u00e1tr\u00e1 po &#8222;fantomovi nemocnic&#8220;, pomoci m\u016f\u017ee ve\u0159ejnost"},"content":{"rendered":"<p>Pra\u017e\u0161t\u00ed kriminalist\u00e9 ji\u017e del\u0161\u00ed dobu p\u00e1traj\u00ed po mu\u017ei, kter\u00fd podle nich opakovan\u011b vykradl sesterny a kancel\u00e1\u0159e nemocnic v hlavn\u00edm m\u011bst\u011b. Podez\u0159el\u00e9ho sice zachytily bezpe\u010dnostn\u00ed kamery, jeho toto\u017enost ale dosud nen\u00ed zn\u00e1ma. <!--more--><\/p>\n<p>Policie proto dnes na webu zve\u0159ejnila n\u011bkolik z\u00e1b\u011br\u016f &#8222;fantoma nemocnic&#8220; a \u017e\u00e1d\u00e1 ve\u0159ejnost o pomoc p\u0159i p\u00e1tr\u00e1n\u00ed.<\/p>\n<p>Kriminalist\u00e9 maj\u00ed zdokumentov\u00e1no sedm kr\u00e1de\u017e\u00ed, kter\u00fdch se m\u011bl mu\u017e dopustit. Posledn\u00ed p\u0159\u00edpad je z konce lo\u0148sk\u00e9ho \u0159\u00edjna, zat\u00edmco nejstar\u0161\u00ed poch\u00e1z\u00ed u\u017e z roku 2008. Podle policejn\u00ed mluv\u010d\u00ed Ivety Mart\u00ednkov\u00e9 nelze vylou\u010dit, \u017ee podez\u0159el\u00fd m\u00e1 na sv\u011bdom\u00ed v\u00edce p\u0159\u00edpad\u016f, kter\u00e9 se mohly st\u00e1t i mimo Prahu. Jeho po\u010d\u00edn\u00e1n\u00ed je ka\u017edop\u00e1dn\u011b u\u017e nyn\u00ed kvalifikov\u00e1no jako trestn\u00fd \u010din kr\u00e1de\u017e a neopr\u00e1vn\u011bn\u00e9 opat\u0159en\u00ed, pad\u011bl\u00e1n\u00ed a pozm\u011bn\u011bn\u00ed platebn\u00edho prost\u0159edku.<\/p>\n<p>Mu\u017e vyu\u017e\u00edval ke kr\u00e1de\u017e\u00edm chvil, kdy nemocni\u010dn\u00ed person\u00e1l zam\u011bstn\u00e1vala p\u00e9\u010de o pacienty. Z kancel\u00e1\u0159\u00ed a pokoj\u016f zdravotn\u00edk\u016f pak odcizil v\u0161echny hodnotn\u00e9 osobn\u00ed v\u011bci. &#8222;V jednom p\u0159\u00edpad\u011b ho dokonce sest\u0159i\u010dky p\u0159istihly pr\u00e1v\u011b v okam\u017eiku, kdy i s jejich osobn\u00edmi v\u011bcmi vych\u00e1zel ze sesterny. Ne\u017e se v\u0161ak stihly vzpamatovat, podez\u0159el\u00fd z nemocnice utekl,&#8220; uvedla Mart\u00ednkov\u00e1.<\/p>\n<p>P\u00e1tr\u00e1n\u00ed po identit\u011b pravd\u011bpodobn\u00e9ho pachatele bylo dosud bezv\u00fdsledn\u00e9. Policie proto dnes na sv\u016fj web um\u00edstila n\u011bkolik fotografi\u00ed z bezpe\u010dnostn\u00edch kamer a douf\u00e1, \u017ee n\u011bkdo nezn\u00e1m\u00e9ho mu\u017ee pozn\u00e1. Jak\u00e9koliv informace o mo\u017en\u00e9 identit\u011b &#8222;fantoma nemocnic&#8220; p\u0159ijmou policist\u00e9 na t\u00eds\u0148ov\u00e9 lince 158.<\/p>\n","protected":false},"excerpt":{"rendered":"<div class=\"mh-excerpt\"><p>Pra\u017e\u0161t\u00ed kriminalist\u00e9 ji\u017e del\u0161\u00ed dobu p\u00e1traj\u00ed po mu\u017ei, kter\u00fd podle nich opakovan\u011b vykradl sesterny a kancel\u00e1\u0159e nemocnic v hlavn\u00edm m\u011bst\u011b. Podez\u0159el\u00e9ho sice zachytily bezpe\u010dnostn\u00ed kamery, <a class=\"mh-excerpt-more\" href=\"https:\/\/www.invarena.cz\/?p=24156\" title=\"Policie p\u00e1tr\u00e1 po &#8222;fantomovi nemocnic&#8220;, pomoci m\u016f\u017ee ve\u0159ejnost\">[&#8230;]<\/a><\/p>\n<\/div>","protected":false},"author":1,"featured_media":0,"comment_status":"open","ping_status":"closed","sticky":false,"template":"","format":"standard","meta":{"footnotes":""},"categories":[9],"tags":[],"class_list":["post-24156","post","type-post","status-publish","format-standard","hentry","category-zpravy"],"_links":{"self":[{"href":"https:\/\/www.invarena.cz\/index.php?rest_route=\/wp\/v2\/posts\/24156","targetHints":{"allow":["GET"]}}],"collection":[{"href":"https:\/\/www.invarena.cz\/index.php?rest_route=\/wp\/v2\/posts"}],"about":[{"href":"https:\/\/www.invarena.cz\/index.php?rest_route=\/wp\/v2\/types\/post"}],"author":[{"embeddable":true,"href":"https:\/\/www.invarena.cz\/index.php?rest_route=\/wp\/v2\/users\/1"}],"replies":[{"embeddable":true,"href":"https:\/\/www.invarena.cz\/index.php?rest_route=%2Fwp%2Fv2%2Fcomments&post=24156"}],"version-history":[{"count":0,"href":"https:\/\/www.invarena.cz\/index.php?rest_route=\/wp\/v2\/posts\/24156\/revisions"}],"wp:attachment":[{"href":"https:\/\/www.invarena.cz\/index.php?rest_route=%2Fwp%2Fv2%2Fmedia&parent=24156"}],"wp:term":[{"taxonomy":"category","embeddable":true,"href":"https:\/\/www.invarena.cz\/index.php?rest_route=%2Fwp%2Fv2%2Fcategories&post=24156"},{"taxonomy":"post_tag","embeddable":true,"href":"https:\/\/www.invarena.cz\/index.php?rest_route=%2Fwp%2Fv2%2Ftags&post=24156"}],"curies":[{"name":"wp","href":"https:\/\/api.w.org\/{rel}","templated":true}]}}