{"id":24213,"date":"2016-01-18T13:44:29","date_gmt":"2016-01-18T12:44:29","guid":{"rendered":"http:\/\/www.invarena.cz\/?p=24213"},"modified":"2016-01-18T13:44:29","modified_gmt":"2016-01-18T12:44:29","slug":"lide-v-dome-odmitli-plosinu-pro-vozickare-nemocny-muz-se-musi-stehovat","status":"publish","type":"post","link":"https:\/\/www.invarena.cz\/?p=24213","title":{"rendered":"Lid\u00e9 v dom\u011b odm\u00edtli plo\u0161inu pro voz\u00ed\u010dk\u00e1\u0159e, nemocn\u00fd mu\u017e se mus\u00ed st\u011bhovat"},"content":{"rendered":"<p><strong>Nesouhlas soused\u016f s plo\u0161inou pro voz\u00ed\u010dk\u00e1\u0159e zkomplikoval Viktoru Chaloupkovi z Ostravy \u017eivot. Mu\u017e trp\u00ed roztrou\u0161enou skler\u00f3zou, kv\u016fli nemoci se t\u00e9m\u011b\u0159 nem\u016f\u017ee pohybovat a schody z t\u0159et\u00edho patra jsou tak pro n\u011bj t\u00e9m\u011b\u0159 nep\u0159ekonatelnou p\u0159ek\u00e1\u017ekou.<\/strong> <!--more--><\/p>\n<p>Na vlastn\u00ed n\u00e1klady cht\u011bl proto v dom\u011b postavit plo\u0161inu, lid\u00e9 ji ale odm\u00edtli. Mu\u017e se tak bude muset z domu vyst\u011bhovat.<\/p>\n<p>Grafik Viktor Chaloupka nejprve p\u0159estal vid\u011bt na jedno oko, pozd\u011bji se p\u0159idala \u00fanava a probl\u00e9my s pohybem. Dnes je pro n\u011bj probl\u00e9m doj\u00edt z ob\u00fdv\u00e1ku do kuchyn\u011b. Vyj\u00edt schody do t\u0159et\u00edho patra mu trv\u00e1 dlouh\u00e9 minuty a roztrou\u0161en\u00e1 skler\u00f3za ho postupn\u011b upout\u00e1v\u00e1 na invalidn\u00ed voz\u00edk.<\/p>\n<p>Na vlastn\u00ed n\u00e1klady cht\u011bl proto v dom\u011b vybudovat plo\u0161inu. Z\u00edskat souhlas v\u011bt\u0161iny majitel\u016f ostatn\u00edch byt\u016f se ale uk\u00e1zalo jako probl\u00e9m. Z dvan\u00e1cti bylo \u0161est proti. P\u0159edsedkyn\u011b sdru\u017een\u00ed vlastn\u00edk\u016f d\u016fvody nesd\u011blila s t\u00edm, \u017ee na ot\u00e1zky odpov\u00ed a\u017e na pravideln\u00e9 sch\u016fzi.V sousedn\u00edm dom\u011b plo\u0161ina funguje<\/p>\n<p>Podle pana Chaloupky se n\u011bkte\u0159\u00ed soused\u00e9 ob\u00e1vali, \u017ee by plo\u0161ina naru\u0161ovala klid v dom\u011b a omezila prostory. V jednom z typov\u011b stejn\u00fdch sousedn\u00edch dom\u016f p\u0159itom plo\u0161inu maj\u00ed. Nikoho neomezuje a podle jej\u00edho majitele si na ni ani dosud nikdo nest\u011b\u017eoval. Pokud naopak lid\u00e9 nap\u0159\u00edklad pot\u0159ebuj\u00ed n\u011bco st\u011bhovat, majitel jim d\u00e1 plo\u0161inu k dispozici.<\/p>\n<p>S podobn\u00fdmi probl\u00e9my se lid\u00e9 obracej\u00ed na N\u00e1rodn\u00ed radu osob se zdravotn\u00edm posti\u017een\u00edm. V tomto p\u0159\u00edpad\u011b ale \u017e\u00e1dn\u00e1 pomoc nen\u00ed. V\u0161e z\u00e1le\u017e\u00ed jen na v\u016fli soused\u016f. &#8222;Lid\u00e9 by si m\u011bli uv\u011bdomit, \u017ee z\u00edtra mohou b\u00fdt v pozici dan\u00e9ho \u010dlov\u011bka oni,&#8220; poznamenal p\u0159edseda Moravskoslezsk\u00e9 krajsk\u00e9 rady pro osoby ze zdravotn\u00edm posti\u017een\u00edm Radim Kozlovsk\u00fd.<\/p>\n<p>Viktor Chaloupka bojoval o plo\u0161inu dva roky. S rodinou se nakonec rozhodl odst\u011bhovat do domu, kde je v\u00fdtah.<\/p>\n<p>\u010ct24<\/p>\n","protected":false},"excerpt":{"rendered":"<div class=\"mh-excerpt\"><p>Nesouhlas soused\u016f s plo\u0161inou pro voz\u00ed\u010dk\u00e1\u0159e zkomplikoval Viktoru Chaloupkovi z Ostravy \u017eivot. Mu\u017e trp\u00ed roztrou\u0161enou skler\u00f3zou, kv\u016fli nemoci se t\u00e9m\u011b\u0159 nem\u016f\u017ee pohybovat a schody z <a class=\"mh-excerpt-more\" href=\"https:\/\/www.invarena.cz\/?p=24213\" title=\"Lid\u00e9 v dom\u011b odm\u00edtli plo\u0161inu pro voz\u00ed\u010dk\u00e1\u0159e, nemocn\u00fd mu\u017e se mus\u00ed st\u011bhovat\">[&#8230;]<\/a><\/p>\n<\/div>","protected":false},"author":1,"featured_media":4060,"comment_status":"open","ping_status":"closed","sticky":false,"template":"","format":"standard","meta":{"footnotes":""},"categories":[9],"tags":[],"class_list":["post-24213","post","type-post","status-publish","format-standard","has-post-thumbnail","hentry","category-zpravy"],"_links":{"self":[{"href":"https:\/\/www.invarena.cz\/index.php?rest_route=\/wp\/v2\/posts\/24213","targetHints":{"allow":["GET"]}}],"collection":[{"href":"https:\/\/www.invarena.cz\/index.php?rest_route=\/wp\/v2\/posts"}],"about":[{"href":"https:\/\/www.invarena.cz\/index.php?rest_route=\/wp\/v2\/types\/post"}],"author":[{"embeddable":true,"href":"https:\/\/www.invarena.cz\/index.php?rest_route=\/wp\/v2\/users\/1"}],"replies":[{"embeddable":true,"href":"https:\/\/www.invarena.cz\/index.php?rest_route=%2Fwp%2Fv2%2Fcomments&post=24213"}],"version-history":[{"count":0,"href":"https:\/\/www.invarena.cz\/index.php?rest_route=\/wp\/v2\/posts\/24213\/revisions"}],"wp:featuredmedia":[{"embeddable":true,"href":"https:\/\/www.invarena.cz\/index.php?rest_route=\/wp\/v2\/media\/4060"}],"wp:attachment":[{"href":"https:\/\/www.invarena.cz\/index.php?rest_route=%2Fwp%2Fv2%2Fmedia&parent=24213"}],"wp:term":[{"taxonomy":"category","embeddable":true,"href":"https:\/\/www.invarena.cz\/index.php?rest_route=%2Fwp%2Fv2%2Fcategories&post=24213"},{"taxonomy":"post_tag","embeddable":true,"href":"https:\/\/www.invarena.cz\/index.php?rest_route=%2Fwp%2Fv2%2Ftags&post=24213"}],"curies":[{"name":"wp","href":"https:\/\/api.w.org\/{rel}","templated":true}]}}