{"id":24251,"date":"2016-01-28T23:36:16","date_gmt":"2016-01-28T22:36:16","guid":{"rendered":"http:\/\/www.invarena.cz\/?p=24251"},"modified":"2016-01-28T23:36:16","modified_gmt":"2016-01-28T22:36:16","slug":"jsem-neslysici-a-mam-dalsi-zdravotni-potize-jsem-invalidou","status":"publish","type":"post","link":"https:\/\/www.invarena.cz\/?p=24251","title":{"rendered":"Jsem nesly\u0161\u00edc\u00ed a m\u00e1m dal\u0161\u00ed zdravotn\u00ed pot\u00ed\u017ee. Jsem invalidou?"},"content":{"rendered":"<p><strong>Dotaz:<\/strong><br \/>\n<strong> Jsem invalida, kdy\u017e na lev\u00e9 ucho nesly\u0161\u00edm 100% na prav\u00e9 75%. M\u00e1m tak\u00e9 rozedmu plic a prod\u011blala jsem mrtvi\u010dku s men\u0161\u00edmi n\u00e1sledky (nejde mi ps\u00e1t pravou rukou, jsem nezorientovan\u00e1 a bez man\u017eela nem\u016f\u017eu j\u00edt nakoupit, proto\u017ee \u0161patn\u011b mluv\u00edm. Nen\u00ed mi n\u011bkdy rozum\u011bt, ale nen\u00ed to v\u017edy.) M\u00e1m je\u0161t\u011b artr\u00f3zu, regmatismus, mnoh\u00e9 operace po kter\u00fdch m\u00e1m n\u00e1sledky. V\u0161e mi zam\u00edtli. Pr\u016fkazku ZTP ani \u017e\u00e1dn\u00e9 pen\u00edze mi nedaj\u00ed, proto\u017ee se doma m\u016f\u017eu orientovat, \u017ee jsem schopna v\u0161eho, ale to nen\u00ed pravda. Zapom\u00edn\u00e1m, \u017ee va\u0159\u00edm d\u011bl\u00e1m mnoho chyb, kter\u00e9 by norm\u00e1ln\u00ed \u010dlov\u011bk ned\u011blal.<\/strong><br \/>\n<!--more--><br \/>\n<strong>Odpov\u011b\u010f:<\/strong><br \/>\nPokud vezmeme z hlediska L\u00e9ka\u0159sk\u00e9 posudkov\u00e9 slu\u017eby \u010cSSZ asi nejt\u011b\u017e\u0161\u00ed Va\u0161e posti\u017een\u00ed, kter\u00fdm je V\u00e1\u0161 sluch, mohla byste m\u00edt na invalidn\u00ed d\u016fchod n\u00e1rok:<br \/>\nM\u00edra poklesu pracovn\u00ed schopnosti v %<br \/>\n1<br \/>\nOboustrann\u00e1 praktick\u00e1 hluchota<br \/>\nztr\u00e1ta sluchu p\u0159i t\u00f3nov\u00e9 audiometrii v rozsahu 70-90 dB, zbytkov\u00fd sluch se ztr\u00e1tou sly\u0161en\u00ed 85-90%,<br \/>\nsluchov\u011b posti\u017een\u00fd je schopen vn\u00edmat zvuk mluven\u00e9 \u0159e\u010di jen se sluchadlem, ale rozum\u00ed mu jen minim\u00e1ln\u011b (z 10-15%)<br \/>\n40<br \/>\n2<br \/>\nOboustrann\u00e1 \u00fapln\u00e1 hluchota<br \/>\nneschopnost sly\u0161et zvuky a rozum\u011bt \u0159e\u010di ani s nejv\u00fdkonn\u011bj\u0161\u00edm sluchadlem<br \/>\n50-60<br \/>\n3<br \/>\nOboustrann\u00e1 \u00fapln\u00e1 nebo praktick\u00e1 hluchota,<br \/>\nse z\u00e1va\u017en\u00fdm posti\u017een\u00edm intelektu nebo zraku na \u00farovni t\u011b\u017ek\u00e9 slabozrakosti obou o\u010d\u00ed<br \/>\n70-80<br \/>\n4<br \/>\nHluchota s poruchami komunikace po implantaci kochle\u00e1rn\u00ed nebo kmenov\u00e9 neuroprot\u00e9zy (kmenov\u00fd implant\u00e1t)<\/p>\n<p>4a<br \/>\nschopnost rozum\u011bn\u00ed \u0159e\u010di bez odez\u00edr\u00e1n\u00ed, telefonov\u00e1n\u00ed, komunikace na \u00farovni lehk\u00e9 nedosl\u00fdchavosti<br \/>\n15<br \/>\n4b<br \/>\nschopnost bez odez\u00edr\u00e1n\u00ed rozum\u011bt b\u011b\u017en\u00fdm fr\u00e1z\u00edm a frekventovan\u00fdm slovn\u00edm spojen\u00edm, identifikovat obecn\u00e9 zvuky, komunikace na \u00farovni st\u0159edn\u011b t\u011b\u017ek\u00e9 a\u017e t\u011b\u017ek\u00e9 nedosl\u00fdchavosti, podle rozsahu poruchy<br \/>\n20-35<br \/>\n4c<br \/>\ndiferenciace jen obecn\u00fdch zvuk\u016f, detekce zvuku, minim\u00e1ln\u00ed rozum\u011bn\u00ed \u0159e\u010di, komunikace na \u00farovni praktick\u00e9 hluchoty nebo neschopnost sly\u0161et zvuky a rozum\u011bt \u0159e\u010di, komunikace na \u00farovni \u00fapln\u00e9 hluchoty, podle rozsahu poruchy<br \/>\n40-60<br \/>\n5<br \/>\nOboustrann\u00e1 t\u011b\u017ek\u00e1 nedosl\u00fdchavost<br \/>\nztr\u00e1ta sluchu v rozsahu 56-69 dB, ztr\u00e1ta sly\u0161en\u00ed 65-84%<\/p>\n<p>LPS d\u00e1le k nejt\u011b\u017e\u0161\u00edmu posti\u017een\u00ed m\u016f\u017ee p\u0159i\u010d\u00edst je\u0161t\u011b dal\u0161\u00edch 10% poklesu pracovn\u00ed schopnosti, co\u017e by Ve Va\u0161em p\u0159\u00edpad\u011b m\u011bla jist\u011b ud\u011blat. M\u011bla byste pak dos\u00e1hnout minim\u00e1ln\u011b na prvn\u00ed, ale mo\u017en\u00e1 i druh\u00fd stupe\u0148 invalidn\u00edho d\u016fchodu.<br \/>\nPoji\u0161t\u011bnec je invalidn\u00ed, jestli\u017ee z d\u016fvodu dlouhodob\u011b nep\u0159\u00edzniv\u00e9ho zdravotn\u00edho stavu nastal pokles jeho pracovn\u00ed schopnosti nejm\u00e9n\u011b o 35 %.<br \/>\nJestli\u017ee pracovn\u00ed schopnost poji\u0161t\u011bnce poklesla<br \/>\na. nejm\u00e9n\u011b o 35 %, av\u0161ak nejv\u00edce o 49 %, jedn\u00e1 se o invaliditu prvn\u00edho stupn\u011b,<br \/>\nb. nejm\u00e9n\u011b o 50 %, av\u0161ak nejv\u00edce o 69 %, jedn\u00e1 se o invaliditu druh\u00e9ho stupn\u011b,<br \/>\nc. nejm\u00e9n\u011b o 70 %, jedn\u00e1 se o invaliditu t\u0159et\u00edho stupn\u011b.<br \/>\nUr\u010dit\u011b si zkuste po\u017e\u00e1dat o invalidn\u00ed d\u016fchod znovu a v p\u0159\u00edpad\u011b zam\u00edtav\u00e9ho stanoviska se nev\u00e1hejte odvolat.<br \/>\nTak\u00e9 se nebojte d\u00e1le \u017e\u00e1dat o p\u0159\u00edsp\u011bvek na p\u00e9\u010di, minim\u00e1ln\u011b na prvn\u00ed stupe\u0148 byste mohla m\u00edt n\u00e1rok.<br \/>\nJe d\u016fle\u017eit\u00e9, aby V\u00e1m V\u00e1\u0161 o\u0161et\u0159uj\u00edc\u00ed l\u00e9ka\u0159 ud\u011blal v\u0161echna vy\u0161et\u0159en\u00ed, a abyste mu p\u0159\u00edpadn\u011b dodala v\u00fdsledky vy\u0161et\u0159en\u00ed od dal\u0161\u00edch specialist\u016f. On v\u0161e n\u00e1sledn\u011b za\u0161le na LPS \u010cSSZ.<\/p>\n<p>Ji\u0159\u00ed Marek<br \/>\ninvArena<\/p>\n","protected":false},"excerpt":{"rendered":"<div class=\"mh-excerpt\"><p>Dotaz: Jsem invalida, kdy\u017e na lev\u00e9 ucho nesly\u0161\u00edm 100% na prav\u00e9 75%. M\u00e1m tak\u00e9 rozedmu plic a prod\u011blala jsem mrtvi\u010dku s men\u0161\u00edmi n\u00e1sledky (nejde mi <a class=\"mh-excerpt-more\" href=\"https:\/\/www.invarena.cz\/?p=24251\" title=\"Jsem nesly\u0161\u00edc\u00ed a m\u00e1m dal\u0161\u00ed zdravotn\u00ed pot\u00ed\u017ee. Jsem invalidou?\">[&#8230;]<\/a><\/p>\n<\/div>","protected":false},"author":3,"featured_media":16054,"comment_status":"open","ping_status":"closed","sticky":false,"template":"","format":"standard","meta":{"footnotes":""},"categories":[18],"tags":[],"class_list":["post-24251","post","type-post","status-publish","format-standard","has-post-thumbnail","hentry","category-poradna"],"_links":{"self":[{"href":"https:\/\/www.invarena.cz\/index.php?rest_route=\/wp\/v2\/posts\/24251","targetHints":{"allow":["GET"]}}],"collection":[{"href":"https:\/\/www.invarena.cz\/index.php?rest_route=\/wp\/v2\/posts"}],"about":[{"href":"https:\/\/www.invarena.cz\/index.php?rest_route=\/wp\/v2\/types\/post"}],"author":[{"embeddable":true,"href":"https:\/\/www.invarena.cz\/index.php?rest_route=\/wp\/v2\/users\/3"}],"replies":[{"embeddable":true,"href":"https:\/\/www.invarena.cz\/index.php?rest_route=%2Fwp%2Fv2%2Fcomments&post=24251"}],"version-history":[{"count":0,"href":"https:\/\/www.invarena.cz\/index.php?rest_route=\/wp\/v2\/posts\/24251\/revisions"}],"wp:featuredmedia":[{"embeddable":true,"href":"https:\/\/www.invarena.cz\/index.php?rest_route=\/wp\/v2\/media\/16054"}],"wp:attachment":[{"href":"https:\/\/www.invarena.cz\/index.php?rest_route=%2Fwp%2Fv2%2Fmedia&parent=24251"}],"wp:term":[{"taxonomy":"category","embeddable":true,"href":"https:\/\/www.invarena.cz\/index.php?rest_route=%2Fwp%2Fv2%2Fcategories&post=24251"},{"taxonomy":"post_tag","embeddable":true,"href":"https:\/\/www.invarena.cz\/index.php?rest_route=%2Fwp%2Fv2%2Ftags&post=24251"}],"curies":[{"name":"wp","href":"https:\/\/api.w.org\/{rel}","templated":true}]}}