{"id":24255,"date":"2016-01-21T15:11:53","date_gmt":"2016-01-21T14:11:53","guid":{"rendered":"http:\/\/www.invarena.cz\/?p=24255"},"modified":"2016-01-21T15:11:53","modified_gmt":"2016-01-21T14:11:53","slug":"pozor-na-zavislost-u-senioru","status":"publish","type":"post","link":"https:\/\/www.invarena.cz\/?p=24255","title":{"rendered":"Pozor na z\u00e1vislost u senior\u016f!"},"content":{"rendered":"<p><strong>Centrum Advaita je z\u0159ejm\u011b jedin\u00e1 v republice, kter\u00e1 se zab\u00fdv\u00e1 z\u00e1vislost\u00ed u star\u0161\u00edch lid\u00ed<\/strong> <!--more--><\/p>\n<p>Liberec \u2013 Neusne va\u0161e babi\u010dka bez pr\u00e1\u0161ku na span\u00ed? A d\u011bda chod\u00ed n\u011bjak \u010dasto na pivo? Libereck\u00e1 Advaita varuje, \u017ee z\u00e1visl\u00fdm se m\u016f\u017eete st\u00e1t v jak\u00e9mkoli v\u011bku. Sv\u011bd\u010dila o tom \u017eiv\u00e1 debata, kter\u00e1 se v\u010dera odpoledne rozproudila v libereck\u00e9m st\u0159edisku Kontakt.<\/p>\n<p>&#8222;Nem\u00e1me \u017e\u00e1dn\u00e1 \u010d\u00edsla, ale st\u00e1le \u010dast\u011bji jsme dost\u00e1vali podn\u011bty p\u0159edev\u0161\u00edm z pobytov\u00fdch za\u0159\u00edzen\u00ed, kde pe\u010duj\u00ed o seniory. Z\u00e1vislost u star\u0161\u00edch lid\u00ed je probl\u00e9m, kter\u00fd dosud nikdo ne\u0159e\u0161il a v r\u00e1mci republiky jsme mo\u017en\u00e1 jedin\u00ed, kdo se jim zab\u00fdv\u00e1,&#8220; vysv\u011btlila Drahu\u0161e Tk\u00e1\u010dov\u00e1, kter\u00e1 pracuje jako adiktolog pro Centrum ambulantn\u00edch slu\u017eeb Advaita.<\/p>\n<p>Pilulky na span\u00ed nebo fr\u0165\u00e1nek?<\/p>\n<p>Jak d\u00e1le uv\u00e1d\u00ed, nej\u010dast\u011bj\u0161\u00edmi probl\u00e9my jsou l\u00e9ky, alkohol a kupodivu i gamblerstv\u00ed. &#8222;Ve st\u00e1\u0159\u00ed \u010dlov\u011bk \u0159e\u0161\u00ed spoustu probl\u00e9m\u016f, odchod bl\u00edzk\u00e9ho \u010dlov\u011bka, ztr\u00e1ta zam\u011bstn\u00e1n\u00ed, pak je snadn\u00e9 z\u00e1vislosti podlehnout,&#8220; varuje Tk\u00e1\u010dov\u00e1. A za pravdu j\u00ed d\u00e1vaj\u00ed p\u0159\u00edtomn\u00ed senio\u0159i. &#8222;J\u00e1 mysl\u00edm, \u017ee se to t\u00fdk\u00e1 hlavn\u011b \u017eensk\u00fdch,&#8220; odpov\u011bd\u011bl hlasit\u011b jeden z p\u0159\u00edtomn\u00fdch p\u00e1n\u016f na ot\u00e1zku, zda se \u010dlov\u011bk m\u016f\u017ee st\u00e1t alkoholikem i v pozdn\u00edm v\u011bku. I u z\u00fa\u010dastn\u011bn\u00fdch dam t\u00edm sice vzbudil salvu sm\u00edchu, v\u0161ichni si v\u0161ak uv\u011bdomuj\u00ed v\u00e1\u017enost t\u00e9matu.<\/p>\n<p>&#8222;P\u0159ed odchodem do d\u016fchodu je d\u016fle\u017eit\u00e9 si vybudovat vztahy, naj\u00edt kon\u00ed\u010dky,&#8220; vypr\u00e1v\u00ed star\u0161\u00ed mu\u017e, kter\u00fd, jak s\u00e1m p\u0159izn\u00e1v\u00e1, m\u011bl probl\u00e9my s alkoholem. &#8222;J\u00e1 z toho vlaku stihl vysko\u010dit. Kamar\u00e1di, kte\u0159\u00ed nestihli, u\u017e tady nejsou,&#8220; pokra\u010duje.<\/p>\n<p>Dvacet let na pr\u00e1\u0161c\u00edch<\/p>\n<p>&#8222;Je pravda, \u017ee z\u00e1vislosti zhor\u0161\u00ed kvalitu \u017eivota. Posti\u017een\u00fd \u010dlov\u011bk upoza\u010fuje rodinu, p\u0159\u00e1tele. Dost\u00e1v\u00e1 se s nimi do konfliktu. A samoz\u0159ejm\u011b se to odraz\u00ed i na zdravotn\u00edm stavu,&#8220; vysv\u011btluje Tk\u00e1\u010dov\u00e1, pro\u010d je probl\u00e9m tak v\u00e1\u017en\u00fd. Podle n\u00ed je d\u016fle\u017eit\u00e9 apelovat tak\u00e9 na l\u00e9ka\u0159e, aby hl\u00eddali, komu a co p\u0159edepisuj\u00ed. &#8222;M\u011bli jsme tady pan\u00ed, kter\u00e1 dvacet let u\u017e\u00edvala pr\u00e1\u0161ky na span\u00ed,&#8220; poznamenala. Podle n\u00ed se to t\u00fdk\u00e1 i l\u00e9k\u016f na bolest, ke kter\u00fdm se lid\u00e9 uchyluj\u00ed \u010dast\u011bji, ne\u017e by museli. &#8222;Mo\u017en\u00e1 za to m\u016f\u017ee trochu pohled typu, v\u017edy\u0165 u\u017e je to v tomhle v\u011bku jedno. Co\u017e je samoz\u0159ejm\u011b \u0161patn\u011b,&#8220; upozornila adiktolo\u017eka a dodala, \u017ee v p\u0159\u00edpad\u011b, kdy si n\u011bkdo v\u0161imne probl\u00e9m\u016f s n\u00e1vykov\u00fdmi l\u00e1tkami u sebe nebo sv\u00fdch bli\u017en\u00edch, m\u016f\u017ee se obr\u00e1tit pr\u00e1v\u011b na Advaitu.<\/p>\n<p>GABRIELA VOLN\u00c1 GARBOV\u00c1<br \/>\nJabloneck\u00fd den\u00edk<br \/>\n<a href=\"http:\/\/www.jablonecky.denik.cz\/\">http:\/\/www.jablonecky.denik.cz\/<\/a><\/p>\n","protected":false},"excerpt":{"rendered":"<div class=\"mh-excerpt\"><p>Centrum Advaita je z\u0159ejm\u011b jedin\u00e1 v republice, kter\u00e1 se zab\u00fdv\u00e1 z\u00e1vislost\u00ed u star\u0161\u00edch lid\u00ed<\/p>\n<\/div>","protected":false},"author":1,"featured_media":19372,"comment_status":"open","ping_status":"closed","sticky":false,"template":"","format":"standard","meta":{"footnotes":""},"categories":[9],"tags":[],"class_list":["post-24255","post","type-post","status-publish","format-standard","has-post-thumbnail","hentry","category-zpravy"],"_links":{"self":[{"href":"https:\/\/www.invarena.cz\/index.php?rest_route=\/wp\/v2\/posts\/24255","targetHints":{"allow":["GET"]}}],"collection":[{"href":"https:\/\/www.invarena.cz\/index.php?rest_route=\/wp\/v2\/posts"}],"about":[{"href":"https:\/\/www.invarena.cz\/index.php?rest_route=\/wp\/v2\/types\/post"}],"author":[{"embeddable":true,"href":"https:\/\/www.invarena.cz\/index.php?rest_route=\/wp\/v2\/users\/1"}],"replies":[{"embeddable":true,"href":"https:\/\/www.invarena.cz\/index.php?rest_route=%2Fwp%2Fv2%2Fcomments&post=24255"}],"version-history":[{"count":0,"href":"https:\/\/www.invarena.cz\/index.php?rest_route=\/wp\/v2\/posts\/24255\/revisions"}],"wp:featuredmedia":[{"embeddable":true,"href":"https:\/\/www.invarena.cz\/index.php?rest_route=\/wp\/v2\/media\/19372"}],"wp:attachment":[{"href":"https:\/\/www.invarena.cz\/index.php?rest_route=%2Fwp%2Fv2%2Fmedia&parent=24255"}],"wp:term":[{"taxonomy":"category","embeddable":true,"href":"https:\/\/www.invarena.cz\/index.php?rest_route=%2Fwp%2Fv2%2Fcategories&post=24255"},{"taxonomy":"post_tag","embeddable":true,"href":"https:\/\/www.invarena.cz\/index.php?rest_route=%2Fwp%2Fv2%2Ftags&post=24255"}],"curies":[{"name":"wp","href":"https:\/\/api.w.org\/{rel}","templated":true}]}}