{"id":24263,"date":"2016-01-22T11:05:20","date_gmt":"2016-01-22T10:05:20","guid":{"rendered":"http:\/\/www.invarena.cz\/?p=24263"},"modified":"2016-01-22T11:05:20","modified_gmt":"2016-01-22T10:05:20","slug":"personal-je-pro-reditelku-alzheimercentra-na-prvni-miste-klienti-jsou-pak-spokojenejsi","status":"publish","type":"post","link":"https:\/\/www.invarena.cz\/?p=24263","title":{"rendered":"Person\u00e1l je pro \u0159editelku alzheimercentra na prvn\u00ed m\u00edst\u011b. Klienti jsou pak spokojen\u011bj\u0161\u00ed"},"content":{"rendered":"<p><strong>Soukrom\u00e9 alzheimercentrum, kter\u00e9 vzniklo na konci roku 2014 v Jihlav\u011b, vede n\u011bkolik m\u011bs\u00edc\u016f mlad\u00e1 \u0159editelka L\u00fddie Charouzov\u00e1<\/strong> <!--more--><\/p>\n<p>Jihlava \u2013 Alzheimercentrum v Jihlav\u011b je po prvn\u00edm roce fungov\u00e1n\u00ed ze t\u0159\u00ed \u010dtvrtin obsazen\u00e9. Jeho \u0159editelkou je od lo\u0148sk\u00e9ho listopadu L\u00fddie Charouzov\u00e1, kter\u00e1 p\u0159edpokl\u00e1d\u00e1, \u017ee do \u00fanora leto\u0161n\u00edho roku by m\u011bl b\u00fdt domov pro lidi trp\u00edc\u00ed Alzheimerovou chorobou pln\u00fd.<\/p>\n<p>&#8222;Jsme jedno z nejmlad\u0161\u00edch center v r\u00e1mci cel\u00e9 s\u00edt\u011b alzheimercenter v \u010cesk\u00e9 republice a Slovensk\u00e9 republice. Na\u0161e kapacita je 95 klient\u016f, v tuto chv\u00edli m\u00e1me v centru 72 klient\u016f. \u017d\u00e1dosti o um\u00edst\u011bn\u00ed se hodn\u011b navy\u0161uj\u00ed,&#8220; popsala L\u00fddie Charouzov\u00e1 situaci kolem voln\u00fdch m\u00edst v centru.<\/p>\n<p>\u0158editelka za\u0159\u00edzen\u00ed vysv\u011btlila, co je pro ni prioritou. &#8222;Sna\u017e\u00edm se m\u00edt na prvn\u00edm m\u00edst\u011b klienta i person\u00e1l. Proto\u017ee person\u00e1l je ten, kv\u016fli kter\u00e9mu se klienti u n\u00e1s c\u00edt\u00ed dob\u0159e,&#8220; od\u016fvodnila svou filozofii Charouzov\u00e1. &#8222;Kdy\u017e budu pracovat ve \u0161roub\u00e1rn\u011b se \u0161roubky, tak t\u011bm je jedno, jestli je vyr\u00e1b\u00edm a jsem u toho na\u0161tvan\u00e1. Ale kdy\u017e se u n\u00e1s bude o klienta starat na\u0161tvan\u00fd person\u00e1l proto, \u017ee je nespokojen\u00fd, \u010di se \u010dty\u0159i dni po sob\u011b po\u0159\u00e1dn\u011b nevyspal, tak potom nebude p\u00e9\u010de o klienta dobr\u00e1,&#8220; dovysv\u011btlila \u0159editelka zp\u016fsob uva\u017eov\u00e1n\u00ed o pr\u00e1ci v centru.<\/p>\n<p>V centru \u017eij\u00ed lid\u00e9 s r\u016fzn\u00fdmi f\u00e1zemi demence. P\u00e9\u010de o n\u011b je rozd\u011blen\u00e1 mezi sestry, pe\u010dovatelky a ergoterapeutky. Posledn\u011b jmenovan\u00e9 zam\u011bstn\u00e1vaj\u00ed klienty ve voln\u00e9m \u010dase. Lid\u00e9 proto nap\u0159\u00edklad vyr\u00e1b\u011bj\u00ed nejr\u016fzn\u011bj\u0161\u00ed v\u011bci, maluj\u00ed nebo zp\u00edvaj\u00ed. &#8222;Co se t\u00fd\u010de pe\u010dovatelsk\u00e9 p\u00e9\u010de, tak na denn\u00ed sm\u011bn\u011b m\u00e1me deset pracovn\u00edk\u016f. Chceme, aby klienti byli maxim\u00e1ln\u011b ope\u010dov\u00e1v\u00e1ni,&#8220; poznamenala \u0159editelka Charouzov\u00e1. Den pobytu v za\u0159\u00edzen\u00ed vyjde na 490 korun. M\u011bs\u00ed\u010dn\u011b proto klienti, respektive jejich bl\u00edzc\u00ed, zaplat\u00ed za pobyt v jihlavsk\u00e9m alzheimercentru p\u0159es patn\u00e1ct tis\u00edc korun. Starobn\u00ed d\u016fchody klient\u016f proto ve v\u011bt\u0161in\u011b p\u0159\u00edpad\u016f na pobyt nesta\u010d\u00ed, a rodiny musej\u00ed s\u00e1hnout do vlastn\u00edch kapes.<\/p>\n<p>Klienti \u017eij\u00ed na jednol\u016f\u017ekov\u00fdch a dvoul\u016f\u017ekov\u00fdch pokoj\u00edch. Poskl\u00e1dat je tak, aby si navz\u00e1jem vyhov\u011bli, nen\u00ed p\u0159\u00edli\u0161 snadn\u00e9. &#8222;Na dvoul\u016f\u017ekov\u00e9 pokoje k sob\u011b d\u00e1v\u00e1me klienty se stejnou \u00farovn\u00ed zdravotn\u00edho a ment\u00e1ln\u00edho posti\u017een\u00ed. Paradoxn\u011b je to ale n\u011bkdy probl\u00e9m a ti lid\u00e9 spolu nemohu bydlet. Sna\u017e\u00edme se tedy k sob\u011b d\u00e1vat ty klienty, kte\u0159\u00ed si rozum\u00ed a sed\u00e1vaj\u00ed spolu nap\u0159\u00edklad p\u0159i ob\u011bd\u011b,&#8220; uvedla zaj\u00edmavost \u0159editelka.<\/p>\n<p>Nemoc postihuje v\u00edce \u017eeny ne\u017e mu\u017ee<\/p>\n<p>Co se t\u00fd\u010de pohlav\u00ed, tak v centru p\u0159evl\u00e1daj\u00ed \u017eeny nad mu\u017ei. &#8222;Alzheimerova choroba v\u00edce postihuje \u017eeny ne\u017e mu\u017ee, i kdy\u017e to nedok\u00e1\u017eu zd\u016fvodnit,&#8220; \u0159ekla L\u00fddie Charouzov\u00e1. Denn\u00ed re\u017eim klient\u016f se sna\u017e\u00ed kop\u00edrovat jejich za\u017eit\u00e9 n\u00e1vyky. Lid\u00e9 z Alzheimerov\u00fdm onemocn\u011bn\u00edm toti\u017e p\u0159\u00edli\u0161 nemaj\u00ed r\u00e1di zm\u011bny. V jihlavsk\u00e9m centru proto sn\u00eddaj\u00ed v\u011bt\u0161inou tak, jak byli zvykl\u00ed z domova. Pokud cht\u011bj\u00ed d\u00e9le sp\u00e1t, tak nen\u00ed probl\u00e9m. &#8222;Po sn\u00eddani se klienti rozd\u011bl\u00ed na r\u016fzn\u00e9 aktivity, kter\u00fdm se cel\u00e9 dopoledne v\u011bnuj\u00ed. Pot\u00e9 p\u0159ijde na \u0159adu ob\u011bd a po n\u011bm nap\u0159\u00edklad kaf\u00ed\u010dko nebo n\u011bjak\u00e9 dal\u0161\u00ed aktivity. Pozd\u011bji jsou dv\u011b ve\u010de\u0159e, po kter\u00fdch se n\u011bkte\u0159\u00ed d\u00edvaj\u00ed na televizi, jin\u00ed jdou sp\u00e1t,&#8220; dodala Charouzov\u00e1.<\/p>\n<p>Proto\u017ee soukrom\u00e9 alzheimercentrum nen\u00ed za\u0159azen\u00e9 do krajsk\u00e9 s\u00edt\u011b soci\u00e1ln\u00edch slu\u017eeb, nepob\u00edr\u00e1 od kraje \u017e\u00e1dnou dotaci. &#8222;N\u00e1klady kryjeme z p\u0159\u00edsp\u011bvk\u016f klient\u016f. T\u00edm ov\u0161em ne\u0159\u00edk\u00e1m, \u017ee dotace nepot\u0159ebujeme. Ka\u017ed\u00e1 koruna se hod\u00ed, nap\u0159\u00edklad na vybaven\u00ed centra \u2013 k\u0159esla, voz\u00ed\u010dky a dal\u0161\u00ed pot\u0159eby,&#8220; nam\u00edtla \u0159editelka.<\/p>\n<p>Tento t\u00fdden v \u00fater\u00fd se v za\u0159\u00edzen\u00ed konala benefi\u010dn\u00ed akce pro \u0161ir\u0161\u00ed ve\u0159ejnost, kter\u00e1 podpo\u0159ila d\u011bti s cystickou fibr\u00f3zou. N\u011bkte\u0159\u00ed klienti si ve spolupr\u00e1ci s person\u00e1lem nacvi\u010dili loutkov\u00e9 p\u0159edstaven\u00ed. Ve\u0159ejnost si mohla zakoupit v\u00fdrobky klient\u016f centra.<\/p>\n<p>Alzheimerova nemoc naru\u0161uje \u010d\u00e1st mozku a zp\u016fsobuje pokles takzvan\u00fdch kognitivn\u00edch funkc\u00ed \u2013 my\u0161len\u00ed, pam\u011bti a \u00fasudku. B\u00fdv\u00e1 nej\u010dast\u011bj\u0161\u00ed p\u0159\u00ed\u010dinou demence. Nejd\u0159\u00edve se u nemocn\u00e9ho zhor\u0161uje kr\u00e1tkodob\u00e1 pam\u011b\u0165 a nen\u00ed schopen se postarat o n\u011bkter\u00e9 v\u011bci v dom\u00e1cnosti. Rychlost, kterou nemoc postupuje, se u ka\u017ed\u00e9ho posti\u017een\u00e9ho li\u0161\u00ed. Nemocn\u00fd m\u00e1 v\u0161ak \u010d\u00edm d\u00e1l v\u011bt\u0161\u00ed probl\u00e9my s vyjad\u0159ov\u00e1n\u00edm, rozhodov\u00e1n\u00edm, nedokon\u010duje my\u0161lenky, je zmaten\u011bj\u0161\u00ed. M\u011bn\u00ed se cel\u00e1 jeho osobnost. V posledn\u00edch st\u00e1di\u00edch nemoci u\u017e v\u016fbec nen\u00ed schopen se s\u00e1m o sebe postarat.<\/p>\n<p>JANA KODYSOV\u00c1<br \/>\nJihlavsk\u00fd den\u00edk<br \/>\n<a href=\"http:\/\/www.jihlavsky.denik.cz\/\">http:\/\/www.jihlavsky.denik.cz\/<\/a><\/p>\n","protected":false},"excerpt":{"rendered":"<div class=\"mh-excerpt\"><p>Soukrom\u00e9 alzheimercentrum, kter\u00e9 vzniklo na konci roku 2014 v Jihlav\u011b, vede n\u011bkolik m\u011bs\u00edc\u016f mlad\u00e1 \u0159editelka L\u00fddie Charouzov\u00e1<\/p>\n<\/div>","protected":false},"author":1,"featured_media":7608,"comment_status":"open","ping_status":"closed","sticky":false,"template":"","format":"standard","meta":{"footnotes":""},"categories":[9],"tags":[],"class_list":["post-24263","post","type-post","status-publish","format-standard","has-post-thumbnail","hentry","category-zpravy"],"_links":{"self":[{"href":"https:\/\/www.invarena.cz\/index.php?rest_route=\/wp\/v2\/posts\/24263","targetHints":{"allow":["GET"]}}],"collection":[{"href":"https:\/\/www.invarena.cz\/index.php?rest_route=\/wp\/v2\/posts"}],"about":[{"href":"https:\/\/www.invarena.cz\/index.php?rest_route=\/wp\/v2\/types\/post"}],"author":[{"embeddable":true,"href":"https:\/\/www.invarena.cz\/index.php?rest_route=\/wp\/v2\/users\/1"}],"replies":[{"embeddable":true,"href":"https:\/\/www.invarena.cz\/index.php?rest_route=%2Fwp%2Fv2%2Fcomments&post=24263"}],"version-history":[{"count":0,"href":"https:\/\/www.invarena.cz\/index.php?rest_route=\/wp\/v2\/posts\/24263\/revisions"}],"wp:featuredmedia":[{"embeddable":true,"href":"https:\/\/www.invarena.cz\/index.php?rest_route=\/wp\/v2\/media\/7608"}],"wp:attachment":[{"href":"https:\/\/www.invarena.cz\/index.php?rest_route=%2Fwp%2Fv2%2Fmedia&parent=24263"}],"wp:term":[{"taxonomy":"category","embeddable":true,"href":"https:\/\/www.invarena.cz\/index.php?rest_route=%2Fwp%2Fv2%2Fcategories&post=24263"},{"taxonomy":"post_tag","embeddable":true,"href":"https:\/\/www.invarena.cz\/index.php?rest_route=%2Fwp%2Fv2%2Ftags&post=24263"}],"curies":[{"name":"wp","href":"https:\/\/api.w.org\/{rel}","templated":true}]}}