{"id":24264,"date":"2016-01-22T11:16:32","date_gmt":"2016-01-22T10:16:32","guid":{"rendered":"http:\/\/www.invarena.cz\/?p=24264"},"modified":"2016-01-22T17:16:30","modified_gmt":"2016-01-22T16:16:30","slug":"navzdory-handicapu-tanci","status":"publish","type":"post","link":"https:\/\/www.invarena.cz\/?p=24264","title":{"rendered":"Navzdory handicapu tan\u010d\u00ed"},"content":{"rendered":"<p><strong>Z\u00edskala Zlat\u00fd o\u0159\u00ed\u0161ek, kter\u00fd dost\u00e1v\u00e1 ka\u017edoro\u010dn\u011b des\u00edtka velmi talentovan\u00fdch d\u011bt\u00ed v \u010cesk\u00e9 republice. M\u00e1 osm let, jmenuje se Karol\u00ednka Dejov\u00e1 a je z Kop\u0159ivnice. R\u00e1da hraje na fl\u00e9tnu a tan\u010d\u00ed \u2013 pr\u00e1v\u011b za tanec z\u00edskala Zlat\u00fd o\u0159\u00ed\u0161ek. Je z\u0159ejm\u00e9, \u017ee leckoho asi v tuto chv\u00edli napadne, \u010d\u00edm je ta d\u00edvenka tak v\u00fdjime\u010dn\u00e1. Odpov\u011b\u010f zn\u00ed: Trp\u00ed svalovou distrofi\u00ed a pohybuje se na invalidn\u00edm voz\u00edku.<\/strong><!--more--><\/p>\n<p>K\u00e1ja, jak j\u00ed \u0159\u00edk\u00e1 jej\u00ed p\u011bstounka Daniela Seidlov\u00e1, je pr\u00fd prvn\u00edm zdravotn\u011b posti\u017een\u00fdm d\u00edt\u011btem, kter\u00e9 v sedmn\u00e1ctilet\u00e9 historii Zlat\u00e9ho o\u0159\u00ed\u0161ku toto ocen\u011bn\u00ed z\u00edskalo. To se ale dozv\u00edd\u00e1m a\u017e v pr\u016fb\u011bhu n\u00e1v\u0161t\u011bvy mal\u00e9 tane\u010dnice, kter\u00e1 m\u011b zaujala hned v prvn\u00edch momentech na\u0161eho setk\u00e1n\u00ed.<\/p>\n<p>&#8222;Sedn\u011bte si na n\u011bco m\u011bkk\u00e9ho,&#8220; \u0159\u00edk\u00e1 mi bezelstn\u011b s up\u0159\u00edmn\u00fdm pohledem modr\u00fdch o\u010d\u00ed drobn\u00e1 blond\u00fdnka ve chv\u00edli, kdy se m\u011b hostitelka Daniela Seidlov\u00e1 pt\u00e1, kam se usad\u00edme.<\/p>\n<p>Po chvilce si za\u010d\u00edn\u00e1me pov\u00eddat. Dozv\u00edd\u00e1m se, \u017ee do sout\u011b\u017ee Zlat\u00fd o\u0159\u00ed\u0161ek Karol\u00ednku navrhla babi\u010dka jej\u00ed kamar\u00e1dky, se kterou chod\u00ed tancovat v duu. &#8222;Byly spolu na sout\u011b\u017e\u00edch. Je to hodn\u011b emotivn\u00ed, proto\u017ee moc handicapovan\u00fdch asi netancuje, tak\u017ee vyhr\u00e1valy,&#8220; objas\u0148uje mi \u00fasp\u011bchy Karol\u00ednky Daniela Seidlov\u00e1 a up\u0159es\u0148uje, \u017ee spole\u010dn\u00e9 tane\u010dn\u00ed \u010d\u00edslo d\u00edvek se jmenuje Vyzn\u00e1n\u00ed a je na melodii p\u00edsn\u011b Je suis malade, kterou u n\u00e1s p\u0159ezp\u00edvala Marie Rottrov\u00e1 pod n\u00e1zvem To m\u00e1m tak r\u00e1da.<\/p>\n<p>Nato Daniela Seidlov\u00e1 podot\u00fdk\u00e1, \u017ee Karol\u00ednka sv\u00e9mu handicapu nijak nepodl\u00e9h\u00e1. &#8222;Nav\u0161t\u011bvuje norm\u00e1ln\u00ed \u0161kolu, d\u011bl\u00e1 hodn\u011b v\u011bc\u00ed jako ostatn\u00ed d\u011bti, sama \u0159\u00edk\u00e1, \u017ee akor\u00e1t nechod\u00ed,&#8220; p\u0159ibli\u017euje mi povahu drobn\u00e9 blond\u00fdnky jej\u00ed p\u011bstounka. Pokou\u0161\u00edm se s Karol\u00ednkou nav\u00e1zat rozhovor. &#8222;A co kdy\u017e \u0159eknu n\u011bco \u0161patn\u011b?&#8220; pt\u00e1 se zv\u00eddav\u011b. Kdy\u017e ji ujist\u00edm, \u017ee do novin nenap\u00ed\u0161u nic, kv\u016fli \u010demu by se m\u011bla styd\u011bt, ztr\u00e1c\u00ed ostych. Pt\u00e1m se tedy, jak\u00e9 to bylo v Praze, a dozv\u00edd\u00e1m se, \u017ee dobr\u00e9. \u017de tam bylo plno novin\u00e1\u0159\u016f a Karol\u00ednka, stejn\u011b jako dal\u0161\u00ed d\u011bti, musela poskytovat rozhovory. Nejv\u00edce se j\u00ed pr\u00fd ale stejn\u011b l\u00edbilo, kdy\u017e se fotila na vlakov\u00e9m n\u00e1dra\u017e\u00ed s mal\u00fdm pras\u00e1tkem, kter\u00e9 j\u00ed tam p\u016fj\u010dil n\u011bjak\u00fd p\u00e1n. &#8222;Ona se ho nejd\u0159\u00edve b\u00e1la vz\u00edt do ruky, ale pak si ho vzala. T\u0159eba j\u00ed p\u0159inese \u0161t\u011bst\u00ed,&#8220; poznamen\u00e1v\u00e1 Daniela Seidlov\u00e1. Karol\u00ednka mezit\u00edm o\u017e\u00edv\u00e1, poodj\u00ed\u017ed\u00ed na voz\u00ed\u010dku, za chvili\u010dku se vrac\u00ed zp\u011bt a ukazuje mi str\u00e1nku, na kter\u00e9 je naps\u00e1no velk\u00fdmi p\u00edsmeny FAJSL BOK a pod t\u00edm K\u00e1ja Dejov\u00e1. Kdy\u017e str\u00e1nku rozev\u0159e, vykoukne na m\u011b nakreslen\u00e1 kl\u00e1vesnice, druh\u00e1 str\u00e1nka zn\u00e1zor\u0148uje monitor s ikonami.<\/p>\n<p>Na m\u016fj dotaz, jak dlouho tan\u010d\u00ed, mi Karol\u00ednka odpov\u00edd\u00e1, \u017ee dva roky. Za\u010d\u00e1tky pr\u00fd ale byly hodn\u011b t\u011b\u017ek\u00e9. Daniela Seidlov\u00e1 l\u00ed\u010d\u00ed, jak to bylo pro drobnou d\u00edvenku i bolestiv\u00e9, ale jak svou tvrdost\u00ed a tvrdohlavost\u00ed leccos dok\u00e1zala p\u0159ekonat.<\/p>\n<p>Tanec v kotli<\/p>\n<p>S obdivem poslouch\u00e1m jej\u00ed vypr\u00e1v\u011bn\u00ed o tom, jak Karol\u00ednka vystupovala v pra\u017esk\u00e9 Lucern\u011b. &#8222;Bylo to \u010d\u00edslo P\u0159es dv\u011b pekla. P\u0159ivezli ji v kotli zah\u00e1zenou pol\u0161t\u00e1\u0159i, kter\u00e9 za\u010dala vyhazovat a potom jen tak k\u00fdvala hlavou, jako\u017ee v tom kotli tancuje. Rodi\u010de n\u011bkter\u00fdch d\u011bt\u00ed z ostatn\u00edch klub\u016f, kte\u0159\u00ed ji neznali, \u0159\u00edkali: No, ta v tom kotli toho moc nenatancuje. Pak ji Lucifer p\u0159ivezl na kraj p\u00f3dia, j\u00e1 jsem ji p\u0159ehodila na plastov\u00e9 auto s volantem, ona p\u0159ijela znovu na p\u00f3dium, slezla a d\u011blala s ostatn\u00edmi p\u0159evaly. Po nich jsme ji zase dali na to auto, aby mohla odjet. Pro medaili u\u017e si jela na invalidn\u00edm voz\u00edku, tak\u017ee to lid\u00e9 pochopili. B\u011bhem choreografie ale nikdo nev\u011bd\u011bl, \u017ee jde o posti\u017een\u00e9 d\u00edt\u011b. Kdy\u017e tancovaly T\u0159i o\u0159\u00ed\u0161ky pro Popelku, m\u011bla chod\u00edtko. V pr\u016fb\u011bhu tance v jednu chv\u00edli zmizela do z\u00e1kulis\u00ed, kde byl nachystan\u00fd invalidn\u00ed voz\u00edk s baldach\u00fdnem. Ona na n\u011bm projela \u0161pal\u00edrem na p\u00f3dium a v tu chv\u00edli Lucerna st\u00e1la, lid\u00e9 tleskali a my jsme pochopiteln\u011b bre\u010deli,&#8220; l\u00ed\u010d\u00ed mi z\u00e1\u017eitek Daniela Seidlov\u00e1.<\/p>\n<p>Po chvilce p\u0159ipom\u00edn\u00e1, \u017ee kdy\u017e Karol\u00ednku a jej\u00edho o dva roky star\u0161\u00edho bratra Filipa dostali s man\u017eelem do p\u011bstounsk\u00e9 p\u00e9\u010de, d\u00edvenka nedok\u00e1zala ani zvednout ruce. Dnes hraje na fl\u00e9tnu a chod\u00ed do z\u00e1kladn\u00ed um\u011bleck\u00e9 \u0161koly.<\/p>\n<p>Step v ba\u010dk\u016frk\u00e1ch<\/p>\n<p>Na d\u016fkaz toho, \u017ee babi\u010dka, jak Karol\u00ednka Daniele Seidlov\u00e9 \u0159\u00edk\u00e1, m\u00e1 pravdu, za\u010dne prosit o fl\u00e9tnu a za chvilku mi z not p\u0159ehr\u00e1v\u00e1 t\u0159i zn\u00e1m\u00e9 p\u00edsni\u010dky.<\/p>\n<p>P\u0159ech\u00e1z\u00edme znovu k \u0159e\u010di o tan\u010den\u00ed a Karol\u00ednka zd\u016fraz\u0148uje, \u017ee nejv\u011bt\u0161\u00ed radost m\u011bla pr\u00e1v\u011b z tance v Lucern\u011b. P\u0159itom m\u00e1 doma 19 r\u016fzn\u00fdch medail\u00ed, \u010dty\u0159i poh\u00e1ry a Zlat\u00fd o\u0159\u00ed\u0161ek. Oz\u00fdv\u00e1 se op\u011bt \u0161kemr\u00e1n\u00ed. Daniela Seidlov\u00e1 se omlouv\u00e1, \u017ee nechce zdr\u017eovat, ale j\u00e1 ji uji\u0161\u0165uji, \u017ee nesp\u011bch\u00e1m. Vychutn\u00e1m si tane\u010dek na voz\u00ed\u010dku na p\u00edse\u0148 Lucie Vondr\u00e1\u010dkov\u00e9 a jako bonus mi Karol\u00ednka p\u0159edvede i uk\u00e1zku stepu v ba\u010dk\u016frk\u00e1ch s podk\u016fvkami. Daniela Seidlov\u00e1 nazna\u010duje Karol\u00ednce, \u017ee u\u017e mus\u00ed j\u00edt pro jej\u00edho bratra Filipa, pod\u011bkuji za trp\u011blivost a chyst\u00e1m se k odchodu. Najednou ke mn\u011b p\u0159ij\u00ed\u017ed\u00ed modrook\u00e1 blond\u00fdnka a cosi mi pod\u00e1v\u00e1. &#8222;To je pro v\u00e1s. Je to takov\u00fd kobl\u00ed\u017eek z p\u011bnov\u00e9 plastel\u00edny,&#8220; usm\u00edv\u00e1 se na m\u011b Karol\u00ednka a vede m\u011b ke stole\u010dku, kde m\u00e1 dal\u0161\u00ed vyroben\u00e9 figurky. Mezi nimi le\u017e\u00ed sn\u011bhul\u00e1k. &#8222;Ten je zrovna v nemocnici, proto\u017ee se mu zni\u010dil nos,&#8220; vysv\u011btluje mi.<\/p>\n<p>Definitivn\u011b se lou\u010d\u00edm, nadvakr\u00e1t se pozdrav\u00edm s Danielou Seidlovou i s talentovanou tane\u010dnic\u00ed a odch\u00e1z\u00edm s p\u0159\u00e1n\u00edm, aby ono mal\u00e9 pras\u00e1tko z Prahy Karol\u00ednce p\u0159ineslo to pot\u0159ebn\u00e9 \u0161t\u011bst\u00ed.<\/p>\n<p>V\u00edce o Karol\u00ednce Dejov\u00e9 najdete na facebookov\u00e9 str\u00e1nce Karol\u00ednka bude chodit<\/p>\n<p>IVAN PAVELEK<br \/>\nBrunt\u00e1lsk\u00fd a Krnovsk\u00fd den\u00edk<br \/>\n<a href=\"http:\/\/bruntalsky.denik.cz\/\">http:\/\/bruntalsky.denik.cz\/<\/a><\/p>\n","protected":false},"excerpt":{"rendered":"<div class=\"mh-excerpt\"><p>Z\u00edskala Zlat\u00fd o\u0159\u00ed\u0161ek, kter\u00fd dost\u00e1v\u00e1 ka\u017edoro\u010dn\u011b des\u00edtka velmi talentovan\u00fdch d\u011bt\u00ed v \u010cesk\u00e9 republice. M\u00e1 osm let, jmenuje se Karol\u00ednka Dejov\u00e1 a je z Kop\u0159ivnice. R\u00e1da <a class=\"mh-excerpt-more\" href=\"https:\/\/www.invarena.cz\/?p=24264\" title=\"Navzdory handicapu tan\u010d\u00ed\">[&#8230;]<\/a><\/p>\n<\/div>","protected":false},"author":1,"featured_media":0,"comment_status":"open","ping_status":"closed","sticky":false,"template":"","format":"standard","meta":{"footnotes":""},"categories":[9],"tags":[],"class_list":["post-24264","post","type-post","status-publish","format-standard","hentry","category-zpravy"],"_links":{"self":[{"href":"https:\/\/www.invarena.cz\/index.php?rest_route=\/wp\/v2\/posts\/24264","targetHints":{"allow":["GET"]}}],"collection":[{"href":"https:\/\/www.invarena.cz\/index.php?rest_route=\/wp\/v2\/posts"}],"about":[{"href":"https:\/\/www.invarena.cz\/index.php?rest_route=\/wp\/v2\/types\/post"}],"author":[{"embeddable":true,"href":"https:\/\/www.invarena.cz\/index.php?rest_route=\/wp\/v2\/users\/1"}],"replies":[{"embeddable":true,"href":"https:\/\/www.invarena.cz\/index.php?rest_route=%2Fwp%2Fv2%2Fcomments&post=24264"}],"version-history":[{"count":0,"href":"https:\/\/www.invarena.cz\/index.php?rest_route=\/wp\/v2\/posts\/24264\/revisions"}],"wp:attachment":[{"href":"https:\/\/www.invarena.cz\/index.php?rest_route=%2Fwp%2Fv2%2Fmedia&parent=24264"}],"wp:term":[{"taxonomy":"category","embeddable":true,"href":"https:\/\/www.invarena.cz\/index.php?rest_route=%2Fwp%2Fv2%2Fcategories&post=24264"},{"taxonomy":"post_tag","embeddable":true,"href":"https:\/\/www.invarena.cz\/index.php?rest_route=%2Fwp%2Fv2%2Ftags&post=24264"}],"curies":[{"name":"wp","href":"https:\/\/api.w.org\/{rel}","templated":true}]}}