{"id":24267,"date":"2016-01-31T04:54:56","date_gmt":"2016-01-31T03:54:56","guid":{"rendered":"http:\/\/www.invarena.cz\/?p=24267"},"modified":"2016-01-31T04:54:56","modified_gmt":"2016-01-31T03:54:56","slug":"nevidomi-casto-i-spadnou-kvuli-spatne-umistene-reklame","status":"publish","type":"post","link":"https:\/\/www.invarena.cz\/?p=24267","title":{"rendered":"Nevidom\u00ed \u010dasto i spadnou kv\u016fli \u0161patn\u011b um\u00edst\u011bn\u00e9 reklam\u011b"},"content":{"rendered":"<p><strong>Kdy\u017e proch\u00e1zej\u00ed ulicemi m\u011bsta, nejdou tam, kam je o\u010di vedou. Maj\u00ed to daleko slo\u017eit\u011bj\u0161\u00ed. Mus\u00ed toti\u017e vyu\u017e\u00edvat instinktu a p\u0159edev\u0161\u00edm vodic\u00edch lini\u00ed, kter\u00e9 pro n\u011b p\u0159edstavuj\u00ed nap\u0159\u00edklad fas\u00e1dy dom\u016f. <\/strong><!--more--><\/p>\n<p>To jsou nevidom\u00ed a slabozrac\u00ed, jejich\u017e po\u010det na Uherskohradi\u0161\u0165sku dosahuje n\u011bkolika des\u00edtek. Aneust\u00e1le se pot\u00fdkaj\u00ed se stejn\u00fdm probl\u00e9mem. V m\u00edstech, kudy projdou ulicemi nejbezpe\u010dn\u011bji, jim toti\u017e stoj\u00ed v cest\u011b mno\u017estv\u00ed p\u0159ek\u00e1\u017eek,a\u010dkolivbytomutakb\u00fdt nem\u011blo. &#8222;Jsou to t\u0159eba stojany na kola, ale hlavn\u011b reklamn\u00ed pouta\u010de. Pro n\u00e1s je vodic\u00ed linie p\u0159edev\u0161\u00edm pod\u00e9l dom\u016f. Kdy\u017e dojdeme naroh, v\u00edme, \u017eem\u00e1mezabo\u010dit nap\u0159\u00edklad doleva. J\u00e1 osobn\u011b m\u00e1m u\u017e celkem plynulou ch\u016fzi a tyto n\u00e1hodn\u00e9 p\u0159ek\u00e1\u017eky mi ji hrozn\u011b naru\u0161uj\u00ed. Mockr\u00e1t jsem narazila na n\u011bco ne\u010dekan\u00e9ho a \u0161kared\u011b spadla,&#8220; popsala strasti nevidom\u00fdch lid\u00ed v ulic\u00edch Uhersk\u00e9ho Hradi\u0161t\u011b Helena K\u0159iv\u00e1\u010dkov\u00e1. <\/p>\n<p>Kola op\u0159en\u00e1 o domy ve vodic\u00edch lini\u00edch <\/p>\n<p>A rozhodn\u011b ve sv\u00e9m n\u00e1zoru nen\u00ed sama. &#8222;T\u011bch bari\u00e9r je tady daleko v\u00edc. Jsou to t\u0159eba tak\u00e9 kola op\u0159en\u00e1 o domy p\u0159\u00edmo v na\u0161ich vodic\u00edch lini\u00edch. Situace se sice zlep\u0161uje, ale jen pomalua ten probl\u00e9m opravdu st\u00e1le p\u0159etrv\u00e1v\u00e1,&#8220; doplnila svou kolegyni Kate\u0159ina Rath\u00fask\u00e1, p\u0159edsedkyn\u011b Sjednocen\u00e9 organizace nevidom\u00fdch a slabozrak\u00fdch \u2013 pobo\u010dka Uhersk\u00e9 Hradi\u0161t\u011b. Jen v t\u00e9to organizaci je podle jej\u00edho vyj\u00e1d\u0159en\u00ed 35 \u010dlen\u016f, nicm\u00e9n\u011b skute\u010dn\u00fd po\u010det nevidom\u00fdch a slabozrak\u00fdch je na Uherskohradi\u0161\u0165sku \u00fadajn\u011b je\u0161t\u011b daleko vy\u0161\u0161\u00ed. Uhersk\u00e9 Hradi\u0161t\u011b m\u00e1 v t\u00e9to souvislosti hned n\u011bkolik vlastn\u00edch vyhl\u00e1\u0161ek, kter\u00e9 tuto problematiku upravuj\u00ed. <\/p>\n<p>Konkr\u00e9tn\u00ed podm\u00ednky <\/p>\n<p>Nav\u00edc tak\u00e9 ka\u017ed\u00fd \u017eadatel o zvl\u00e1\u0161tn\u00ed u\u017e\u00edv\u00e1n\u00ed m\u00edstn\u00ed komunikace m\u00e1 \u00fadajn\u011b ve vydan\u00e9m povolen\u00ed stanovenu konkr\u00e9tn\u00ed podm\u00ednku. &#8222;Ta hovo\u0159\u00ed o tom, \u017ee um\u00edst\u011bn\u00ed reklamn\u00edho za\u0159\u00edzen\u00ed mus\u00ed odpov\u00eddat vyhl\u00e1\u0161ce \u010d\u00edslo 398\/2009 Sb., o obecn\u00fdch technick\u00fdch po\u017eadavc\u00edch, zabezpe\u010duj\u00edc\u00edch bezbari\u00e9rov\u00e9 u\u017e\u00edv\u00e1n\u00ed staveb tak, aby na dot\u010den\u00e9 pozemn\u00ed komunikaci nevznikaly v d\u016fsledku um\u00edst\u011bn\u00ed reklamn\u00edho za\u0159\u00edzen\u00ed \u017e\u00e1dn\u00e9 bariery pro handicapovan\u00e9 osoby,&#8220; vysv\u011btlil mluv\u010d\u00ed hradi\u0161\u0165sk\u00e9 radnice Jan P\u00e1\u0161ma. Pr\u00e1vn\u00ed \u00faprava je v\u0161ak jedna v\u011bc, druh\u00e1 je pak jej\u00ed dodr\u017eov\u00e1n\u00ed. Ov\u0161em i na to se \u00fadajn\u011b dohl\u00ed\u017e\u00ed.<br \/>\n&#8222;Kontroly reklamn\u00edch za\u0159\u00edzen\u00ed prob\u00edhaj\u00ed pravideln\u011b minim\u00e1ln\u011b jednou t\u00fddn\u011b. Provozovatel\u00e9 jsou upozor\u0148ov\u00e1ni na problematiku nevidom\u00fdch. P\u0159i t\u00e9to kontroln\u00ed \u010dinnosti bylo ji\u017e v minulosti zji\u0161t\u011bno n\u011bkolik neopr\u00e1vn\u011bn\u011b um\u00edst\u011bn\u00fdch reklamn\u00edch za\u0159\u00edzen\u00ed,&#8220; uvedl Jan P\u00e1\u0161ma.<\/p>\n<p>Slov\u00e1ck\u00e9 noviny<\/p>\n","protected":false},"excerpt":{"rendered":"<div class=\"mh-excerpt\"><p>Kdy\u017e proch\u00e1zej\u00ed ulicemi m\u011bsta, nejdou tam, kam je o\u010di vedou. Maj\u00ed to daleko slo\u017eit\u011bj\u0161\u00ed. Mus\u00ed toti\u017e vyu\u017e\u00edvat instinktu a p\u0159edev\u0161\u00edm vodic\u00edch lini\u00ed, kter\u00e9 pro n\u011b <a class=\"mh-excerpt-more\" href=\"https:\/\/www.invarena.cz\/?p=24267\" title=\"Nevidom\u00ed \u010dasto i spadnou kv\u016fli \u0161patn\u011b um\u00edst\u011bn\u00e9 reklam\u011b\">[&#8230;]<\/a><\/p>\n<\/div>","protected":false},"author":1,"featured_media":21011,"comment_status":"open","ping_status":"closed","sticky":false,"template":"","format":"standard","meta":{"footnotes":""},"categories":[9],"tags":[],"class_list":["post-24267","post","type-post","status-publish","format-standard","has-post-thumbnail","hentry","category-zpravy"],"_links":{"self":[{"href":"https:\/\/www.invarena.cz\/index.php?rest_route=\/wp\/v2\/posts\/24267","targetHints":{"allow":["GET"]}}],"collection":[{"href":"https:\/\/www.invarena.cz\/index.php?rest_route=\/wp\/v2\/posts"}],"about":[{"href":"https:\/\/www.invarena.cz\/index.php?rest_route=\/wp\/v2\/types\/post"}],"author":[{"embeddable":true,"href":"https:\/\/www.invarena.cz\/index.php?rest_route=\/wp\/v2\/users\/1"}],"replies":[{"embeddable":true,"href":"https:\/\/www.invarena.cz\/index.php?rest_route=%2Fwp%2Fv2%2Fcomments&post=24267"}],"version-history":[{"count":0,"href":"https:\/\/www.invarena.cz\/index.php?rest_route=\/wp\/v2\/posts\/24267\/revisions"}],"wp:featuredmedia":[{"embeddable":true,"href":"https:\/\/www.invarena.cz\/index.php?rest_route=\/wp\/v2\/media\/21011"}],"wp:attachment":[{"href":"https:\/\/www.invarena.cz\/index.php?rest_route=%2Fwp%2Fv2%2Fmedia&parent=24267"}],"wp:term":[{"taxonomy":"category","embeddable":true,"href":"https:\/\/www.invarena.cz\/index.php?rest_route=%2Fwp%2Fv2%2Fcategories&post=24267"},{"taxonomy":"post_tag","embeddable":true,"href":"https:\/\/www.invarena.cz\/index.php?rest_route=%2Fwp%2Fv2%2Ftags&post=24267"}],"curies":[{"name":"wp","href":"https:\/\/api.w.org\/{rel}","templated":true}]}}