{"id":24290,"date":"2016-01-25T21:10:13","date_gmt":"2016-01-25T20:10:13","guid":{"rendered":"http:\/\/www.invarena.cz\/?p=24290"},"modified":"2016-01-25T21:19:06","modified_gmt":"2016-01-25T20:19:06","slug":"cr-je-na-prahu-chripkove-epidemie-pribylo-akutnich-infekci","status":"publish","type":"post","link":"https:\/\/www.invarena.cz\/?p=24290","title":{"rendered":"\u010cR je na prahu ch\u0159ipkov\u00e9 epidemie, p\u0159ibylo akutn\u00edch infekc\u00ed"},"content":{"rendered":"<p><strong>\u010cesko je na prahu ch\u0159ipkov\u00e9 epidemie, po\u010dty pacient\u016f s ch\u0159ipkou a ch\u0159ipce podobn\u00fdm onemocn\u011bn\u00edm (ILI) stouply v minul\u00e9m t\u00fddnu o v\u00edc ne\u017e 80 procent, na ch\u0159ipku v t\u00e9to sezon\u011b zem\u0159eli u\u017e \u010dty\u0159i pacienti.<\/strong><!--more--><br \/>\nilustra\u010dn\u00ed foto: Photoxpress<\/p>\n<p> Hl\u00e1\u0161eno je 22 v\u00e1\u017en\u00fdch pr\u016fb\u011bh\u016f ch\u0159ipky. \u010cTK to dnes \u0159ekla Marie Otavov\u00e1 z n\u00e1rodn\u00ed referen\u010dn\u00ed laborato\u0159e pro ch\u0159ipku.<\/p>\n<p>&#8222;Na 100.000 obyvatel bylo ve t\u0159et\u00edm kalend\u00e1\u0159n\u00edm t\u00fddnu 1191 p\u0159\u00edpad\u016f akutn\u00edch respira\u010dn\u00edch infekc\u00ed (ARI), co\u017e je n\u00e1r\u016fst oproti p\u0159edchoz\u00edmu t\u00fddnu o 15 procent, a 49 p\u0159\u00edpad\u016f ch\u0159ipky, co\u017e je n\u00e1r\u016fst t\u00e9m\u011b\u0159 o 82 procent,&#8220; up\u0159esnila. Nemocnost na ch\u0159ipku nejv\u00edc stoupla v kraj\u00edch Karlovarsk\u00e9m a St\u0159edo\u010desk\u00e9m a v Praze.<\/p>\n<p>P\u0159i p\u0159edchoz\u00edm hl\u00e1\u0161en\u00ed byl mezit\u00fddenn\u00ed n\u00e1r\u016fst akutn\u00edch infekc\u00ed d\u00fdchac\u00edch cest necel\u00e1 dv\u011b procenta, n\u00e1r\u016fst se tedy v\u00fdrazn\u011b urychlil.<\/p>\n<p>U v\u0161ech pacient\u016f bylo n\u011bjak\u00e9 ze z\u00e1kladn\u00edch chronick\u00fdch onemocn\u011bn\u00ed a nebyli o\u010dkov\u00e1ni proti ch\u0159ipce. V\u011bk pacient\u016f se pohyboval od 35 do 82 let.<\/p>\n<p>V Evrop\u011b p\u0159eva\u017euje ch\u0159ipka A nad ch\u0159ipkou B, u ch\u0159ipky A dominuje subtyp A\/H1N1. Plo\u0161nou epidemii hl\u00e1s\u00ed Finsko, \u0158ecko, Irsko, Izrael, Nizozemsko, Norsko, Portugalsko, Slovinsko, \u0160v\u00e9dsko a Turecko.<\/p>\n<p>Ch\u0159ipkou onemocn\u00ed v \u010cR ka\u017ed\u00fd rok deset a\u017e 30 procent obyvatel, v pr\u016fm\u011bru 2000 lid\u00ed na ch\u0159ipku a jej\u00ed komplikace zem\u0159ou. Jednou z nej\u010dast\u011bj\u0161\u00edch komplikac\u00ed je z\u00e1pal plic, nutn\u00e1 je okam\u017eit\u00e1 hospitalizace a intenzivn\u00ed l\u00e9\u010dba. I za pou\u017eit\u00ed prost\u0159edk\u016f pokro\u010dil\u00e9 medic\u00edny a\u017e polovina pacient\u016f s ch\u0159ipkov\u00fdm z\u00e1palem plic um\u00edr\u00e1.<\/p>\n<p>Proti ch\u0159ipce je o\u010dkov\u00e1no jen \u0161est procent \u010ce\u0161ek a \u010cech\u016f, 20 a\u017e 23 procent senior\u016f nad 65 let a zhruba 20 procent chronick\u00fdch pacient\u016f, ob\u011bma skupin\u00e1m p\u0159itom vakcinaci hrad\u00ed zdravotn\u00ed poji\u0161\u0165ovny. Podle doporu\u010den\u00ed Sv\u011btov\u00e9 zdravotnick\u00e9 organizace by m\u011bla b\u00fdt o\u010dkov\u00e1na t\u0159etina populace, v rizikov\u00fdch skupin\u00e1ch a\u017e 75 procent.<\/p>\n<p>Zdroj: N\u00e1rodn\u00ed referen\u010dn\u00ed laborato\u0159 pro ch\u0159ipku<\/p>\n","protected":false},"excerpt":{"rendered":"<div class=\"mh-excerpt\"><p>\u010cesko je na prahu ch\u0159ipkov\u00e9 epidemie, po\u010dty pacient\u016f s ch\u0159ipkou a ch\u0159ipce podobn\u00fdm onemocn\u011bn\u00edm (ILI) stouply v minul\u00e9m t\u00fddnu o v\u00edc ne\u017e 80 procent, na <a class=\"mh-excerpt-more\" href=\"https:\/\/www.invarena.cz\/?p=24290\" title=\"\u010cR je na prahu ch\u0159ipkov\u00e9 epidemie, p\u0159ibylo akutn\u00edch infekc\u00ed\">[&#8230;]<\/a><\/p>\n<\/div>","protected":false},"author":1,"featured_media":19656,"comment_status":"open","ping_status":"closed","sticky":false,"template":"","format":"standard","meta":{"footnotes":""},"categories":[11],"tags":[],"class_list":["post-24290","post","type-post","status-publish","format-standard","has-post-thumbnail","hentry","category-zdravi"],"_links":{"self":[{"href":"https:\/\/www.invarena.cz\/index.php?rest_route=\/wp\/v2\/posts\/24290","targetHints":{"allow":["GET"]}}],"collection":[{"href":"https:\/\/www.invarena.cz\/index.php?rest_route=\/wp\/v2\/posts"}],"about":[{"href":"https:\/\/www.invarena.cz\/index.php?rest_route=\/wp\/v2\/types\/post"}],"author":[{"embeddable":true,"href":"https:\/\/www.invarena.cz\/index.php?rest_route=\/wp\/v2\/users\/1"}],"replies":[{"embeddable":true,"href":"https:\/\/www.invarena.cz\/index.php?rest_route=%2Fwp%2Fv2%2Fcomments&post=24290"}],"version-history":[{"count":0,"href":"https:\/\/www.invarena.cz\/index.php?rest_route=\/wp\/v2\/posts\/24290\/revisions"}],"wp:featuredmedia":[{"embeddable":true,"href":"https:\/\/www.invarena.cz\/index.php?rest_route=\/wp\/v2\/media\/19656"}],"wp:attachment":[{"href":"https:\/\/www.invarena.cz\/index.php?rest_route=%2Fwp%2Fv2%2Fmedia&parent=24290"}],"wp:term":[{"taxonomy":"category","embeddable":true,"href":"https:\/\/www.invarena.cz\/index.php?rest_route=%2Fwp%2Fv2%2Fcategories&post=24290"},{"taxonomy":"post_tag","embeddable":true,"href":"https:\/\/www.invarena.cz\/index.php?rest_route=%2Fwp%2Fv2%2Ftags&post=24290"}],"curies":[{"name":"wp","href":"https:\/\/api.w.org\/{rel}","templated":true}]}}