{"id":24292,"date":"2016-01-30T11:59:46","date_gmt":"2016-01-30T10:59:46","guid":{"rendered":"http:\/\/www.invarena.cz\/?p=24292"},"modified":"2016-01-30T11:59:46","modified_gmt":"2016-01-30T10:59:46","slug":"euroklice-odemknou-si-jimi-postizeni","status":"publish","type":"post","link":"https:\/\/www.invarena.cz\/?p=24292","title":{"rendered":"Eurokl\u00ed\u010de. Odemknou si jimi posti\u017een\u00ed"},"content":{"rendered":"<p>Zdravotn\u011b posti\u017een\u00fd \u010dlov\u011bk p\u0159ich\u00e1zej\u00edc\u00ed na toaletu v poliklinice Lesn\u00e1 se od \u00fanora u\u017e nebude muset b\u00e1t, \u017ee je obsazen\u00e1 zdrav\u00fdm \u010dlov\u011bkem. <!--more--><\/p>\n<p>Bezbari\u00e9rov\u00e1 soci\u00e1ln\u00ed za\u0159\u00edzen\u00ed tam dostanou speci\u00e1ln\u00ed euroz\u00e1mky, kter\u00e9 odemknou jen dr\u017eitel\u00e9 univerz\u00e1ln\u00edho eurokl\u00ed\u010de. &#8222;Z\u00e1mky maj\u00ed pracovn\u00edci naistalovat do konce \u00fanora. Z\u00e1jemci si vyzvednou eurokl\u00ed\u010d na radnici,&#8220; upozornil m\u00edstostarosta Brnaseveru Petr Hlad\u00edk.<br \/>\nEurokl\u00ed\u010d je vyhrazen\u00fd pro lidi se zdravotn\u00edm posti\u017een\u00edm. &#8222;Za\u017e\u00e1dat si o n\u011bj mohou jen dr\u017eitel\u00e9 pr\u016fkazu zdravotn\u011b posti\u017een\u00e9ho, onkologi\u010dt\u00ed pacienti nebo cukrovk\u00e1\u0159i. Tak\u00e9 lid\u00e9 trp\u00edc\u00ed roztrou\u0161enou skler\u00f3zou, Parkinsonovou \u010di Crohnovou chorobou, p\u0159\u00edpadn\u011b lid\u00e9 s mo\u010dov\u00fdmi dysfunkcemi,&#8220; vysv\u011btlil vedouc\u00ed brn\u011bnsk\u00e9 poradny N\u00e1rodn\u00ed rady osob se zdravotn\u00edm posti\u017een\u00edm Leo\u0161 Sp\u00e1\u010dil. I v t\u00e9to poradn\u011b je mo\u017en\u00e9 kl\u00ed\u010d z\u00edskat. P\u0159i \u017e\u00e1dosti je pot\u0159eba p\u0159edlo\u017eit pr\u016fkaz zdravotn\u011b posti\u017een\u00e9ho nebo l\u00e9ka\u0159skou zpr\u00e1vu.<br \/>\nEurokl\u00ed\u010d lid\u00e9 z\u00edskaj\u00ed na cel\u00fd \u017eivot. &#8222;Ve smlouv\u011b nen\u00ed uvedeno, \u017ee po smrti majitele je pot\u0159eba kl\u00ed\u010d vr\u00e1tit. Velmi bychom ale uv\u00edtali, kdyby to poz\u016fstal\u00ed ud\u011blali. M\u011bli bychom tak z\u00e1sobu n\u00e1hradn\u00edch,&#8220; podotkl Sp\u00e1\u010dil. V p\u0159\u00edpad\u011b, \u017ee \u010dlov\u011bk kl\u00ed\u010d ztrat\u00ed, za n\u00e1hradn\u00ed u\u017e mus\u00ed zaplatit. &#8222;Jde o \u010dty\u0159i sta korun,&#8220; dodal Sp\u00e1\u010dil.<br \/>\nMy\u0161lenka se l\u00edb\u00ed i matce hendikepovan\u00e9 dcery Barunce B\u00e1rtov\u00e9. &#8222;Pro dceru bych kl\u00ed\u010d po\u0159\u00eddila. Nemysl\u00edm si, \u017ee tento projekt m\u016f\u017ee spasit sv\u011bt, ale posti\u017een\u00fdm uleh\u010d\u00ed \u017eivot,&#8220; \u0159ekla B\u00e1rtov\u00e1.<br \/>\nO eurokl\u00ed\u010d mohou po\u017e\u00e1dat i rodi\u010de d\u011bt\u00ed mlad\u0161\u00edch t\u0159\u00ed let. &#8222;Konkr\u00e9tn\u011b v mate\u0159sk\u00fdch centrech. Na internetu si mus\u00ed naj\u00edt a vyplnit formul\u00e1\u0159, do n\u011bho\u017e mimo jin\u00e9 uvedou datum narozen\u00ed d\u00edt\u011bte. Jakmile m\u00e1 potomek t\u0159i roky, musej\u00ed rodi\u010de kl\u00ed\u010d vr\u00e1tit,&#8220; \u0159ekla krajsk\u00e1 koordin\u00e1torka projektu Eurokl\u00ed\u010d pro mate\u0159sk\u00e1 centra na ji\u017en\u00ed Morav\u011b Renata H\u00f6klov\u00e1.<br \/>\nAkce u\u017e na n\u011bkolika m\u00edstech v Brn\u011b funguje. Lid\u00e9 najdou m\u00edsta zabezpe\u010den\u00e1 euroz\u00e1mkem nap\u0159\u00edklad v budov\u00e1ch brn\u011bnsk\u00e9ho magistr\u00e1tu nebo ve t\u0159ech pobo\u010dk\u00e1ch Knihovny Ji\u0159\u00edho Mahena. &#8222;Takov\u00e9 bezbari\u00e9rov\u00e9 toalety jsou v pobo\u010dk\u00e1ch v Jundrov\u011b, \u0158e\u010dkovic\u00edch a euroz\u00e1mky je zaji\u0161t\u011bno tak\u00e9 n\u011bkolik dve\u0159\u00ed v budov\u011b v Kobli\u017en\u00e9,&#8220; informovala projektov\u00e1 mana\u017eerka knihovny Eva Vojt\u00ed\u0161kov\u00e1. Knihovna Ji\u0159\u00edho Mahena se do projektu Eurokl\u00ed\u010d zapojila v roce 2013.<br \/>\nProjekt zast\u0159e\u0161uje N\u00e1rodn\u00ed rada osob se zdravotn\u00edm posti\u017een\u00edm. <\/p>\n<p>&#8212; <\/p>\n<p>co je eurokl\u00ed\u010d b vybran\u00e1 ve\u0159ejn\u00e1 za\u0159\u00edzen\u00ed (t\u0159eba v\u00fdtahy \u010di toalety) jsou osazena jednotn\u00fdm euroz\u00e1mkem b otev\u0159\u00edt se daj\u00ed pomoc\u00ed speci\u00e1ln\u00edho univerz\u00e1ln\u00edho eurokl\u00ed\u010de b kl\u00ed\u010d mohou z\u00edskat jen zdravotn\u011b posti\u017een\u00ed nebo rodi\u010de d\u011bt\u00ed mlad\u0161\u00edch t\u0159\u00ed let b v Brn\u011b bude nov\u011b projekt fungovat v Brn\u011bseveru <\/p>\n<p>ELI\u0160KA G\u00c1FRIKOV\u00c1<br \/>\n Brn\u011bnsk\u00fd den\u00edk<br \/>\n<a href=\"http:\/\/brnensky.denik.cz\/\">http:\/\/brnensky.denik.cz\/<\/a><\/p>\n","protected":false},"excerpt":{"rendered":"<div class=\"mh-excerpt\"><p>Zdravotn\u011b posti\u017een\u00fd \u010dlov\u011bk p\u0159ich\u00e1zej\u00edc\u00ed na toaletu v poliklinice Lesn\u00e1 se od \u00fanora u\u017e nebude muset b\u00e1t, \u017ee je obsazen\u00e1 zdrav\u00fdm \u010dlov\u011bkem.<\/p>\n<\/div>","protected":false},"author":1,"featured_media":0,"comment_status":"open","ping_status":"closed","sticky":false,"template":"","format":"standard","meta":{"footnotes":""},"categories":[9],"tags":[],"class_list":["post-24292","post","type-post","status-publish","format-standard","hentry","category-zpravy"],"_links":{"self":[{"href":"https:\/\/www.invarena.cz\/index.php?rest_route=\/wp\/v2\/posts\/24292","targetHints":{"allow":["GET"]}}],"collection":[{"href":"https:\/\/www.invarena.cz\/index.php?rest_route=\/wp\/v2\/posts"}],"about":[{"href":"https:\/\/www.invarena.cz\/index.php?rest_route=\/wp\/v2\/types\/post"}],"author":[{"embeddable":true,"href":"https:\/\/www.invarena.cz\/index.php?rest_route=\/wp\/v2\/users\/1"}],"replies":[{"embeddable":true,"href":"https:\/\/www.invarena.cz\/index.php?rest_route=%2Fwp%2Fv2%2Fcomments&post=24292"}],"version-history":[{"count":0,"href":"https:\/\/www.invarena.cz\/index.php?rest_route=\/wp\/v2\/posts\/24292\/revisions"}],"wp:attachment":[{"href":"https:\/\/www.invarena.cz\/index.php?rest_route=%2Fwp%2Fv2%2Fmedia&parent=24292"}],"wp:term":[{"taxonomy":"category","embeddable":true,"href":"https:\/\/www.invarena.cz\/index.php?rest_route=%2Fwp%2Fv2%2Fcategories&post=24292"},{"taxonomy":"post_tag","embeddable":true,"href":"https:\/\/www.invarena.cz\/index.php?rest_route=%2Fwp%2Fv2%2Ftags&post=24292"}],"curies":[{"name":"wp","href":"https:\/\/api.w.org\/{rel}","templated":true}]}}