{"id":24293,"date":"2016-01-30T11:59:02","date_gmt":"2016-01-30T10:59:02","guid":{"rendered":"http:\/\/www.invarena.cz\/?p=24293"},"modified":"2016-01-30T11:59:02","modified_gmt":"2016-01-30T10:59:02","slug":"za-kulturou-vyjedou-na-plosine","status":"publish","type":"post","link":"https:\/\/www.invarena.cz\/?p=24293","title":{"rendered":"Za kulturou vyjedou na plo\u0161in\u011b"},"content":{"rendered":"<p>Do prvn\u00edho patra obecn\u00edho \u00fa\u0159adu i do kulturn\u00edho domu v \u017d\u00e1dovic\u00edch se voz\u00ed\u010dk\u00e1\u0159i dost\u00e1vaj\u00ed jen s velk\u00fdmi obt\u00ed\u017eemi. Obec proto chyst\u00e1 vytvo\u0159en\u00ed bezbari\u00e9rov\u00e9ho p\u0159\u00edstupu do obou budov i \u00fapravu trasy mezi nimi. <!--more--><\/p>\n<p>V prvn\u00edm pat\u0159e obecn\u00edho \u00fa\u0159adu s\u00eddl\u00ed knihovna, komunitn\u00ed centrum a keramick\u00e1 d\u00edlna. &#8222;Voz\u00ed\u010dk\u00e1\u0159i se kv\u016fli schod\u016fm do prvn\u00edho poschod\u00ed bu\u010f nedostanou, nebo je tam mus\u00edme vyn\u00e9st. Toto m\u00edsto chceme zp\u0159\u00edstupnit pomoc\u00ed venkovn\u00ed plo\u0161iny,&#8220; vysv\u011btlil \u017e\u00e1dovick\u00fd starosta Bronislav Se\u010fa. Do kulturn\u00edho domu se vch\u00e1z\u00ed p\u0159es venkovn\u00ed schody, kter\u00e9 jsou pro voz\u00ed\u010dk\u00e1\u0159e i n\u011bkter\u00e9 star\u0161\u00ed lidi probl\u00e9mem. Ten m\u00e1 vy\u0159e\u0161it svisl\u00e1 schodi\u0161\u0165ov\u00e1 plo\u0161ina. &#8222;\u010clov\u011bk na ni nastoup\u00ed a ona jej vyveze na horn\u00ed podestu,&#8220; popsal Se\u010fa.<br \/>\n\u017d\u00e1dovice ji\u017e loni p\u0159edlo\u017eily projekt vl\u00e1dn\u00edmu v\u00fdboru pro zdravotn\u011b posti\u017een\u00e9 do N\u00e1rodn\u00edho rozvojov\u00e9ho programu mobility pro v\u0161echny. &#8222;Tento program podporuje opat\u0159en\u00ed vedouc\u00ed k zp\u0159\u00edstupn\u011bn\u00ed m\u00edst, kter\u00e1 jsou t\u011b\u017eko dosa\u017eiteln\u00e1 \u010di nedostupn\u00e1 pro osoby s omezenou mo\u017enost\u00ed pohybu a orientace,&#8220; \u0159ekl starosta. Program umo\u017en\u00ed tak\u00e9 p\u0159izp\u016fsoben\u00ed chodn\u00edku mezi obecn\u00edm \u00fa\u0159adem a kulturn\u00edm domem k bezbari\u00e9rov\u00e9mu u\u017eit\u00ed. Na t\u00e9to trase se nach\u00e1z\u00ed i m\u00edstn\u00ed obchod a sportovn\u00ed are\u00e1l. Nyn\u00ed obec jedn\u00e1 s jednotliv\u00fdmi ministerstvy, kter\u00e1 maj\u00ed na takov\u00e9to z\u00e1m\u011bry vy\u010dlen\u011bn\u00e9 pen\u00edze. Projekt uskute\u010dn\u00edme mezi lety 2016 a 2018. N\u00e1klady by m\u011bly \u010dinit asi t\u0159i miliony korun,&#8220; doplnil Se\u010fa. <\/p>\n<p>&#8212; <\/p>\n<p>3 miliony korun bude st\u00e1t bezbari\u00e9rov\u00e9 centrum \u017d\u00e1dovic. Polovinu n\u00e1klad\u016f by m\u011bla pokr\u00fdt dotace. <\/p>\n<p>ROMAN DOLEJSK\u00dd<br \/>\nHodon\u00ednsk\u00fd den\u00edk<br \/>\n<a href=\"http:\/\/www.hodoninsky.denik.cz\">http:\/\/www.hodoninsky.denik.cz<\/a><\/p>\n","protected":false},"excerpt":{"rendered":"<div class=\"mh-excerpt\"><p>Do prvn\u00edho patra obecn\u00edho \u00fa\u0159adu i do kulturn\u00edho domu v \u017d\u00e1dovic\u00edch se voz\u00ed\u010dk\u00e1\u0159i dost\u00e1vaj\u00ed jen s velk\u00fdmi obt\u00ed\u017eemi. Obec proto chyst\u00e1 vytvo\u0159en\u00ed bezbari\u00e9rov\u00e9ho p\u0159\u00edstupu do <a class=\"mh-excerpt-more\" href=\"https:\/\/www.invarena.cz\/?p=24293\" title=\"Za kulturou vyjedou na plo\u0161in\u011b\">[&#8230;]<\/a><\/p>\n<\/div>","protected":false},"author":1,"featured_media":0,"comment_status":"open","ping_status":"closed","sticky":false,"template":"","format":"standard","meta":{"footnotes":""},"categories":[9],"tags":[],"class_list":["post-24293","post","type-post","status-publish","format-standard","hentry","category-zpravy"],"_links":{"self":[{"href":"https:\/\/www.invarena.cz\/index.php?rest_route=\/wp\/v2\/posts\/24293","targetHints":{"allow":["GET"]}}],"collection":[{"href":"https:\/\/www.invarena.cz\/index.php?rest_route=\/wp\/v2\/posts"}],"about":[{"href":"https:\/\/www.invarena.cz\/index.php?rest_route=\/wp\/v2\/types\/post"}],"author":[{"embeddable":true,"href":"https:\/\/www.invarena.cz\/index.php?rest_route=\/wp\/v2\/users\/1"}],"replies":[{"embeddable":true,"href":"https:\/\/www.invarena.cz\/index.php?rest_route=%2Fwp%2Fv2%2Fcomments&post=24293"}],"version-history":[{"count":0,"href":"https:\/\/www.invarena.cz\/index.php?rest_route=\/wp\/v2\/posts\/24293\/revisions"}],"wp:attachment":[{"href":"https:\/\/www.invarena.cz\/index.php?rest_route=%2Fwp%2Fv2%2Fmedia&parent=24293"}],"wp:term":[{"taxonomy":"category","embeddable":true,"href":"https:\/\/www.invarena.cz\/index.php?rest_route=%2Fwp%2Fv2%2Fcategories&post=24293"},{"taxonomy":"post_tag","embeddable":true,"href":"https:\/\/www.invarena.cz\/index.php?rest_route=%2Fwp%2Fv2%2Ftags&post=24293"}],"curies":[{"name":"wp","href":"https:\/\/api.w.org\/{rel}","templated":true}]}}