{"id":2432,"date":"2013-03-15T08:32:00","date_gmt":"2013-03-15T07:32:00","guid":{"rendered":"http:\/\/www.invarena.cz\/?p=2432"},"modified":"2014-10-20T20:14:19","modified_gmt":"2014-10-20T18:14:19","slug":"diky-sbirce-jste-zbohatl-rekl-urad-invalidovi-a-vzal-mu-davky","status":"publish","type":"post","link":"https:\/\/www.invarena.cz\/?p=2432","title":{"rendered":"D\u00edky sb\u00edrce jste zbohatl, \u0159ekl \u00fa\u0159ad invalidovi a vzal mu d\u00e1vky"},"content":{"rendered":"<p>Na d\u00e1vky nem\u00e1te n\u00e1rok, jste p\u0159\u00edli\u0161 bohat\u00fd. K takov\u00e9mu z\u00e1v\u011bru do\u0161li zam\u011bstnanci \u00fa\u0159adu pr\u00e1ce a odebrali Gionovi Perdedajovi z Karlov\u00fdch Var\u016f t\u0159\u00edtis\u00edcov\u00fd p\u0159\u00edsp\u011bvek. D\u016fvodem je transparentn\u00ed \u00fa\u010det, na kter\u00fd invalidovi poslali solid\u00e1rn\u00ed lid\u00e9 v\u00edce ne\u017e p\u016fl milionu korun.<br \/>\n<!--more--><br \/>\nP\u0159ekvapen\u00ed, dojet\u00ed a radost. To byly pocity Giona Perdedaje, kdy\u017e zjistil, jakou vlnu solidarity vyvolal jeho p\u0159\u00edb\u011bh u \u010dten\u00e1\u0159\u016f iDNES.cz a MF DNES. P\u0159ed t\u0159in\u00e1cti lety se dnes \u010dty\u0159ia\u010dty\u0159icetilet\u00fd \u010d\u00ed\u0161n\u00edk z Kosova zastal v Jind\u0159i\u0161sk\u00e9 ulici v Praze star\u00e9 d\u00e1my, kter\u00e9 cht\u011bl zlod\u011bj ukr\u00e1st kabelku.<\/p>\n<p>Lupi\u010d v\u0161ak na Giona Perdedaje vyt\u00e1hl n\u016f\u017e. P\u0159e\u0165al mu kr\u010dn\u00ed tepnu, \u010d\u00edm\u017e ze zdrav\u00e9ho mlad\u00e9ho mu\u017ee ud\u011blal nav\u017edy invalidu, kter\u00fd t\u00e9m\u011b\u0159 nemluv\u00ed a bez francouzsk\u00e9 hole neud\u011bl\u00e1 ani krok.<\/p>\n<p>Proto\u017ee v \u010cesku nepracoval dostate\u010dn\u011b dlouho a nikdo mu po probuzen\u00ed z k\u00f3matu nep\u0159id\u011blil soci\u00e1ln\u00ed pracovnici, ocitl se kosovsk\u00fd zachr\u00e1nce zcela bez prost\u0159edk\u016f. Nem\u011bl z \u010deho platit zdravotn\u00ed a soci\u00e1ln\u00ed poji\u0161t\u011bn\u00ed, tak\u017ee na sebe nenechaly dlouho \u010dekat ani dluhy.<\/p>\n<p>Gion Perdedaj se z hlavn\u00edho m\u011bsta p\u0159est\u011bhoval do Karlov\u00fdch Var\u016f, kde se o n\u011bj staraj\u00ed jeho dva brat\u0159i. Pot\u00e9, co iDNES.cz zve\u0159ejnil jeho p\u0159\u00edb\u011bh, zalo\u017eil na p\u0159\u00e1n\u00ed \u010dten\u00e1\u0159\u016f karlovarsk\u00fd advok\u00e1t Ronald N\u011bmec Kosovanovi transparentn\u00ed \u00fa\u010det.<\/p>\n<p>B\u011bhem dvou m\u011bs\u00edc\u016f na n\u011bj p\u0159i\u0161lo p\u0159es p\u016fl milionu korun. A to je te\u010f d\u016fvod, pro\u010d mu \u00fa\u0159ad pr\u00e1ce sebral p\u0159\u00edsp\u011bvek na \u017eivobyt\u00ed. Ten se p\u0159itom Gion Perdedaj spole\u010dn\u011b s Ronaldem N\u011bmcem sna\u017eili vy\u0159\u00eddit n\u011bkolik t\u00fddn\u016f. Jednor\u00e1zov\u00e1 sb\u00edrka v\u0161ak jejich \u00fasil\u00ed p\u0159ekazila. P\u0159\u00edli\u0161 bohat\u00fd invalida<\/p>\n<p>&#8222;Kdy\u017e \u00fa\u0159edn\u00edci zjistili, \u017ee je na kont\u011b p\u016fl milionu, okam\u017eit\u011b zah\u00e1jili spr\u00e1vn\u00ed \u0159\u00edzen\u00ed o odebr\u00e1n\u00ed d\u00e1vky s t\u00edm, \u017ee je pan Perdedaj p\u0159\u00edli\u0161 bohat\u00fd. Zam\u011bstnankyn\u011b \u00fa\u0159adu pr\u00e1ce z toho byla ne\u0161\u0165astn\u00e1, ale \u0159\u00edkala, \u017ee takov\u00fd je z\u00e1kon i pokyn nad\u0159\u00edzen\u00fdch. P\u0159\u00edsp\u011bvek by mu nechali jen tehdy, kdyby pen\u00edze byly ur\u010den\u00e9 pouze na l\u00e9\u010den\u00ed. Pro\u010d by si za n\u011b ale nemohl koupit t\u0159eba kalhoty?&#8220; divil se Ronald N\u011bmec.<\/p>\n<p>Odebr\u00e1n\u00ed d\u00e1vek je v\u0161ak v takov\u00e9m p\u0159\u00edpad\u011b podle ministerstva pr\u00e1ce a soci\u00e1ln\u00edch v\u011bc\u00ed v po\u0159\u00e1dku. &#8222;Pot\u00e9, co se situace pana Perdedaje d\u00edky sb\u00edrce zlep\u0161ila, \u00da\u0159ad pr\u00e1ce musel p\u0159estat d\u00e1vky pomoci v hmotn\u00e9 nouzi vypl\u00e1cet. A to proto, \u017ee tyto p\u0159\u00edsp\u011bvky se, zjednodu\u0161en\u011b \u0159e\u010deno, odv\u00edj\u00ed od celkov\u00fdch soci\u00e1ln\u00edch a majetkov\u00fdch pom\u011br\u016f a maj\u00ed zabezpe\u010dit z\u00e1kladn\u00ed \u017eivotn\u00ed pot\u0159eby,&#8220; uvedla mluv\u010d\u00ed ministerstva \u0160t\u011bp\u00e1nka Filipov\u00e1.<\/p>\n<p>\u010c\u00e1st pen\u011bz p\u0159itom Gion Perdedaj pou\u017eil k tomu, aby zaplatil dluh VZP. Ten se vy\u0161plhal zhruba ke 180 tis\u00edc\u016fm plus pen\u00e1le.<br \/>\nA\u010dkoli Ronald N\u011bmec n\u011bkolikr\u00e1t \u017e\u00e1dal poji\u0161\u0165ovnu i jej\u00ed p\u0159edstavenstvo, aby Kosovanovi dluh i s pen\u00e1le kompletn\u011b odpustilo. VZP prominula jen \u010d\u00e1st a kv\u016fli zbytku dluhu podle Ronalda N\u011bmce na\u0159\u00eddila exekuci. Proto Gion Perdedaj zaplatil v\u0161e, co poji\u0161\u0165ovna cht\u011bla.<\/p>\n<p>Podle mluv\u010d\u00edho Vlastimila Sr\u0161n\u011b se poji\u0161\u0165ovna zachovala zodpov\u011bdn\u011b. &#8222;Zhodnotila celou situaci a \u010d\u00e1st dluhu panu Perdedajovi prominula. Nicm\u00e9n\u011b je pot\u0159eba si uv\u011bdomit, \u017ee VZP pracuje s ve\u0159ejn\u00fdmi prost\u0159edky a rozhodn\u011b nem\u016f\u017ee nahrazovat z ve\u0159ejn\u00e9ho zdravotn\u00edho poji\u0161t\u011bn\u00ed soci\u00e1ln\u00ed syst\u00e9m,&#8220; uvedl.<\/p>\n<p>Ronald N\u011bmec by byl ov\u0161em r\u00e1d, kdyby VZP Gionimu Perdedajovi dluh prominula a pen\u00edze vr\u00e1tila. &#8222;Krom\u011b zhruba osmi tis\u00edc korun, kter\u00e9 dlu\u017eil, ne\u017e skon\u010dil v k\u00f3matu,&#8220; \u0159ekl Ronald N\u011bmec, kter\u00fd nad p\u0159\u00edstupem \u010desk\u00fdch \u00fa\u0159ad\u016f nev\u011b\u0159\u00edcn\u011b krout\u00ed hlavou.<\/p>\n<p>&#8222;Jako ob\u010dan se za sv\u016fj st\u00e1t styd\u00edm. Gion Perdedaj je slu\u0161n\u00fd \u010dlov\u011bk, kter\u00fd se zastal star\u00e9 pan\u00ed, a st\u00e1t mu nenab\u00eddl pomoc. Za dvan\u00e1ct let utrpen\u00ed si nikdy nest\u011b\u017eoval a nenapadlo ho \u017e\u00e1dat o d\u00e1vky, by\u0165 jej dle m\u00e9ho m\u011bl st\u00e1t po propu\u0161t\u011bn\u00ed z nemocnice kontaktovat a nab\u00eddnout mu soci\u00e1ln\u00ed slu\u017eby. Nic takov\u00e9ho se ale nestalo,&#8220; mrz\u00ed Ronalda N\u011bmce.<\/p>\n<p>Advok\u00e1t nyn\u00ed sh\u00e1n\u00ed l\u00e9ka\u0159e, kter\u00fd by v\u011bd\u011bl, jak Kosovanovi alespo\u0148 \u010d\u00e1ste\u010dn\u011b vr\u00e1tit \u0159e\u010d. Jeho dal\u0161\u00ed l\u00e9\u010dbu maj\u00ed zaplatit zbyl\u00e9 statis\u00edce, kter\u00e9 jsou na transparentn\u00edm \u00fa\u010dtu.<br \/>\nGiona Perdedaje chce m\u00edstop\u0159edseda \u010cSSD Zden\u011bk \u0160kromach navrhnout na st\u00e1tn\u00ed vyznamen\u00e1n\u00ed.<\/p>\n<p>Mlad\u00e1 fronta DNES<\/p>\n","protected":false},"excerpt":{"rendered":"<div class=\"mh-excerpt\"><p>Na d\u00e1vky nem\u00e1te n\u00e1rok, jste p\u0159\u00edli\u0161 bohat\u00fd. K takov\u00e9mu z\u00e1v\u011bru do\u0161li zam\u011bstnanci \u00fa\u0159adu pr\u00e1ce a odebrali Gionovi Perdedajovi z Karlov\u00fdch Var\u016f t\u0159\u00edtis\u00edcov\u00fd p\u0159\u00edsp\u011bvek. D\u016fvodem je <a class=\"mh-excerpt-more\" href=\"https:\/\/www.invarena.cz\/?p=2432\" title=\"D\u00edky sb\u00edrce jste zbohatl, \u0159ekl \u00fa\u0159ad invalidovi a vzal mu d\u00e1vky\">[&#8230;]<\/a><\/p>\n<\/div>","protected":false},"author":1,"featured_media":2440,"comment_status":"open","ping_status":"open","sticky":false,"template":"","format":"standard","meta":{"footnotes":""},"categories":[7,9],"tags":[],"class_list":["post-2432","post","type-post","status-publish","format-standard","has-post-thumbnail","hentry","category-spolecnost","category-zpravy"],"_links":{"self":[{"href":"https:\/\/www.invarena.cz\/index.php?rest_route=\/wp\/v2\/posts\/2432","targetHints":{"allow":["GET"]}}],"collection":[{"href":"https:\/\/www.invarena.cz\/index.php?rest_route=\/wp\/v2\/posts"}],"about":[{"href":"https:\/\/www.invarena.cz\/index.php?rest_route=\/wp\/v2\/types\/post"}],"author":[{"embeddable":true,"href":"https:\/\/www.invarena.cz\/index.php?rest_route=\/wp\/v2\/users\/1"}],"replies":[{"embeddable":true,"href":"https:\/\/www.invarena.cz\/index.php?rest_route=%2Fwp%2Fv2%2Fcomments&post=2432"}],"version-history":[{"count":0,"href":"https:\/\/www.invarena.cz\/index.php?rest_route=\/wp\/v2\/posts\/2432\/revisions"}],"wp:featuredmedia":[{"embeddable":true,"href":"https:\/\/www.invarena.cz\/index.php?rest_route=\/wp\/v2\/media\/2440"}],"wp:attachment":[{"href":"https:\/\/www.invarena.cz\/index.php?rest_route=%2Fwp%2Fv2%2Fmedia&parent=2432"}],"wp:term":[{"taxonomy":"category","embeddable":true,"href":"https:\/\/www.invarena.cz\/index.php?rest_route=%2Fwp%2Fv2%2Fcategories&post=2432"},{"taxonomy":"post_tag","embeddable":true,"href":"https:\/\/www.invarena.cz\/index.php?rest_route=%2Fwp%2Fv2%2Ftags&post=2432"}],"curies":[{"name":"wp","href":"https:\/\/api.w.org\/{rel}","templated":true}]}}