{"id":24328,"date":"2016-01-28T13:26:51","date_gmt":"2016-01-28T12:26:51","guid":{"rendered":"http:\/\/www.invarena.cz\/?p=24328"},"modified":"2016-01-28T13:26:51","modified_gmt":"2016-01-28T12:26:51","slug":"studenti-pomahaji-nemocnemu-chlapci-vybrali-uz-desitky-tisic","status":"publish","type":"post","link":"https:\/\/www.invarena.cz\/?p=24328","title":{"rendered":"Studenti pom\u00e1haj\u00ed nemocn\u00e9mu chlapci, vybrali u\u017e des\u00edtky tis\u00edc"},"content":{"rendered":"<p><strong>Studenti z\u00e1b\u0159e\u017esk\u00e9ho gymn\u00e1zia se rozhodli pomoci dev\u00edtilet\u00e9mu Kub\u00edkovi trp\u00edc\u00edmu autismem, kter\u00fd se stal ob\u011bt\u00ed selh\u00e1n\u00ed soci\u00e1ln\u00edho syst\u00e9mu a \u00fa\u0159edn\u00ed byrokracie. Pod z\u00e1\u0161titou Nada\u010dn\u00edho fondu pomoci Karla Jane\u010dka po\u0159\u00e1daj\u00ed sb\u00edrku, kter\u00e1 m\u00e1 Kub\u00edkovi pomoci zaplatit osobn\u00edho asistenta.<\/strong> <!--more--><\/p>\n<p>Z\u00e1b\u0159eh \u2013 Kuba se v \u0161esti letech ocitl v \u00fastavu, kter\u00fd neodpov\u00eddal jeho v\u011bku ani zdravotn\u00edmu posti\u017een\u00ed. Nav\u00edc bez asistenta, jeho\u017e pomoc nezbytn\u011b pot\u0159ebuje. Na cel\u00fd p\u0159\u00edpad tehdy upozornila \u010cesk\u00e1 televize. Po negativn\u00ed reakci ve\u0159ejnosti byl Kub\u00edk p\u0159em\u00edst\u011bn do d\u011btsk\u00e9ho domova v Z\u00e1b\u0159ehu mezi sv\u00e9 vrstevn\u00edky.<\/p>\n<p>&#8222;Oslovil n\u00e1s pan \u010cestm\u00edr Hork\u00fd z Nada\u010dn\u00edho fondu pomoci Karla Jane\u010dka, kter\u00fd je absolventem z\u00e1b\u0159e\u017esk\u00e9ho gymn\u00e1zia. Kdy\u017e jsme se o p\u0159\u00edb\u011bhu mal\u00e9ho Kuby dozv\u011bd\u011bli, rozhodli jsme se ho podpo\u0159it. Vytvo\u0159ili jsme t\u00fdm asi dvaceti student\u016f nap\u0159\u00ed\u010d t\u0159\u00eddami, kter\u00fd jsme nazvali Gympl\u00e1ci pro Kub\u00edka, a rozjeli projekt,&#8220; popisuje za\u010d\u00e1tky studentka Michaela Zezulov\u00e1.<\/p>\n<p>Studenti si sami navrhli logo a za\u010dali pracovat na propagaci. &#8222;Zkontaktovali jsme tak\u00e9 d\u011btsk\u00fd domov, kde Kuba \u017eije. Byli jsme ho i nav\u0161t\u00edvit, abychom se s n\u00edm sezn\u00e1mili a mohli celou v\u011bc l\u00e9pe pochopit. Pak jsme za\u010dali oslovovat firmy, zda by n\u00e1s podpo\u0159ily,&#8220; dod\u00e1v\u00e1 dal\u0161\u00ed ze studentek Jana Sk\u0159iv\u00e1nkov\u00e1.<\/p>\n<p>Gympl\u00e1ci pro Kub\u00edka si p\u016fvodn\u011b dali za c\u00edl vybrat t\u0159icet tis\u00edc korun. Osobn\u00ed asistent pro Kubu ale stoj\u00ed na cel\u00fd rok 216 tis\u00edc. Studenti se do sb\u00edrky pustili s takovou vervou, \u017ee p\u016fvodn\u011b zam\u00fd\u0161lenou \u010d\u00e1stku u\u017e dvakr\u00e1t zvy\u0161ovali. Dnes u\u017e cht\u011bj\u00ed vybrat sto deset tis\u00edc, tedy p\u0159ibli\u017en\u011b polovinu pot\u0159ebn\u00e9 sumy.<\/p>\n<p>&#8222;P\u016fvodn\u00ed t\u0159icetitis\u00edcov\u00fd limit jsme nastavili po dohod\u011b s nada\u010dn\u00edm fondem, proto\u017ee jsme moc nev\u011b\u0159ili, \u017ee by se n\u00e1m tolik pen\u011bz mohlo poda\u0159it z\u00edskat. P\u0159ekonali jsme ho ale u\u017e za t\u00fdden. V\u0161echny n\u00e1s p\u0159ekvapilo, jak\u00fd \u00fasp\u011bch projekt m\u011bl a jak byli lid\u00e9 ochotn\u00ed pomoci,&#8220; \u0159\u00edk\u00e1 studentka Martina Pumprlov\u00e1.<\/p>\n<p>Gymnazist\u00e9 neobch\u00e1zeli jen firmy, ale pot\u0159ebn\u00e9 pen\u00edze se rozhodli i sami vyd\u011blat. &#8222;Kdy\u017e byl v na\u0161\u00ed \u0161kole den otev\u0159en\u00fdch dve\u0159\u00ed, tak jsme vytvo\u0159ili kav\u00e1rnu, kde mohli rodi\u010de posed\u011bt, zat\u00edmco \u010dekali na sv\u00e9 d\u011bti. Nab\u00edzeli jsme k\u00e1vu i doma upe\u010den\u00e9 sladkosti. Je\u0161t\u011b n\u00e1s \u010dek\u00e1 maturitn\u00ed ples, kde bude kasi\u010dka na p\u0159\u00edsp\u011bvky,&#8220; p\u0159ibli\u017euje dal\u0161\u00ed aktivity Michaela Zezulov\u00e1.<\/p>\n<p>Velk\u00fd \u00fasp\u011bch m\u011bl tak\u00e9 koncert \u0161umpersk\u00fdch kapel, kter\u00fd uspo\u0159\u00e1dali minul\u00fd t\u00fdden. &#8222;Zahr\u00e1li na n\u011bm i studenti na\u0161eho gymn\u00e1zia. Sna\u017eili jsme se propojit hudbu s pomoc\u00ed a jsme r\u00e1di, \u017ee se to povedlo. P\u0159i\u0161lo asi sedm des\u00edtek lid\u00ed,&#8220; \u0159\u00edk\u00e1 Jana Sk\u0159iv\u00e1nkov\u00e1.<\/p>\n<p>Studenti si z \u00fasp\u011b\u0161n\u011b rozjet\u00e9 charitativn\u00ed akce vzali i pou\u010den\u00ed do dal\u0161\u00edho \u017eivota. &#8222;Ze za\u010d\u00e1tku n\u00e1s to mo\u017en\u00e1 trochu zasko\u010dilo, ale byla to velk\u00e1 v\u00fdzva a skute\u010dn\u00e1 \u0161ance se jako studenti zapojit a pomoci dobr\u00e9 v\u011bci. Hodn\u011b n\u00e1m to dalo,&#8220; shoduj\u00ed se studentky.<\/p>\n<p>Nad\u0161en\u00ed gymnazist\u016f zaujalo i m\u00edstn\u00ed neziskovou organizaci Charita Z\u00e1b\u0159eh. Rozhodla se v\u011bnovat na podporu Kub\u00edka cel\u00fd v\u00fdt\u011b\u017eek ze sv\u00e9ho spole\u010densk\u00e9ho plesu. Ten se kon\u00e1 v p\u00e1tek 29. ledna v Katolick\u00e9m dom\u011b, symbolicky jen kousek od m\u00edsta, kde m\u00e1 dnes Kub\u00edk sv\u016fj nov\u00fd domov.<\/p>\n<p>&#8222;Zaujet\u00ed student\u016f bylo naka\u017eliv\u00e9, a proto jsme r\u00e1di opustili n\u00e1\u0161 vlastn\u00ed z\u00e1m\u011br, kter\u00fdm byl n\u00e1kup speci\u00e1ln\u00edho polohovac\u00edho k\u0159esla pro seniory v Domovince, a p\u0159ipoj\u00edme se s v\u00fdt\u011b\u017ekem plesu k pomoci mal\u00e9mu Kub\u00edkovi. Do studentsk\u00e9 sb\u00edrky v\u011bnujeme cel\u00fd v\u00fdt\u011b\u017eek ve\u010dera, tedy p\u0159\u00edjmy ze vstupn\u00e9ho, za sout\u011b\u017en\u00ed losy i zisk z \u00fatraty za ob\u010derstven\u00ed,&#8220; sd\u011blila Jana Skalick\u00e1 ze z\u00e1b\u0159e\u017esk\u00e9 Charity.<\/p>\n<p>Nyn\u00ed je na kont\u011b p\u0159es p\u011btadevades\u00e1t tis\u00edc. Do 3. \u00fanora, kdy projekt kon\u010d\u00ed, zb\u00fdv\u00e1 vybrat n\u011bco m\u00e1lo p\u0159es dev\u011bt tis\u00edc korun. Nada\u010dn\u00ed fond toti\u017e ka\u017ed\u00fd p\u0159\u00edsp\u011bvek n\u00e1sob\u00ed takzvan\u00fdm zlat\u00fdm \u0159ezem \u2013 koeficientem 1,62. Ke ka\u017ed\u00e9 darovan\u00e9 stokorun\u011b tak p\u0159id\u00e1 62 koruny. Studenti se u\u017e te\u010f t\u011b\u0161\u00ed, a\u017e budou moci v\u00fdt\u011b\u017eek p\u0159edat p\u0159\u00edmo Kub\u00edkovi.<\/p>\n<p>\u0160umpersk\u00fd a Jesenick\u00fd den\u00edk<br \/>\n<a href=\"http:\/\/www.sumpersky.denik.cz\/\">http:\/\/www.sumpersky.denik.cz\/<\/a><\/p>\n","protected":false},"excerpt":{"rendered":"<div class=\"mh-excerpt\"><p>Studenti z\u00e1b\u0159e\u017esk\u00e9ho gymn\u00e1zia se rozhodli pomoci dev\u00edtilet\u00e9mu Kub\u00edkovi trp\u00edc\u00edmu autismem, kter\u00fd se stal ob\u011bt\u00ed selh\u00e1n\u00ed soci\u00e1ln\u00edho syst\u00e9mu a \u00fa\u0159edn\u00ed byrokracie. Pod z\u00e1\u0161titou Nada\u010dn\u00edho fondu pomoci <a class=\"mh-excerpt-more\" href=\"https:\/\/www.invarena.cz\/?p=24328\" title=\"Studenti pom\u00e1haj\u00ed nemocn\u00e9mu chlapci, vybrali u\u017e des\u00edtky tis\u00edc\">[&#8230;]<\/a><\/p>\n<\/div>","protected":false},"author":1,"featured_media":18794,"comment_status":"open","ping_status":"closed","sticky":false,"template":"","format":"standard","meta":{"footnotes":""},"categories":[9],"tags":[],"class_list":["post-24328","post","type-post","status-publish","format-standard","has-post-thumbnail","hentry","category-zpravy"],"_links":{"self":[{"href":"https:\/\/www.invarena.cz\/index.php?rest_route=\/wp\/v2\/posts\/24328","targetHints":{"allow":["GET"]}}],"collection":[{"href":"https:\/\/www.invarena.cz\/index.php?rest_route=\/wp\/v2\/posts"}],"about":[{"href":"https:\/\/www.invarena.cz\/index.php?rest_route=\/wp\/v2\/types\/post"}],"author":[{"embeddable":true,"href":"https:\/\/www.invarena.cz\/index.php?rest_route=\/wp\/v2\/users\/1"}],"replies":[{"embeddable":true,"href":"https:\/\/www.invarena.cz\/index.php?rest_route=%2Fwp%2Fv2%2Fcomments&post=24328"}],"version-history":[{"count":0,"href":"https:\/\/www.invarena.cz\/index.php?rest_route=\/wp\/v2\/posts\/24328\/revisions"}],"wp:featuredmedia":[{"embeddable":true,"href":"https:\/\/www.invarena.cz\/index.php?rest_route=\/wp\/v2\/media\/18794"}],"wp:attachment":[{"href":"https:\/\/www.invarena.cz\/index.php?rest_route=%2Fwp%2Fv2%2Fmedia&parent=24328"}],"wp:term":[{"taxonomy":"category","embeddable":true,"href":"https:\/\/www.invarena.cz\/index.php?rest_route=%2Fwp%2Fv2%2Fcategories&post=24328"},{"taxonomy":"post_tag","embeddable":true,"href":"https:\/\/www.invarena.cz\/index.php?rest_route=%2Fwp%2Fv2%2Ftags&post=24328"}],"curies":[{"name":"wp","href":"https:\/\/api.w.org\/{rel}","templated":true}]}}