{"id":24336,"date":"2016-01-29T10:49:58","date_gmt":"2016-01-29T09:49:58","guid":{"rendered":"http:\/\/www.invarena.cz\/?p=24336"},"modified":"2016-01-29T17:48:44","modified_gmt":"2016-01-29T16:48:44","slug":"roztocke-muzeum-se-otevira-i-nevidomym","status":"publish","type":"post","link":"https:\/\/www.invarena.cz\/?p=24336","title":{"rendered":"Roztock\u00e9 muzeum se otev\u00edr\u00e1 i nevidom\u00fdm"},"content":{"rendered":"<p><strong>Ode dne\u0161ka m\u00e1 St\u0159edo\u010desk\u00e9 muzeum v Roztok\u00e1ch u Prahy novinku. Jedn\u00e1 se o model z\u00e1mku ur\u010den\u00fd p\u0159edev\u0161\u00edm pro slabozrak\u00e9 a nevidom\u00e9 n\u00e1v\u0161t\u011bvn\u00edky.<\/strong> <!--more--><\/p>\n<p>foto: muzeum-roztoky.cz<\/p>\n<p>V nejbli\u017e\u0161\u00edch letech by m\u011bly vzniknout dal\u0161\u00ed hmatov\u00e9 modely zachycuj\u00edc\u00ed nejd\u016fle\u017eit\u011bj\u0161\u00ed architektonick\u00e9 prom\u011bny t\u00e9to historick\u00e9 stavby ze 13. stolet\u00ed. Model o velikosti 70 a 25 centimetr\u016f vytvo\u0159il Pavel Jedli\u010dka. Cena byla 90 tis\u00edc korun a pen\u011bzi na ni p\u0159isp\u011blo ministerstvo kultury.<\/p>\n<p>&#8222;Mo\u017enost osahat si model konkr\u00e9tn\u00edho objektu je podle osobn\u00ed konzultace s nevidom\u00fdmi velmi zaj\u00edmav\u00e1 a pou\u010dn\u00e1. D\u00e1 se na n\u00ed vedle samotn\u00e9 prom\u011bny z\u00e1mku uk\u00e1zat rozd\u00edly mezi charakteristick\u00fdmi prvky jednotliv\u00fdch \u010dasov\u00fdch obdob\u00ed,&#8220; p\u0159ibl\u00ed\u017eila prvotn\u00ed my\u0161lenku vedouc\u00ed k realizaci projektu \u0159editelka muzea Zita Such\u00e1nkov\u00e1.<\/p>\n<p>Roztock\u00fd z\u00e1mek pro\u0161el za dobu sv\u00e9ho v\u00fdvoje p\u011bti prom\u011bnami. Model, u kter\u00e9ho je i popis v Braillov\u011b p\u00edsmu, p\u0159edstavuje prvn\u00ed st\u00e1dium ze 13. stolet\u00ed, kdy \u0161lo o vodn\u00ed tvrz. D\u00e1le se ze z\u00e1mku stala gotick\u00e1 tvrz, pro\u0161la renesan\u010dn\u00ed prom\u011bnou, barokn\u00ed p\u0159estavbou a\u017e do sou\u010dasn\u00e9 podoby. Muzeum by \u010dasem r\u00e1do nechalo vytvo\u0159it v\u0161ech p\u011bt variant.<\/p>\n<p>&#8222;C\u00edt\u00edme velk\u00e9 mo\u017enosti v oblasti roz\u0161\u00ed\u0159en\u00ed aktivit pro zdravotn\u011b posti\u017een\u00e9 ob\u010dany, a\u0165 mohou vn\u00edmat kulturu a um\u011bn\u00ed pro n\u011b nejsrozumiteln\u011bj\u0161\u00edmi prost\u0159edky. Proto jsme se rozhodli p\u0159ibl\u00ed\u017eit t\u00e9\u017e nevidom\u00fdm a slabozrak\u00fdm jedine\u010dnost a kr\u00e1su historick\u00e9ho objektu z\u00e1mku,&#8220; doplnila Such\u00e1nkov\u00e1.<\/p>\n<p>Hmatov\u00e9 neboli haptick\u00e9 modely se t\u011b\u0161\u00ed st\u00e1le v\u011bt\u0161\u00ed oblib\u011b na \u010desk\u00fdch hradech a z\u00e1mc\u00edch. D\u00edky nim mohou i nevidom\u00ed lid\u00e9 zjistit, jak vypadaj\u00ed pam\u00e1tky.<\/p>\n<p>PAVLA JANOU\u0160KOV\u00c1<br \/>\nPra\u017esk\u00fd den\u00edk<br \/>\n<a href=\"http:\/\/www.prazsky.denik.cz\/\">http:\/\/www.prazsky.denik.cz\/<\/a><\/p>\n","protected":false},"excerpt":{"rendered":"<div class=\"mh-excerpt\"><p>Ode dne\u0161ka m\u00e1 St\u0159edo\u010desk\u00e9 muzeum v Roztok\u00e1ch u Prahy novinku. Jedn\u00e1 se o model z\u00e1mku ur\u010den\u00fd p\u0159edev\u0161\u00edm pro slabozrak\u00e9 a nevidom\u00e9 n\u00e1v\u0161t\u011bvn\u00edky.<\/p>\n<\/div>","protected":false},"author":1,"featured_media":24351,"comment_status":"open","ping_status":"closed","sticky":false,"template":"","format":"standard","meta":{"footnotes":""},"categories":[17],"tags":[],"class_list":["post-24336","post","type-post","status-publish","format-standard","has-post-thumbnail","hentry","category-kultura"],"_links":{"self":[{"href":"https:\/\/www.invarena.cz\/index.php?rest_route=\/wp\/v2\/posts\/24336","targetHints":{"allow":["GET"]}}],"collection":[{"href":"https:\/\/www.invarena.cz\/index.php?rest_route=\/wp\/v2\/posts"}],"about":[{"href":"https:\/\/www.invarena.cz\/index.php?rest_route=\/wp\/v2\/types\/post"}],"author":[{"embeddable":true,"href":"https:\/\/www.invarena.cz\/index.php?rest_route=\/wp\/v2\/users\/1"}],"replies":[{"embeddable":true,"href":"https:\/\/www.invarena.cz\/index.php?rest_route=%2Fwp%2Fv2%2Fcomments&post=24336"}],"version-history":[{"count":0,"href":"https:\/\/www.invarena.cz\/index.php?rest_route=\/wp\/v2\/posts\/24336\/revisions"}],"wp:featuredmedia":[{"embeddable":true,"href":"https:\/\/www.invarena.cz\/index.php?rest_route=\/wp\/v2\/media\/24351"}],"wp:attachment":[{"href":"https:\/\/www.invarena.cz\/index.php?rest_route=%2Fwp%2Fv2%2Fmedia&parent=24336"}],"wp:term":[{"taxonomy":"category","embeddable":true,"href":"https:\/\/www.invarena.cz\/index.php?rest_route=%2Fwp%2Fv2%2Fcategories&post=24336"},{"taxonomy":"post_tag","embeddable":true,"href":"https:\/\/www.invarena.cz\/index.php?rest_route=%2Fwp%2Fv2%2Ftags&post=24336"}],"curies":[{"name":"wp","href":"https:\/\/api.w.org\/{rel}","templated":true}]}}