{"id":24354,"date":"2016-01-30T12:10:07","date_gmt":"2016-01-30T11:10:07","guid":{"rendered":"http:\/\/www.invarena.cz\/?p=24354"},"modified":"2016-01-30T12:10:07","modified_gmt":"2016-01-30T11:10:07","slug":"mpsv-nechce-prezkoumat-rozhodnuti-fokusu-nezbyva-nez-se-soudit","status":"publish","type":"post","link":"https:\/\/www.invarena.cz\/?p=24354","title":{"rendered":"MPSV nechce p\u0159ezkoumat rozhodnut\u00ed. Fokusu nezb\u00fdv\u00e1 ne\u017e se soudit"},"content":{"rendered":"<p><strong>MPSV zam\u00edtlo podn\u011bt Fokusu Praha z roku 2014 k p\u0159ezkoum\u00e1n\u00ed rozhodnut\u00ed, kter\u00fdm nebyl p\u0159izn\u00e1n Fokusu p\u0159\u00edsp\u011bvek na podporu zam\u011bstn\u00e1v\u00e1n\u00ed osob se zdravotn\u00edm posti\u017een\u00edm na chr\u00e1n\u011bn\u00e9m pracovn\u00edm m\u00edst\u011b ve v\u00fd\u0161i 2,3 miliony korun. <\/strong> <!--more--><\/p>\n<p>ilustra\u010dn\u00ed foto: PhotoRack<\/p>\n<p>D\u016fvodem je odpu\u0161t\u011bn\u00fd form\u00e1ln\u00ed dluh u VZP ve v\u00fd\u0161i 2 203 K\u010d.<\/p>\n<p>P\u0159itom u\u017e v roce 2014 v reakci na zam\u00edtnut\u00ed p\u0159\u00edsp\u011bvku pro Fokus Praha ministryn\u011b Michaela Marksov\u00e1 reagovala v m\u00e9di\u00edch slovy: \u201e je absurdn\u00ed, abychom je de facto takhle zni\u010dili. Jestli je to na m\u00e9m rozhodnut\u00ed, tak samoz\u0159ejm\u011b rozhodnut\u00ed  \u00da\u0159adu pr\u00e1ce zvr\u00e1t\u00edm. \u00da\u0159edn\u00edci, kte\u0159\u00ed v\u011bc posuzuj\u00ed, se boj\u00ed kontrol, mus\u00ed se pohybovat v mez\u00edch z\u00e1kona. Na druhou stranu, \u010dasto jsem s nimi kv\u016fli tomu v polemice. Sice dodr\u017e\u00edme z\u00e1kon, ale m\u011bli bychom nad t\u00edm tak\u00e9 p\u0159em\u00fd\u0161let, abychom pak kv\u016fli doslovn\u00e9mu dodr\u017eov\u00e1n\u00ed z\u00e1kona neni\u010dili organizace a lidi, kde to nem\u00e1 smysl&#8220;, varovala v roce 2014 v m\u00e9di\u00edch Marksov\u00e1. ( http:\/\/www.lidovky.cz\/marksova-je-absurdni-aby-stat-kvuli-byrokracii-znicil-firmu-pro-handicapovane-1yd-\/zpravy-domov.aspx?c=A140528_160023_ln_domov_ogo)<\/p>\n<p>P\u0159esto z jej\u00edho \u00fa\u0159adu p\u0159i\u0161lo po v\u00edce ne\u017e roce zam\u00edtav\u00e9 stanovisko, kter\u00e9 bylo od\u016fvodn\u011bn\u00e9 t\u00edm, \u017ee jen rozpor s pr\u00e1vn\u00edm p\u0159edpisem m\u016f\u017ee b\u00fdt jedin\u00fdm d\u016fvodem pro zm\u011bnu zru\u0161en\u00ed pravomocn\u00fdch rozhodnut\u00ed.<\/p>\n<p>\u201eJe smutn\u00e9, \u017ee se po roce a p\u016fl ukazuje, \u017ee strach \u00fa\u0159edn\u00edk\u016f p\u0159em\u00fd\u0161let zv\u00edt\u011bzil nad odhodl\u00e1n\u00edm pan\u00ed ministryn\u011b netrestat nep\u0159im\u011b\u0159en\u011b organizaci, kter\u00e1 dlouhodob\u011b napl\u0148uje c\u00edle, kter\u00e9 jsou jednozna\u010dn\u011b v souladu se z\u00e1jmy st\u00e1tu i MPSV,&#8220;  komentuje Pavel Nov\u00e1k, gener\u00e1ln\u00ed \u0159editel Fokusu Praha.<\/p>\n<p>tiskov\u00e1 zpr\u00e1va Fokus Praha<\/p>\n<p>cel\u00e1 zpr\u00e1va je n\u00ed\u017ee:<\/p>\n<p><strong> Fokus Praha nedostane 2,3 miliony kv\u016fli 2 203 K\u010d<\/strong><\/p>\n<p>Praha, 29. ledna 2016: MPSV 13. ledna 2016 zam\u00edtlo podn\u011bt Fokusu Praha z roku 2014 k p\u0159ezkoum\u00e1n\u00ed rozhodnut\u00ed, kter\u00fdm nebyl p\u0159izn\u00e1n Fokusu p\u0159\u00edsp\u011bvek na podporu zam\u011bstn\u00e1v\u00e1n\u00ed osob se zdravotn\u00edm posti\u017een\u00edm na chr\u00e1n\u011bn\u00e9m pracovn\u00edm m\u00edst\u011b ve v\u00fd\u0161i 2,3 miliony korun. D\u016fvodem je odpu\u0161t\u011bn\u00fd form\u00e1ln\u00ed dluh u VZP ve v\u00fd\u0161i 2 203 K\u010d.<\/p>\n<p>P\u0159itom u\u017e v roce 2014 v reakci na zam\u00edtnut\u00ed p\u0159\u00edsp\u011bvku pro Fokus Praha ministryn\u011b Michaela Marksov\u00e1 reagovala v m\u00e9di\u00edch slovy: \u201e je absurdn\u00ed, abychom je de facto takhle zni\u010dili. Jestli je to na m\u00e9m rozhodnut\u00ed, tak samoz\u0159ejm\u011b rozhodnut\u00ed \u00da\u0159adu pr\u00e1ce zvr\u00e1t\u00edm. \u00da\u0159edn\u00edci, kte\u0159\u00ed v\u011bc posuzuj\u00ed, se boj\u00ed kontrol, mus\u00ed se pohybovat v mez\u00edch z\u00e1kona. Na druhou stranu, \u010dasto jsem s nimi kv\u016fli tomu v polemice. Sice dodr\u017e\u00edme z\u00e1kon, ale m\u011bli bychom nad t\u00edm tak\u00e9 p\u0159em\u00fd\u0161let, abychom pak kv\u016fli doslovn\u00e9mu dodr\u017eov\u00e1n\u00ed z\u00e1kona neni\u010dili organizace a lidi, kde to nem\u00e1 smysl&#8220;, varovala v roce 2014 v m\u00e9di\u00edch Marksov\u00e1. ( http:\/\/www.lidovky.cz\/marksova-je-absurdni-aby-stat-kvuli-byrokracii-znicil-firmu-pro-handicapovane-1yd-\/zpravy-domov.aspx?c=A140528_160023_ln_domov_ogo)<\/p>\n<p>P\u0159esto z jej\u00edho \u00fa\u0159adu p\u0159i\u0161lo po v\u00edce ne\u017e roce zam\u00edtav\u00e9 stanovisko, kter\u00e9 bylo od\u016fvodn\u011bn\u00e9 t\u00edm, \u017ee jen rozpor s pr\u00e1vn\u00edm p\u0159edpisem m\u016f\u017ee b\u00fdt jedin\u00fdm d\u016fvodem pro zm\u011bnu zru\u0161en\u00ed pravomocn\u00fdch rozhodnut\u00ed.<\/p>\n<p>\u201eJe smutn\u00e9, \u017ee se po roce a p\u016fl ukazuje, \u017ee strach \u00fa\u0159edn\u00edk\u016f p\u0159em\u00fd\u0161let zv\u00edt\u011bzil nad odhodl\u00e1n\u00edm pan\u00ed ministryn\u011b netrestat nep\u0159im\u011b\u0159en\u011b organizaci, kter\u00e1 dlouhodob\u011b napl\u0148uje c\u00edle, kter\u00e9 jsou jednozna\u010dn\u011b v souladu se z\u00e1jmy st\u00e1tu i MPSV,&#8220; komentuje Pavel Nov\u00e1k, gener\u00e1ln\u00ed \u0159editel Fokusu Praha.<\/p>\n<p>Jak vznikl probl\u00e9m s 2 203 K\u010d?<\/p>\n<p>P\u0159\u00edb\u011bh za\u010d\u00edn\u00e1 v \u0159\u00edjnu 2011, kdy zam\u011bstnanec se znev\u00fdhodn\u011bn\u00edm po\u017e\u00e1dal o p\u0159ekvalifikov\u00e1n\u00ed z invalidn\u00edho na starobn\u00edho d\u016fchodce. \u010cesk\u00e1 spr\u00e1va soci\u00e1ln\u00edho zabezpe\u010den\u00ed vyhov\u011bla \u017e\u00e1dosti , a to se zp\u011btnou platnost\u00ed v d\u00e9lce 22 m\u011bs\u00edc\u016f. A tak vznikl Fokusu bez jak\u00e9hokoliv jeho p\u0159i\u010din\u011bn\u00ed nedoplatek, kter\u00fd uhradil okam\u017eit\u011b po obdr\u017een\u00ed rozhodnut\u00ed. P\u0159i n\u00e1sledn\u00e9 kontrole z VZP bylo vym\u011b\u0159eno z\u00e1konem stanoven\u00e9 pen\u00e1le \u2013 za zpo\u017ed\u011bn\u00e9 platby \u2013 ve v\u00fd\u0161i 2 203 K\u010d. Proto\u017ee Fokus zpo\u017ed\u011bn\u00ed platby nikterak nezavinil (vzniklo d\u00edky retroaktivn\u00edmu rozhodnut\u00ed \u010cSSZ), po\u017e\u00e1dal o prominut\u00ed pen\u00e1le a VZP skute\u010dn\u011b pen\u00e1le prominula. Nicm\u00e9n\u011b mezit\u00edm posuzoval \u00da\u0159ad pr\u00e1ce Fokus kv\u016fli pravideln\u00e9 \u017e\u00e1dosti o p\u0159\u00edsp\u011bvek na podporu zam\u011bstn\u00e1v\u00e1n\u00ed osob se zdravotn\u00edm posti\u017een\u00edm a shledal, \u017ee Fokus Praha dlu\u017e\u00ed form\u00e1ln\u011b VZP 2 203 K\u010d a z tohoto d\u016fvodu (pr\u00e1vn\u00ed p\u0159edpis) vyplacen\u00ed 2,3 milionu v roce 2014 zam\u00edtl.<\/p>\n<p>Co to znamen\u00e1 pro Fokus Praha?<\/p>\n<p>Fokus Praha samoz\u0159ejm\u011b ji\u017e vyplatil ve druh\u00e9m \u010dtvrtlet\u00ed 2013 sv\u00fdm zam\u011bstnanc\u016fm pen\u00edze, tak jak s t\u00edm po\u010d\u00edtali. Ostatn\u011b p\u0159\u00edsp\u011bvek se p\u0159izn\u00e1v\u00e1 v\u017edy zp\u011btn\u011b. V\u00fdpadek financov\u00e1n\u00ed Fokus \u0159e\u0161\u00ed dlouhodobou p\u016fj\u010dkou \u2013 m\u011bs\u00ed\u010dn\u00ed n\u00e1klady p\u016fj\u010dky ve v\u00fd\u0161i 2,3 mil K\u010d \u010dinily v roce 2014 m\u011bs\u00ed\u010dn\u011b 6 300 K\u010d. P\u0159esnou sumu \u201ep\u0159\u00edslu\u0161enstv\u00ed&#8220; je samoz\u0159ejm\u011b obt\u00ed\u017en\u00e9 stanovit. \u201eNejde jen o to, \u017ee asi nelze nacenit nap\u0159\u00edklad bezesnou noc \u010di pocit frustrace, ale i o \u201evedlej\u0161\u00ed \u00fa\u010dinky&#8220; \u2013 d\u00edky propad\u016fm v cash flow m\u00e1me hor\u0161\u00ed obraz u zam\u011bstnanc\u016f, dodavatel\u016f i don\u00e1tor\u016f,&#8220; \u0159\u00edk\u00e1 v\u00fdkonn\u00fd \u0159editel Fokusu Praha Jan Votava.<\/p>\n<p>Fokusu Praha dnes zb\u00fdv\u00e1 je\u0161t\u011b soudn\u00ed cesta. \u017dalobu k M\u011bstsk\u00e9mu soudu Fokus Praha podal ji\u017e v roce 2014. Zat\u00edm ale jedn\u00e1n\u00ed neprob\u011bhlo. V\u00fdsledek je nejist\u00fd. Stejnou dobu le\u017e\u00ed podn\u011bt na \u00fa\u0159adu ombudsmana.<\/p>\n<p>O Fokusu Praha<\/p>\n<p>Fokus Praha ji\u017e 25 let podporuje lidi se zku\u0161enost\u00ed s v\u00e1\u017en\u00fdm du\u0161evn\u00edm onemocn\u011bn\u00edm. Poskytuje soci\u00e1ln\u00ed i zdravotn\u00ed slu\u017eby, nab\u00edz\u00ed komunitn\u00ed bydlen\u00ed, pom\u00e1h\u00e1m s nalezen\u00edm a udr\u017een\u00edm si pr\u00e1ce, vytv\u00e1\u0159\u00ed pracovn\u00ed m\u00edsta ve vlastn\u00edch soci\u00e1ln\u00edch firm\u00e1ch, vzd\u011bl\u00e1v\u00e1 odborn\u00edky o nejnov\u011bj\u0161\u00edch trendech v recovery (zotaven\u00ed), po\u0159\u00e1d\u00e1 osv\u011btov\u00e9 a vzd\u011bl\u00e1vac\u00ed programy pro st\u0159edo\u0161kol\u00e1ky Bl\u00e1zn\u00ed\u0161? No a!, besedy nejen o du\u0161evn\u00edm zdrav\u00ed pro \u0161irokou ve\u0159ejnost &#8211; Studio 27 a mnoho dal\u0161\u00edho \u2013 www.fokus-praha.cz<\/p>\n","protected":false},"excerpt":{"rendered":"<div class=\"mh-excerpt\"><p>MPSV zam\u00edtlo podn\u011bt Fokusu Praha z roku 2014 k p\u0159ezkoum\u00e1n\u00ed rozhodnut\u00ed, kter\u00fdm nebyl p\u0159izn\u00e1n Fokusu p\u0159\u00edsp\u011bvek na podporu zam\u011bstn\u00e1v\u00e1n\u00ed osob se zdravotn\u00edm posti\u017een\u00edm na chr\u00e1n\u011bn\u00e9m <a class=\"mh-excerpt-more\" href=\"https:\/\/www.invarena.cz\/?p=24354\" title=\"MPSV nechce p\u0159ezkoumat rozhodnut\u00ed. Fokusu nezb\u00fdv\u00e1 ne\u017e se soudit\">[&#8230;]<\/a><\/p>\n<\/div>","protected":false},"author":1,"featured_media":18086,"comment_status":"open","ping_status":"closed","sticky":false,"template":"","format":"standard","meta":{"footnotes":""},"categories":[7],"tags":[],"class_list":["post-24354","post","type-post","status-publish","format-standard","has-post-thumbnail","hentry","category-spolecnost"],"_links":{"self":[{"href":"https:\/\/www.invarena.cz\/index.php?rest_route=\/wp\/v2\/posts\/24354","targetHints":{"allow":["GET"]}}],"collection":[{"href":"https:\/\/www.invarena.cz\/index.php?rest_route=\/wp\/v2\/posts"}],"about":[{"href":"https:\/\/www.invarena.cz\/index.php?rest_route=\/wp\/v2\/types\/post"}],"author":[{"embeddable":true,"href":"https:\/\/www.invarena.cz\/index.php?rest_route=\/wp\/v2\/users\/1"}],"replies":[{"embeddable":true,"href":"https:\/\/www.invarena.cz\/index.php?rest_route=%2Fwp%2Fv2%2Fcomments&post=24354"}],"version-history":[{"count":0,"href":"https:\/\/www.invarena.cz\/index.php?rest_route=\/wp\/v2\/posts\/24354\/revisions"}],"wp:featuredmedia":[{"embeddable":true,"href":"https:\/\/www.invarena.cz\/index.php?rest_route=\/wp\/v2\/media\/18086"}],"wp:attachment":[{"href":"https:\/\/www.invarena.cz\/index.php?rest_route=%2Fwp%2Fv2%2Fmedia&parent=24354"}],"wp:term":[{"taxonomy":"category","embeddable":true,"href":"https:\/\/www.invarena.cz\/index.php?rest_route=%2Fwp%2Fv2%2Fcategories&post=24354"},{"taxonomy":"post_tag","embeddable":true,"href":"https:\/\/www.invarena.cz\/index.php?rest_route=%2Fwp%2Fv2%2Ftags&post=24354"}],"curies":[{"name":"wp","href":"https:\/\/api.w.org\/{rel}","templated":true}]}}