{"id":24360,"date":"2016-02-01T06:34:45","date_gmt":"2016-02-01T05:34:45","guid":{"rendered":"http:\/\/www.invarena.cz\/?p=24360"},"modified":"2016-02-01T06:34:45","modified_gmt":"2016-02-01T05:34:45","slug":"pycha-veterinarni-novela-by-mohla-snizit-naklady-na-mleko","status":"publish","type":"post","link":"https:\/\/www.invarena.cz\/?p=24360","title":{"rendered":"P\u00fdcha: Veterin\u00e1rn\u00ed novela by mohla sn\u00ed\u017eit n\u00e1klady na ml\u00e9ko"},"content":{"rendered":"<p>Novela veterin\u00e1rn\u00edho z\u00e1kona, na kter\u00e9 pracuje ministerstvo zem\u011bd\u011blstv\u00ed, by mohla sn\u00ed\u017eit n\u00e1klady na v\u00fdrobu ml\u00e9ka, \u0159ekl p\u0159edseda Zem\u011bd\u011blsk\u00e9ho svazu \u010cR Martin P\u00fdcha. <!--more--><\/p>\n<p>Podle normy by toti\u017e mohl zem\u011bd\u011blsk\u00fd podnik zam\u011bstn\u00e1vat sv\u00e9ho veterin\u00e1\u0159e, kter\u00fd by pou\u017e\u00edval levn\u011bj\u0161\u00ed druhy l\u00e9\u010div, p\u0159\u00edpadn\u011b jejich men\u0161\u00ed mno\u017estv\u00ed. Proti novele se ost\u0159e stav\u00ed Komora veterin\u00e1rn\u00edch l\u00e9ka\u0159\u016f \u010cR, podle n\u00ed by mohli veterin\u00e1\u0159i v p\u0159\u00edpad\u011b zam\u011bstn\u00e1n\u00ed ztratit svou nez\u00e1vislost. N\u00e1klady na veterin\u00e1\u0159e a l\u00e9ky se podle P\u00fdchy pohybuj\u00ed od deseti do 60 hal\u00e9\u0159\u016f na litr ml\u00e9ka.<\/p>\n<p>&#8222;Dneska zem\u011bd\u011blci veterin\u00e1\u0159 prod\u00e1v\u00e1 nejenom svou pr\u00e1ci, ale i l\u00e9ky. Je motivovan\u00fd, a zat\u00edm mi to nikdo nevyvr\u00e1til, aby zem\u011bd\u011blec nakoupil ur\u010dit\u00e9 druhy l\u00e9k\u016f. A mo\u017en\u00e1 i v\u00edc, ne\u017e je pot\u0159eba,&#8220; uvedl P\u00fdcha. Podle n\u011bj zem\u011bd\u011blsk\u00e9 podniky o zam\u011bstn\u00e1v\u00e1n\u00ed veterin\u00e1\u0159\u016f v\u00e1\u017en\u011b uva\u017euj\u00ed, bez novely z\u00e1kona ale nemohou. &#8222;Nemusel by doj\u00ed\u017ed\u011bt, byl by ve v\u00fdrob\u011b ka\u017ed\u00fd den, byl by schopen l\u00e9pe o\u0161et\u0159it zv\u00ed\u0159ata,&#8220; dodal p\u0159edseda.<\/p>\n<p>Podle mluv\u010d\u00edho Komory veterin\u00e1rn\u00edch l\u00e9ka\u0159\u016f Josefa Dubna je v\u0161ak opak pravdou. &#8222;Hovo\u0159it o motivaci veterin\u00e1\u0159\u016f, aby l\u00e9ky d\u00e1vali nebo ned\u00e1vali, si m\u016f\u017ee dovolit \u0159\u00edct laik, ale odborn\u00edk by ji t\u011b\u017eko mohl vypustit z \u00fast,&#8220; \u0159ekl \u010cTK. U\u017e v sou\u010dasnosti maj\u00ed podle Dubna veterin\u00e1\u0159i kontrakty nap\u0159\u00edklad jenom s t\u0159emi nebo \u010dty\u0159mi zem\u011bd\u011blci, u nich\u017e ale p\u0159\u00edmo zam\u011bstnan\u00ed nejsou.<\/p>\n<p>&#8222;Zp\u011btn\u00e1 kontrola v\u017edycky existuje. P\u0159esto\u017ee d\u011bl\u00e1 na kontrakt pro r\u016fzn\u00e9 subjekty, je t\u0159eba, aby si zachoval ur\u010ditou m\u00edru nez\u00e1vislosti. Proto\u017ee jakmile je potom zam\u011bstn\u00e1v\u00e1n n\u011bk\u00fdm, tak by se mohlo st\u00e1t, \u017ee je zam\u011bstnavatelem nucen a motivov\u00e1n k n\u011b\u010demu, co by jako nez\u00e1visl\u00e1 osoba mohl odm\u00edtnout,&#8220; uzav\u0159el mluv\u010d\u00ed.<\/p>\n<p>Spot\u0159eba antibiotik v chovech hospod\u00e1\u0159sk\u00fdch zv\u00ed\u0159at se v posledn\u00edch letech zv\u00fd\u0161ila. Za roky 2012 a\u017e 2015 vzrostl prodej antibiotik a\u017e o p\u011bt procent, v letech 2010 a\u017e 2012 p\u0159itom prodeje v\u00fdrazn\u011b klesaly. Nevhodn\u00e9 \u010di nadm\u011brn\u00e9 u\u017e\u00edv\u00e1n\u00ed antibiotik m\u016f\u017ee podle St\u00e1tn\u00ed veterin\u00e1rn\u00ed spr\u00e1vy zp\u016fsobit, \u017ee se bakterie stanou proti antibiotik\u016fm odoln\u00e9, co\u017e p\u0159in\u00e1\u0161\u00ed riziko pro lidi i pro zv\u00ed\u0159ata.<\/p>\n<p>Novela z\u00e1kona, u kter\u00e9 ji\u017e skon\u010dil \u010das na p\u0159ipom\u00ednkov\u00e1n\u00ed p\u0159ed jedn\u00e1n\u00edm vl\u00e1dy, by m\u011bla za\u010d\u00edt platit od roku 2017. D\u00edky norm\u011b budou chovatel\u00e9 nap\u0159\u00edklad moci injek\u010dn\u011b pod\u00e1vat l\u00e9\u010diva zv\u00ed\u0159at\u016fm.<\/p>\n<p>V\u00fdkupn\u00ed cena ml\u00e9ka se v lo\u0148sk\u00e9m roce propadla o p\u011btinu. Podle aktu\u00e1ln\u00edch dat ministerstva zem\u011bd\u011blstv\u00ed prod\u00e1vaj\u00ed producenti litr za 7,41 K\u010d. Na vin\u011b je krom\u011b zru\u0161en\u00ed evropsk\u00fdch ml\u00e9\u010dn\u00fdch kv\u00f3t na produkci i rusk\u00e9 embargo \u010di v\u00fdpadek spot\u0159eby v \u010c\u00edn\u011b. <\/p>\n","protected":false},"excerpt":{"rendered":"<div class=\"mh-excerpt\"><p>Novela veterin\u00e1rn\u00edho z\u00e1kona, na kter\u00e9 pracuje ministerstvo zem\u011bd\u011blstv\u00ed, by mohla sn\u00ed\u017eit n\u00e1klady na v\u00fdrobu ml\u00e9ka, \u0159ekl p\u0159edseda Zem\u011bd\u011blsk\u00e9ho svazu \u010cR Martin P\u00fdcha.<\/p>\n<\/div>","protected":false},"author":1,"featured_media":0,"comment_status":"open","ping_status":"closed","sticky":false,"template":"","format":"standard","meta":{"footnotes":""},"categories":[9],"tags":[],"class_list":["post-24360","post","type-post","status-publish","format-standard","hentry","category-zpravy"],"_links":{"self":[{"href":"https:\/\/www.invarena.cz\/index.php?rest_route=\/wp\/v2\/posts\/24360","targetHints":{"allow":["GET"]}}],"collection":[{"href":"https:\/\/www.invarena.cz\/index.php?rest_route=\/wp\/v2\/posts"}],"about":[{"href":"https:\/\/www.invarena.cz\/index.php?rest_route=\/wp\/v2\/types\/post"}],"author":[{"embeddable":true,"href":"https:\/\/www.invarena.cz\/index.php?rest_route=\/wp\/v2\/users\/1"}],"replies":[{"embeddable":true,"href":"https:\/\/www.invarena.cz\/index.php?rest_route=%2Fwp%2Fv2%2Fcomments&post=24360"}],"version-history":[{"count":0,"href":"https:\/\/www.invarena.cz\/index.php?rest_route=\/wp\/v2\/posts\/24360\/revisions"}],"wp:attachment":[{"href":"https:\/\/www.invarena.cz\/index.php?rest_route=%2Fwp%2Fv2%2Fmedia&parent=24360"}],"wp:term":[{"taxonomy":"category","embeddable":true,"href":"https:\/\/www.invarena.cz\/index.php?rest_route=%2Fwp%2Fv2%2Fcategories&post=24360"},{"taxonomy":"post_tag","embeddable":true,"href":"https:\/\/www.invarena.cz\/index.php?rest_route=%2Fwp%2Fv2%2Ftags&post=24360"}],"curies":[{"name":"wp","href":"https:\/\/api.w.org\/{rel}","templated":true}]}}