{"id":24362,"date":"2016-02-02T08:50:03","date_gmt":"2016-02-02T07:50:03","guid":{"rendered":"http:\/\/www.invarena.cz\/?p=24362"},"modified":"2016-02-02T08:50:14","modified_gmt":"2016-02-02T07:50:14","slug":"co-delat-kdyz-se-postizena-osoba-nemuze-dostavit-na-urad-k-vymene-obcanskeho-prukazu","status":"publish","type":"post","link":"https:\/\/www.invarena.cz\/?p=24362","title":{"rendered":"Co d\u011blat, kdy\u017e se posti\u017een\u00e1 osoba nem\u016f\u017ee dostavit na \u00fa\u0159ad k v\u00fdm\u011bn\u011b ob\u010dansk\u00e9ho pr\u016fkazu?"},"content":{"rendered":"<p><strong>Jak se d\u00e1 vy\u0159e\u0161it situace, kdy je \u010dlov\u011bk ze zdravotn\u00edch d\u016fvod\u016f neschopen doj\u00edt na \u00fa\u0159ad, aby si vym\u011bnil sv\u016fj ob\u010dansk\u00fd pr\u016fkaz? A je mo\u017en\u00e9, aby \u010dlov\u011bk, kter\u00e9mu je nad 70 let, mohl m\u00edt pr\u016fkaz neplatn\u00fd? Na tyto dotazy jsme se zeptali tiskov\u00e9 mluv\u010d\u00ed Ministerstva vnitra Martiny N\u011bmcov\u00e9.<\/strong><br \/>\n<!--more--><br \/>\n&#8222;V p\u0159\u00edpad\u011b, \u017ee ob\u010dan nen\u00ed schopen se ze z\u00e1va\u017en\u00fdch dlouhodob\u00fdch zdravotn\u00edch d\u016fvod\u016f dostavit k v\u00fdm\u011bn\u011b ob\u010dansk\u00e9ho pr\u016fkazu na obecn\u00ed \u00fa\u0159ad s roz\u0161\u00ed\u0159enou p\u016fsobnost\u00ed, m\u011bl by telefonicky kontaktovat obecn\u00ed \u00fa\u0159ad s roz\u0161\u00ed\u0159enou p\u016fsobnost\u00ed spr\u00e1vn\u00edho obvodu, kde se zdr\u017euje. Tento \u00fa\u0159ad p\u0159iprav\u00ed \u017e\u00e1dost a po domluv\u011b term\u00ednu se dostav\u00ed k ob\u010danovi s off-line stanic\u00ed. Na t\u00e9to stanici po\u0159\u00edd\u00ed digitalizovanou podobu a podpis \u017eadatele. \u017d\u00e1dost je n\u00e1sledn\u011b prost\u0159ednictv\u00edm \u00fa\u0159adu odesl\u00e1na k v\u00fdrob\u011b ob\u010dansk\u00e9ho pr\u016fkazu. P\u0159ed\u00e1n\u00ed vyhotoven\u00e9ho ob\u010dansk\u00e9ho pr\u016fkazu je op\u011bt realizov\u00e1no prost\u0159ednictv\u00edm off-line stanice pracovn\u00edkem \u00fa\u0159adu.<br \/>\nV p\u0159\u00edpad\u011b, \u017ee lze vyu\u017e\u00edt podobu a podpis \u017eadatele, kter\u00e9 jsou vedeny v informa\u010dn\u00edm syst\u00e9mu evidence ob\u010dansk\u00fdch pr\u016fkaz\u016f nebo evidence cestovn\u00edch doklad\u016f a tyto \u00fadaje nejsou star\u0161\u00ed jednoho roku, m\u016f\u017ee podat \u017e\u00e1dost o vyd\u00e1n\u00ed ob\u010dansk\u00e9ho pr\u016fkazu zmocn\u011bn\u00e1 osoba. P\u0159evzet\u00ed ob\u010dansk\u00e9ho pr\u016fkazu by v tomto p\u0159\u00edpad\u011b bylo nutn\u00e9 op\u011bt realizovat prost\u0159ednictv\u00edm off-line stanice (v\u00fdjezd \u00fa\u0159edn\u00edka k \u017eadateli).<br \/>\nI ob\u010dan\u00e9 star\u0161\u00ed 70 let mus\u00ed m\u00edt platn\u00fd ob\u010dansk\u00fd pr\u016fkaz. Od 1. ledna 2016 se ob\u010dan\u016fm star\u0161\u00edm 70 let vyd\u00e1v\u00e1 ob\u010dansk\u00fd pr\u016fkaz s dobou platnosti 35 let.&#8220;<\/p>\n<p>Ji\u0159\u00ed Marek<br \/>\ninvArena<\/p>\n","protected":false},"excerpt":{"rendered":"<div class=\"mh-excerpt\"><p>Jak se d\u00e1 vy\u0159e\u0161it situace, kdy je \u010dlov\u011bk ze zdravotn\u00edch d\u016fvod\u016f neschopen doj\u00edt na \u00fa\u0159ad, aby si vym\u011bnil sv\u016fj ob\u010dansk\u00fd pr\u016fkaz? A je mo\u017en\u00e9, aby <a class=\"mh-excerpt-more\" href=\"https:\/\/www.invarena.cz\/?p=24362\" title=\"Co d\u011blat, kdy\u017e se posti\u017een\u00e1 osoba nem\u016f\u017ee dostavit na \u00fa\u0159ad k v\u00fdm\u011bn\u011b ob\u010dansk\u00e9ho pr\u016fkazu?\">[&#8230;]<\/a><\/p>\n<\/div>","protected":false},"author":3,"featured_media":5390,"comment_status":"open","ping_status":"closed","sticky":false,"template":"","format":"standard","meta":{"footnotes":""},"categories":[18,9],"tags":[],"class_list":["post-24362","post","type-post","status-publish","format-standard","has-post-thumbnail","hentry","category-poradna","category-zpravy"],"_links":{"self":[{"href":"https:\/\/www.invarena.cz\/index.php?rest_route=\/wp\/v2\/posts\/24362","targetHints":{"allow":["GET"]}}],"collection":[{"href":"https:\/\/www.invarena.cz\/index.php?rest_route=\/wp\/v2\/posts"}],"about":[{"href":"https:\/\/www.invarena.cz\/index.php?rest_route=\/wp\/v2\/types\/post"}],"author":[{"embeddable":true,"href":"https:\/\/www.invarena.cz\/index.php?rest_route=\/wp\/v2\/users\/3"}],"replies":[{"embeddable":true,"href":"https:\/\/www.invarena.cz\/index.php?rest_route=%2Fwp%2Fv2%2Fcomments&post=24362"}],"version-history":[{"count":0,"href":"https:\/\/www.invarena.cz\/index.php?rest_route=\/wp\/v2\/posts\/24362\/revisions"}],"wp:featuredmedia":[{"embeddable":true,"href":"https:\/\/www.invarena.cz\/index.php?rest_route=\/wp\/v2\/media\/5390"}],"wp:attachment":[{"href":"https:\/\/www.invarena.cz\/index.php?rest_route=%2Fwp%2Fv2%2Fmedia&parent=24362"}],"wp:term":[{"taxonomy":"category","embeddable":true,"href":"https:\/\/www.invarena.cz\/index.php?rest_route=%2Fwp%2Fv2%2Fcategories&post=24362"},{"taxonomy":"post_tag","embeddable":true,"href":"https:\/\/www.invarena.cz\/index.php?rest_route=%2Fwp%2Fv2%2Ftags&post=24362"}],"curies":[{"name":"wp","href":"https:\/\/api.w.org\/{rel}","templated":true}]}}