{"id":24363,"date":"2016-02-01T12:50:50","date_gmt":"2016-02-01T11:50:50","guid":{"rendered":"http:\/\/www.invarena.cz\/?p=24363"},"modified":"2016-02-01T12:50:50","modified_gmt":"2016-02-01T11:50:50","slug":"brodske-socialni-sluzby-rozsiruji-system-sve-pece","status":"publish","type":"post","link":"https:\/\/www.invarena.cz\/?p=24363","title":{"rendered":"Brodsk\u00e9 soci\u00e1ln\u00ed slu\u017eby roz\u0161i\u0159uj\u00ed syst\u00e9m sv\u00e9 p\u00e9\u010de"},"content":{"rendered":"<p><strong>Pe\u010dovatelky budou za klienty doch\u00e1zet nov\u011b tak\u00e9 o ve\u010derech a t\u00e9\u017e o v\u00edkendu<\/strong> <!--more--><\/p>\n<p>Havl\u00ed\u010dk\u016fv Brod \u2013 Soci\u00e1ln\u00ed slu\u017eby m\u011bsta Havl\u00ed\u010dk\u016fv Brod roz\u0161\u00ed\u0159ily v\u00fdrazn\u011b od za\u010d\u00e1tku roku syst\u00e9m p\u00e9\u010de o klienty. Pe\u010dovatelky do dom\u00e1cnost\u00ed sv\u00fdch klient\u016f nyn\u00ed doch\u00e1zej\u00ed tak\u00e9 odpoledne, ve\u010der a dokonce i v sobotu a ned\u011bli.<\/p>\n<p>&#8222;Vede n\u00e1s k tomu st\u00e1le vy\u0161\u0161\u00ed po\u010det lid\u00ed, kte\u0159\u00ed pot\u0159ebuj\u00ed na\u0161i pomoc. Chceme jim umo\u017enit, aby mohli co nejd\u00e9le pob\u00fdvat ve sv\u00e9 dom\u00e1cnosti, na ni\u017e jsou zvykl\u00ed, nebo\u0165 v\u011bt\u0161ina z nich si to tak p\u0159eje. Ne v\u0161ichni mohou b\u00fdt um\u00edst\u011bni do domova pro seniory \u010di domu s pe\u010dovatelskou slu\u017ebou a n\u011bkte\u0159\u00ed to ani z r\u016fzn\u00fdch p\u0159\u00ed\u010din necht\u011bj\u00ed,&#8220; objasnila d\u016fvod zm\u011bn \u0159editelka Soci\u00e1ln\u00edch slu\u017eeb m\u011bsta Havl\u00ed\u010dk\u016fv Brod Magdalena Kufrov\u00e1. Ta dodala, \u017ee stoup\u00e1 rovn\u011b\u017e po\u010det \u017e\u00e1dost\u00ed o um\u00edst\u011bn\u00ed v dom\u011b s pe\u010dovatelskou slu\u017ebou (DPS) a v domov\u011b pro seniory.<\/p>\n<p>Ve v\u0161edn\u00ed den budou pe\u010dovatelky doch\u00e1zet do dom\u00e1cnost\u00ed klient\u016f od 6.30 do 20 hodin. Vsobotu a v ned\u011bli pak od 7 do 15.30 hodin. Z t\u011bchto d\u016fvod\u016f roz\u0161i\u0159uj\u00ed havl\u00ed\u010dkobrodsk\u00e9 soci\u00e1ln\u00ed slu\u017eby tak\u00e9 po\u010det pe\u010dovatelek o t\u0159i. Pe\u010dovatelskou slu\u017ebu, kter\u00e1 je klientem hrazen\u00e1 dle sazebn\u00edku, zaji\u0161\u0165uj\u00ed soci\u00e1ln\u00ed slu\u017eby na cel\u00e9m \u00fazem\u00ed m\u011bsta Havl\u00ed\u010dk\u016fv Brod.<br \/>\nJinak se syst\u00e9m p\u00e9\u010de v dom\u00e1cnostech klient\u016f podle vedouc\u00ed pe\u010dovatelsk\u00e9 slu\u017eby Lucie Ko\u0161miderov\u00e9 nijak nem\u011bn\u00ed.<\/p>\n<p>&#8222;Pe\u010dovatelskou slu\u017ebu poskytujeme i nad\u00e1le pot\u0159ebn\u00fdm senior\u016fm, ale tak\u00e9 zdravotn\u011b posti\u017een\u00fdm lidem, star\u0161\u00edm osmn\u00e1cti let, u nich doma. Poskytujeme jim nap\u0159\u00edklad pomoc p\u0159i osobn\u00ed hygien\u011b, stravov\u00e1n\u00ed, obl\u00e9k\u00e1n\u00ed, v n\u011bkter\u00fdch p\u0159\u00edpadech zaji\u0161\u0165ujeme i doprovod k l\u00e9ka\u0159i nebo na \u00fa\u0159ad,&#8220; p\u0159ibl\u00ed\u017eila Ko\u0161miderov\u00e1. Nem\u011bn\u00ed se ani navazuj\u00edc\u00ed syst\u00e9m p\u00e9\u010de, nap\u0159\u00edklad zp\u016fsob p\u0159ij\u00edm\u00e1n\u00ed nov\u00fdch obyvatel do DPS.<\/p>\n<p>&#8222;Na ubytov\u00e1n\u00ed v DPS je nad\u00e1le pevn\u011b stanoven\u00fd po\u0159adn\u00edk sestaven\u00fd na z\u00e1klad\u011b soci\u00e1ln\u00edho \u0161et\u0159en\u00ed v dom\u00e1cnosti klienta. Tak\u017ee m\u00edsto v DPS si nelze, jak se \u0159\u00edk\u00e1 vy\u010dekat. Ubytov\u00e1n\u00ed v DPS je veden\u00e9 syst\u00e9mem n\u00e1jemn\u00e9ho bydlen\u00ed. V DPS rovn\u011b\u017e neposkytujeme zdravotn\u00ed slu\u017eby, ov\u0161em je zde zaveden\u00fd syst\u00e9m signalizace, kdyby se klient dostal do ne\u010dekan\u00fdch zdravotn\u00edch pot\u00ed\u017e\u00ed, nap\u0159\u00edklad kdyby doma zkolaboval,&#8220; up\u0159esnila Ko\u0161miderov\u00e1. Krom\u011b toho nab\u00edzej\u00ed havl\u00ed\u010dkobrodsk\u00e9 soci\u00e1ln\u00ed slu\u017eby senior\u016fm mo\u017enost nav\u0161t\u011bvovat denn\u00ed stacion\u00e1\u0159, zaji\u0161\u0165uj\u00ed rovn\u011b\u017e rozvoz ob\u011bd\u016f do dom\u00e1cnost\u00ed. O v\u00edkendech si mohou klienti v Havl\u00ed\u010dkov\u011b Brod\u011b zaj\u00edt na ob\u011bd do domu pro seniory, kde pro n\u011b p\u0159ipravuj\u00ed vhodnou stravu.<\/p>\n<p>&#8222;To znamen\u00e1 stravu hodnotnou a vyv\u00e1\u017eenou, nab\u00edz\u00edme rovn\u011b\u017e r\u016fzn\u00e9 diety,&#8220; up\u0159esnila Ko\u0161miderov\u00e1.<\/p>\n<p>Krom\u011b toho mohou senio\u0159i v Havl\u00ed\u010dkov\u011b Brod\u011b vyu\u017e\u00edt slu\u017eby takzvan\u00fdch st\u0159edisek osobn\u00ed hygieny. &#8222;Jedn\u00e1 se o dv\u011b bezbari\u00e9rov\u00e9 koupelny. Jedna je v denn\u00edm stacion\u00e1\u0159i a druh\u00e1 v Dom\u011b s pe\u010dovatelskou slu\u017ebou. Jsou ur\u010den\u00e9 lidem, kte\u0159\u00ed koupel doma z r\u016fzn\u00fdch d\u016fvod\u016f u\u017e nezvl\u00e1dnou,&#8220; doplnila Ko\u0161miderov\u00e1.<\/p>\n<p>Rodin\u00e1m, kter\u00e9 pe\u010duj\u00ed o sv\u00e9 bl\u00edzk\u00e9, nab\u00edzej\u00ed Soci\u00e1ln\u00ed slu\u017eby m\u011bsta Havl\u00ed\u010dkova Brodu tak\u00e9 odleh\u010dovac\u00ed pobytovou slu\u017ebu, jej\u00edm\u017e c\u00edlem je umo\u017enit odpo\u010dinek rodin\u011b, kter\u00e1 se star\u00e1 o sv\u00e9ho bl\u00edzk\u00e9ho. Tato slu\u017eba je poskytov\u00e1na v za\u0159\u00edzen\u00ed Domova pro seniory, Reynkova a\u017e po dobu t\u0159\u00ed m\u011bs\u00edc\u016f. Bli\u017e\u0161\u00ed informace o poskytovan\u00fdch soci\u00e1ln\u00edch slu\u017eb\u00e1ch z\u00edskaj\u00ed v\u0161ichni z\u00e1jemci na www.ssmhb.cz nebo na telefonu 724 0291 175 u Lucie Ko\u0161miderov\u00e9.<\/p>\n<p>\u0160T\u011aP\u00c1NKA SAADOUNI<br \/>\nHavl\u00ed\u010dkobrodsk\u00fd den\u00edk<br \/>\n<a href=\"http:\/\/havlickobrodsky.denik.cz\/\">http:\/\/havlickobrodsky.denik.cz\/<\/a><\/p>\n","protected":false},"excerpt":{"rendered":"<div class=\"mh-excerpt\"><p>Pe\u010dovatelky budou za klienty doch\u00e1zet nov\u011b tak\u00e9 o ve\u010derech a t\u00e9\u017e o v\u00edkendu<\/p>\n<\/div>","protected":false},"author":1,"featured_media":19048,"comment_status":"open","ping_status":"closed","sticky":false,"template":"","format":"standard","meta":{"footnotes":""},"categories":[9],"tags":[],"class_list":["post-24363","post","type-post","status-publish","format-standard","has-post-thumbnail","hentry","category-zpravy"],"_links":{"self":[{"href":"https:\/\/www.invarena.cz\/index.php?rest_route=\/wp\/v2\/posts\/24363","targetHints":{"allow":["GET"]}}],"collection":[{"href":"https:\/\/www.invarena.cz\/index.php?rest_route=\/wp\/v2\/posts"}],"about":[{"href":"https:\/\/www.invarena.cz\/index.php?rest_route=\/wp\/v2\/types\/post"}],"author":[{"embeddable":true,"href":"https:\/\/www.invarena.cz\/index.php?rest_route=\/wp\/v2\/users\/1"}],"replies":[{"embeddable":true,"href":"https:\/\/www.invarena.cz\/index.php?rest_route=%2Fwp%2Fv2%2Fcomments&post=24363"}],"version-history":[{"count":0,"href":"https:\/\/www.invarena.cz\/index.php?rest_route=\/wp\/v2\/posts\/24363\/revisions"}],"wp:featuredmedia":[{"embeddable":true,"href":"https:\/\/www.invarena.cz\/index.php?rest_route=\/wp\/v2\/media\/19048"}],"wp:attachment":[{"href":"https:\/\/www.invarena.cz\/index.php?rest_route=%2Fwp%2Fv2%2Fmedia&parent=24363"}],"wp:term":[{"taxonomy":"category","embeddable":true,"href":"https:\/\/www.invarena.cz\/index.php?rest_route=%2Fwp%2Fv2%2Fcategories&post=24363"},{"taxonomy":"post_tag","embeddable":true,"href":"https:\/\/www.invarena.cz\/index.php?rest_route=%2Fwp%2Fv2%2Ftags&post=24363"}],"curies":[{"name":"wp","href":"https:\/\/api.w.org\/{rel}","templated":true}]}}