{"id":24370,"date":"2016-02-02T07:55:51","date_gmt":"2016-02-02T06:55:51","guid":{"rendered":"http:\/\/www.invarena.cz\/?p=24370"},"modified":"2016-02-02T07:55:51","modified_gmt":"2016-02-02T06:55:51","slug":"akcni-plan-pro-alzheimerovu-nemoc-pocita-se-screeningem-demence","status":"publish","type":"post","link":"https:\/\/www.invarena.cz\/?p=24370","title":{"rendered":"Ak\u010dn\u00ed pl\u00e1n pro Alzheimerovu nemoc po\u010d\u00edt\u00e1 se screeningem demence"},"content":{"rendered":"<p><strong>Screening demence pro seniory u praktick\u00e9ho l\u00e9ka\u0159e a dal\u0161\u00ed opat\u0159en\u00ed pro \u010dasnou diagnostiku, l\u00e9\u010dbu i podporu \u017eivota pacient\u016f v jejich dom\u00e1c\u00edm prost\u0159ed\u00ed navrhuje ministerstvo zdravotnictv\u00ed v n\u00e1rodn\u00edm ak\u010dn\u00edm pl\u00e1nu pro Alzheimerovu nemoc.<\/strong> <!--more--><\/p>\n<p>ilustra\u010dn\u00ed foto: Tim &amp; Selena Middleton \/ Flickr.com<\/p>\n<p>Pl\u00e1n p\u0159edlo\u017e\u00ed ministr Svatopluk N\u011bme\u010dek (\u010cSSD) ve st\u0159edu vl\u00e1d\u011b. S ministerstvem pr\u00e1ce chce vytvo\u0159it do n\u011bkolika let a\u017e 60.000 zdravotn\u011b soci\u00e1ln\u00edch l\u016f\u017eek a zajistit jejich financov\u00e1n\u00ed.<\/p>\n<div id=\"wideDetail\">\n<div>\n<div>\n<div>\n<div>\n<div id=\"textNewsWide\">\n<p>V \u010cesku \u017eije podle nejnov\u011bj\u0161\u00edch dat kolem 150.000 lid\u00ed s demenc\u00ed, v roce 2036 jich bude v\u00edc ne\u017e 300.000. Dv\u011b t\u0159etiny o\u0161et\u0159ovatelsk\u00e9 p\u00e9\u010de nyn\u00ed le\u017e\u00ed na rodin\u00e1ch, pl\u00e1n po\u010d\u00edt\u00e1 s jejich v\u011bt\u0161\u00ed podporou. Ministerstvo pr\u00e1ce chce prosadit pe\u010dovatelskou dovolenou v d\u00e9lce t\u0159\u00ed a\u017e \u0161esti m\u011bs\u00edc\u016f, kdy by pe\u010dovatel\u00e9 dost\u00e1vali n\u00e1hradu platu a m\u011bli z\u00e1rove\u0148 jistotu, \u017ee je zam\u011bstnavatel kv\u016fli dlouh\u00e9 nep\u0159\u00edtomnosti nepropust\u00ed.<\/p>\n<p>N\u00e1rodn\u00ed ak\u010dn\u00ed pl\u00e1n pro Alzheimerovu nemoc a dal\u0161\u00ed obdobn\u00e1 onemocn\u011bn\u00ed pokr\u00fdv\u00e1 roky 2016 a\u017e 2019. Vyjmenov\u00e1na jsou opat\u0159en\u00ed pro zdravotnictv\u00ed, soci\u00e1ln\u00ed sf\u00e9ru \u010di \u0161kolstv\u00ed, pot\u0159ebn\u00e9 finance zat\u00edm vy\u010d\u00edsleny nebyly.<\/p>\n<p>\u010c\u00e1st pen\u011bz na vytvo\u0159en\u00ed komplexn\u00edho syst\u00e9mu p\u00e9\u010de o pacienty s demenc\u00ed i pomoci jejich rodin\u00e1m daj\u00ed ministerstva ze sv\u00fdch rozpo\u010dt\u016f, \u010d\u00e1st p\u016fjde z evropsk\u00fdch dotac\u00ed na psychiatrickou reformu. O konkr\u00e9tn\u00edm vy\u010d\u00edslen\u00ed v\u0161ech n\u00e1klad\u016f bude N\u011bme\u010dek jednat po schv\u00e1len\u00ed ak\u010dn\u00edho pl\u00e1nu vl\u00e1dou s ministrem financ\u00ed Andrejem Babi\u0161em (ANO).<\/p>\n<p>M\u011bs\u00ed\u010dn\u00ed n\u00e1klady na jednoho pacienta s demenc\u00ed se v \u010cesku odhaduj\u00ed na 30.000 a\u017e 50.000 korun podle m\u00edry jeho z\u00e1vislosti na pomoci okol\u00ed a nutnosti zdravotn\u00ed p\u00e9\u010de. Jen 26 procent pacient\u016f s demenc\u00ed vyu\u017e\u00edv\u00e1 ambulantn\u00ed zdravotn\u00ed p\u00e9\u010de a necel\u00fdch \u0161est procent zdravotn\u00ed p\u00e9\u010di l\u016f\u017ekovou. Zhruba 70 procent obyvatel domov\u016f pro seniory a v\u00edc ne\u017e 90 procent obyvatel v domovech se zvl\u00e1\u0161tn\u00edm re\u017eimem trp\u00ed demenc\u00ed.<\/p>\n<p>Letos a p\u0159\u00ed\u0161t\u00ed rok se maj\u00ed podle pl\u00e1nu v \u010cR vydat mezin\u00e1rodn\u011b doporu\u010den\u00e9 postupy diagnostiky demence a upravit \u00fahrada diagnostiky. V letech 2017 a 2018 se maj\u00ed vytvo\u0159it podm\u00ednky pro za\u0159azen\u00ed screeningov\u00e9ho vy\u0161et\u0159en\u00ed do v\u0161eobecn\u00e9 preventivn\u00ed prohl\u00eddky u senior\u016f a upravit \u00fahrada l\u00e9kov\u00e9 i ostatn\u00ed l\u00e9\u010dby. V roce 2018 se \u010dinnost zam\u011b\u0159\u00ed na vybudov\u00e1n\u00ed center a postupn\u011b i s\u00edt\u011b v cel\u00e9 \u010cR, v\u010detn\u011b stacion\u00e1\u0159\u016f \u010di telefonn\u00ed linky pomoci.<\/p>\n<p>Sou\u010d\u00e1st\u00ed pl\u00e1nu je i vzd\u011bl\u00e1v\u00e1n\u00ed neform\u00e1ln\u00edch pe\u010dovatel\u016f, l\u00e9ka\u0159\u016f a sester, l\u00e9k\u00e1rn\u00edk\u016f, odborn\u00e9ho person\u00e1lu v soci\u00e1ln\u00edch slu\u017eb\u00e1ch \u010di u\u010ditel\u016f. D\u016fle\u017eitou sou\u010d\u00e1st\u00ed pl\u00e1nu je zaveden\u00ed jednotn\u00e9ho sb\u011bru dat a spolupr\u00e1ce na mezin\u00e1rodn\u00edm v\u00fdzkumu. Pl\u00e1n po\u010d\u00edt\u00e1 i s vytvo\u0159en\u00edm nov\u00fdch pravidel pro posuzov\u00e1n\u00ed zdravotn\u00ed zp\u016fsobilosti k \u0159\u00edzen\u00ed motorov\u00e9ho vozidla u senior\u016f.<\/p>\n<\/div>\n<\/div>\n<\/div>\n<\/div>\n<\/div>\n<\/div>\n","protected":false},"excerpt":{"rendered":"<div class=\"mh-excerpt\"><p>Screening demence pro seniory u praktick\u00e9ho l\u00e9ka\u0159e a dal\u0161\u00ed opat\u0159en\u00ed pro \u010dasnou diagnostiku, l\u00e9\u010dbu i podporu \u017eivota pacient\u016f v jejich dom\u00e1c\u00edm prost\u0159ed\u00ed navrhuje ministerstvo zdravotnictv\u00ed <a class=\"mh-excerpt-more\" href=\"https:\/\/www.invarena.cz\/?p=24370\" title=\"Ak\u010dn\u00ed pl\u00e1n pro Alzheimerovu nemoc po\u010d\u00edt\u00e1 se screeningem demence\">[&#8230;]<\/a><\/p>\n<\/div>","protected":false},"author":1,"featured_media":17515,"comment_status":"open","ping_status":"closed","sticky":false,"template":"","format":"standard","meta":{"footnotes":""},"categories":[6,11],"tags":[],"class_list":["post-24370","post","type-post","status-publish","format-standard","has-post-thumbnail","hentry","category-politika","category-zdravi"],"_links":{"self":[{"href":"https:\/\/www.invarena.cz\/index.php?rest_route=\/wp\/v2\/posts\/24370","targetHints":{"allow":["GET"]}}],"collection":[{"href":"https:\/\/www.invarena.cz\/index.php?rest_route=\/wp\/v2\/posts"}],"about":[{"href":"https:\/\/www.invarena.cz\/index.php?rest_route=\/wp\/v2\/types\/post"}],"author":[{"embeddable":true,"href":"https:\/\/www.invarena.cz\/index.php?rest_route=\/wp\/v2\/users\/1"}],"replies":[{"embeddable":true,"href":"https:\/\/www.invarena.cz\/index.php?rest_route=%2Fwp%2Fv2%2Fcomments&post=24370"}],"version-history":[{"count":0,"href":"https:\/\/www.invarena.cz\/index.php?rest_route=\/wp\/v2\/posts\/24370\/revisions"}],"wp:featuredmedia":[{"embeddable":true,"href":"https:\/\/www.invarena.cz\/index.php?rest_route=\/wp\/v2\/media\/17515"}],"wp:attachment":[{"href":"https:\/\/www.invarena.cz\/index.php?rest_route=%2Fwp%2Fv2%2Fmedia&parent=24370"}],"wp:term":[{"taxonomy":"category","embeddable":true,"href":"https:\/\/www.invarena.cz\/index.php?rest_route=%2Fwp%2Fv2%2Fcategories&post=24370"},{"taxonomy":"post_tag","embeddable":true,"href":"https:\/\/www.invarena.cz\/index.php?rest_route=%2Fwp%2Fv2%2Ftags&post=24370"}],"curies":[{"name":"wp","href":"https:\/\/api.w.org\/{rel}","templated":true}]}}