{"id":24371,"date":"2016-02-02T08:26:30","date_gmt":"2016-02-02T07:26:30","guid":{"rendered":"http:\/\/www.invarena.cz\/?p=24371"},"modified":"2016-02-02T08:26:30","modified_gmt":"2016-02-02T07:26:30","slug":"brazilie-pry-olympiadu-nezrusi-tehotnym-ale-prijet-nedoporucuje","status":"publish","type":"post","link":"https:\/\/www.invarena.cz\/?p=24371","title":{"rendered":"Braz\u00edlie pr\u00fd olympi\u00e1du nezru\u0161\u00ed, t\u011bhotn\u00fdm ale p\u0159ijet nedoporu\u010duje"},"content":{"rendered":"<p>Braz\u00edlie navzdory n\u00e1kaze zp\u016fsobovan\u00e9 virem zika nezru\u0161\u00ed letn\u00ed olympijsk\u00e9 hry, kter\u00e9 po\u0159\u00e1d\u00e1 letos v srpnu. T\u011bhotn\u00fdm \u017een\u00e1m ale vzhledem k riziku, kter\u00e9 zika z\u0159ejm\u011b p\u0159edstavuje pro lidsk\u00e9 plody, p\u0159ijet nedoporu\u010duje. V pond\u011bl\u00ed to ozn\u00e1mil \u0161\u00e9f \u0161t\u00e1bu brazilsk\u00e9 prezidentky Jaques Wagner.<!--more--><\/p>\n<div class=\"rows\">\n<div class=\"leftCol\">\n<div id=\"textNewsWide\" class=\"text\">\n<p>&#8222;Mus\u00edme vysv\u011btlit t\u011bm, kte\u0159\u00ed do Braz\u00edlie p\u0159ij\u00ed\u017ed\u011bj\u00ed, sportovc\u016fm, \u017ee nebezpe\u010d\u00ed je nulov\u00e9,&#8220; \u0159ekl Wagner podle agentury Reuters novin\u00e1\u0159\u016fm. To ov\u0161em neplat\u00ed pro t\u011bhotn\u00e9, pro kter\u00e9 je naopak riziko podle jeho n\u00e1zoru &#8222;v\u00e1\u017en\u00e9&#8220;. &#8222;Tud\u00ed\u017e se evidentn\u011b nedoporu\u010duje (p\u0159ijet do Braz\u00edlie), proto\u017ee takov\u00e1 rizika se p\u0159ij\u00edmat nebudou,&#8220; sd\u011blil tak\u00e9 podle agentury AFP Wagner.<\/p>\n<p>Sv\u011btov\u00e1 zdravotnick\u00e1 organizace (WHO) vyhl\u00e1sila v pond\u011bl\u00ed kv\u016fli viru zika celosv\u011btov\u00fd stav nouze. Stejn\u00fd stav nouze WHO naposledy vyhl\u00e1sila v roce 2014 kv\u016fli epidemii eboly v z\u00e1padn\u00ed Africe.<\/p>\n<p>Virus, kter\u00fd p\u0159en\u00e1\u0161ej\u00ed kom\u00e1\u0159i druhu Aedes aegypti, vyvol\u00e1v\u00e1 n\u011bkolikadenn\u00ed hore\u010dky, nemoc je v\u0161ak ve v\u011bt\u0161in\u011b p\u0159\u00edpad\u016f m\u00edrn\u00e1. Velk\u00fdm nebezpe\u010d\u00edm je ale z\u0159ejm\u011b pro lidsk\u00e9 plody, nebo\u0165 n\u00e1kaza je pova\u017eov\u00e1na za p\u0159\u00ed\u010dinu nedostate\u010dn\u00e9ho v\u00fdvoje mozku. Skute\u010dn\u00fd vliv viru na v\u00fdvin mozku zat\u00edm ale nebyl prok\u00e1z\u00e1n.<\/p>\n<p>Proti viru zika dosud neexistuje \u00fa\u010dinn\u00fd l\u00e9k a ani vakc\u00edna. Zat\u00edm nejsou jasn\u00e9 v\u0161echny zp\u016fsoby, jimi\u017e se virus p\u0159en\u00e1\u0161\u00ed. Vedle kom\u00e1\u0159\u00edho bodnut\u00ed to m\u016f\u017ee b\u00fdt podle WHO patrn\u011b i pohlavn\u00ed styk. Zat\u00edm ale nebyl potvrzen ani jeden p\u0159\u00edpad p\u0159enosu z \u010dlov\u011bka na \u010dlov\u011bka. Wagner \u0159ekl, \u017ee v\u00fdvoj vakc\u00edny proti viru potrv\u00e1 t\u0159i a\u017e p\u011bt let. Brazil\u0161t\u00ed v\u011bdci pr\u00fd na n\u011bm spolupracuj\u00ed s v\u00fdzkumn\u00edky ve Spojen\u00fdch st\u00e1tech.<\/p>\n<p>Olympijsk\u00e9 hry se v Riu de Janeiro maj\u00ed konat od 5. do 21. srpna. Brazilsk\u00e9 ministerstvo zdravotnictv\u00ed dalo v pond\u011bl\u00ed agentu\u0159e AP na srozum\u011bnou, \u017ee m\u00edstn\u00edm vl\u00e1d\u00e1m na\u0159\u00edd\u00ed, aby p\u0159\u00edpady n\u00e1kazy virem zika hl\u00e1sily. Vl\u00e1dy oznamovac\u00ed povinnost zat\u00edm nemaj\u00ed.<\/p>\n<\/div>\n<\/div>\n<\/div>\n","protected":false},"excerpt":{"rendered":"<div class=\"mh-excerpt\"><p>Braz\u00edlie navzdory n\u00e1kaze zp\u016fsobovan\u00e9 virem zika nezru\u0161\u00ed letn\u00ed olympijsk\u00e9 hry, kter\u00e9 po\u0159\u00e1d\u00e1 letos v srpnu. T\u011bhotn\u00fdm \u017een\u00e1m ale vzhledem k riziku, kter\u00e9 zika z\u0159ejm\u011b p\u0159edstavuje <a class=\"mh-excerpt-more\" href=\"https:\/\/www.invarena.cz\/?p=24371\" title=\"Braz\u00edlie pr\u00fd olympi\u00e1du nezru\u0161\u00ed, t\u011bhotn\u00fdm ale p\u0159ijet nedoporu\u010duje\">[&#8230;]<\/a><\/p>\n<\/div>","protected":false},"author":1,"featured_media":0,"comment_status":"open","ping_status":"closed","sticky":false,"template":"","format":"standard","meta":{"footnotes":""},"categories":[9],"tags":[],"class_list":["post-24371","post","type-post","status-publish","format-standard","hentry","category-zpravy"],"_links":{"self":[{"href":"https:\/\/www.invarena.cz\/index.php?rest_route=\/wp\/v2\/posts\/24371","targetHints":{"allow":["GET"]}}],"collection":[{"href":"https:\/\/www.invarena.cz\/index.php?rest_route=\/wp\/v2\/posts"}],"about":[{"href":"https:\/\/www.invarena.cz\/index.php?rest_route=\/wp\/v2\/types\/post"}],"author":[{"embeddable":true,"href":"https:\/\/www.invarena.cz\/index.php?rest_route=\/wp\/v2\/users\/1"}],"replies":[{"embeddable":true,"href":"https:\/\/www.invarena.cz\/index.php?rest_route=%2Fwp%2Fv2%2Fcomments&post=24371"}],"version-history":[{"count":0,"href":"https:\/\/www.invarena.cz\/index.php?rest_route=\/wp\/v2\/posts\/24371\/revisions"}],"wp:attachment":[{"href":"https:\/\/www.invarena.cz\/index.php?rest_route=%2Fwp%2Fv2%2Fmedia&parent=24371"}],"wp:term":[{"taxonomy":"category","embeddable":true,"href":"https:\/\/www.invarena.cz\/index.php?rest_route=%2Fwp%2Fv2%2Fcategories&post=24371"},{"taxonomy":"post_tag","embeddable":true,"href":"https:\/\/www.invarena.cz\/index.php?rest_route=%2Fwp%2Fv2%2Ftags&post=24371"}],"curies":[{"name":"wp","href":"https:\/\/api.w.org\/{rel}","templated":true}]}}