{"id":24378,"date":"2016-02-02T11:33:49","date_gmt":"2016-02-02T10:33:49","guid":{"rendered":"http:\/\/www.invarena.cz\/?p=24378"},"modified":"2016-02-02T11:33:49","modified_gmt":"2016-02-02T10:33:49","slug":"radni-pro-skolstvi-dva-roky-odkladu-inkluze-nestaci-nejsou-penize-psychologove-asistenti","status":"publish","type":"post","link":"https:\/\/www.invarena.cz\/?p=24378","title":{"rendered":"Radn\u00ed pro \u0161kolstv\u00ed: Dva roky odkladu inkluze nesta\u010d\u00ed. Nejsou pen\u00edze, psychologov\u00e9, asistenti&#8230;"},"content":{"rendered":"<p><strong>Ani dvouro\u010dn\u00ed odklad inkluze a nav\u00fd\u0161en\u00ed financ\u00ed, o nich\u017e v\u010dera p\u0159i n\u00e1v\u0161t\u011bv\u011b Pardubic hovo\u0159ila ministryn\u011b \u0161kolstv\u00ed Kate\u0159ina Valachov\u00e1, odp\u016frce toho, aby d\u011bti s lehk\u00fdm ment\u00e1ln\u00edm posti\u017een\u00edm byly za\u0159azeny do z\u00e1kladn\u00edch \u0161kol, nep\u0159esv\u011bd\u010dil.<\/strong> <!--more--><\/p>\n<p>V\u00fdchodn\u00ed \u010cechy \u2013 &#8222;Dva roky jsou velmi m\u00e1lo na to, abychom v\u011bd\u011bli, zda d\u011btem d\u00e1me, co pot\u0159ebuj\u00ed,&#8220; \u0159ekla v\u010dera Den\u00edku pardubick\u00e1 krajsk\u00e1 radn\u00ed pro oblast \u0161kolstv\u00ed Jana Pernicov\u00e1.<\/p>\n<p>V\u0161e je naprosto nep\u0159ipraven\u00e9<\/p>\n<p>Jana Pernicov\u00e1 inkluzi nepova\u017euje za \u0161patn\u00fd z\u00e1m\u011br, ale v\u0161e je podle n\u00ed naprosto nep\u0159ipraven\u00e9, tak\u017ee je vylou\u010deno, aby to d\u011btem p\u0159ineslo prosp\u011bch. &#8222;Nejsou pen\u00edze, nejsou psychologov\u00e9, nejsou asistenti pedagoga,&#8220; vysv\u011btlila radn\u00ed.<\/p>\n<p>Proces inkluze m\u011bl p\u016fvodn\u011b za\u010d\u00edt u\u017e letos v z\u00e1\u0159\u00ed, na jeho p\u0159\u00edpravu v\u0161ak \u0161koly dostanou dvoulet\u00e9 p\u0159echodn\u00e9 obdob\u00ed. D\u011bti s lehk\u00fdm ment\u00e1ln\u00edm posti\u017een\u00edm nebo autismem budou tak m\u00edt n\u00e1rok na podp\u016frn\u00e1 opat\u0159en\u00ed v b\u011b\u017en\u00fdch \u0161koln\u00edch t\u0159\u00edd\u00e1ch a\u017e od z\u00e1\u0159\u00ed 2018.<\/p>\n<p>Ministryn\u011b \u0161kolstv\u00ed p\u0159isl\u00edbila 80 milion\u016f korun na n\u00e1bor pracovn\u00edk\u016f do poraden a 6,5 miliardy korun z evropsk\u00fdch dotac\u00ed. &#8222;Jen v\u00fdb\u011brov\u00e9 \u0159\u00edzen\u00ed na asistenty v\u0161ak potrv\u00e1 velmi dlouho,&#8220; podotkla Jana Pernicov\u00e1.<\/p>\n<p>Hroz\u00ed, \u017ee kvalita v\u00fduky se sn\u00ed\u017e\u00ed<\/p>\n<p>Pardubick\u00fd i Kr\u00e1lov\u00e9hradeck\u00fd kraj se netaj\u00ed t\u00edm, \u017ee se z\u00e1m\u011brem ministerstva \u0161kolstv\u00ed z\u00e1sadn\u011b nesouhlas\u00ed. Pokud se d\u011bti s lehk\u00fdm ment\u00e1ln\u00edm posti\u017een\u00edm u\u017e nebudou vzd\u011bl\u00e1vat ve speci\u00e1ln\u00edch \u0161kol\u00e1ch, ale budou za\u0159azeny do z\u00e1kladn\u00edch \u0161kol, zkomplikuje to podle krajsk\u00fdch zastupitel\u016f v\u00fduku a jej\u00ed kvalita se t\u00edm m\u016f\u017ee sn\u00ed\u017eit. To by se negativn\u011b odrazilo na z\u00e1kladn\u00edch a v budoucnu i na st\u0159edn\u00edch \u0161kol\u00e1ch.<\/p>\n<p>Stejn\u00fd n\u00e1zor m\u00e1 i \u0159ada dal\u0161\u00edch kraj\u016f \u010di statut\u00e1rn\u00ed m\u011bsta. N\u00e1vrh na odklad inkluze Kate\u0159ina Valachov\u00e1 je\u0161t\u011b p\u0159ede dv\u011bma t\u00fddny odm\u00edtala. Pak v\u0161ak n\u00e1zor zm\u011bnila.<\/p>\n<p>Pedagog: Vl\u00e1da podlehla tlaku<\/p>\n<p>Z\u00e1sadn\u00edm odp\u016frcem inkluze je mimo jin\u00e9 speci\u00e1ln\u00ed pedagog Arno\u0161t V\u00edtek. Podle n\u011bj z\u00e1kladn\u00ed \u0161koly praktick\u00e9 fungovaly dob\u0159e a bez probl\u00e9m\u016f a\u017e do doby, kdy si nevl\u00e1dn\u00ed neziskov\u00e9 organizace v\u0161imly, \u017ee je nav\u0161t\u011bvuje pom\u011brn\u011b vysok\u00e9 procento romsk\u00fdch d\u011bt\u00ed. Zat\u00edmco lehk\u00e9 ment\u00e1ln\u00ed posti\u017een\u00ed se vyskytuje u dvou a\u017e t\u0159\u00ed procent d\u011bt\u00ed, romsk\u00e9 d\u011bti jsou v praktick\u00fdch \u0161kol\u00e1ch zastoupeny v 30 a\u017e 50 procentech. Neziskov\u00e9 organizace to ozna\u010dily za c\u00edlenou diskriminaci romsk\u00fdch \u017e\u00e1k\u016f.<\/p>\n<p>&#8222;Tlak neziskov\u00fdch organizac\u00ed a evropsk\u00fdch struktur na \u010ceskou republiku je od t\u00e9 doby tak siln\u00fd, \u017ee vl\u00e1da prost\u0159ednictv\u00edm p\u0159ijat\u00fdch usnesen\u00ed a dokument\u016f p\u0159ijala my\u0161lenku skryt\u00e9 likvidace z\u00e1kladn\u00edch \u0161kol praktick\u00fdch,&#8220; uvedl Arno\u0161t V\u00edtek. I kdy\u017e tyto \u0161koly M\u0160MT nezru\u0161\u00ed, podle n\u011bj stejn\u011b postupn\u011b zaniknou pro nedostatek \u017e\u00e1k\u016f.<\/p>\n<p>Budou se d\u011bti ve \u0161kol\u00e1ch tr\u00e1pit?<\/p>\n<p>M\u0160MT chce zav\u00e9st p\u011bt stup\u0148\u016f podp\u016frn\u00fdch opat\u0159en\u00ed, kter\u00e1 maj\u00ed \u017e\u00e1k\u016fm s v\u00fdukov\u00fdmi probl\u00e9my usnad\u0148ovat vzd\u011bl\u00e1n\u00ed v b\u011b\u017en\u00e9 t\u0159\u00edd\u011b. Jedn\u00edm z nich je i redukce u\u010diva.<\/p>\n<p>Podle Arno\u0161ta V\u00edtka se v\u0161ak d\u011bti ze speci\u00e1ln\u00edch \u0161kol v b\u011b\u017en\u00fdch t\u0159\u00edd\u00e1ch tr\u00e1p\u00ed, sv\u00fdm vrstevn\u00edk\u016fm nesta\u010d\u00ed a zdr\u017euj\u00ed je. V\u00fduku naru\u0161uje tak\u00e9 p\u0159\u00edtomnost speci\u00e1ln\u00edch asistent\u016f. &#8222;Nav\u00edc se v takov\u00e9m p\u0159\u00edpad\u011b ned\u00e1 \u00fapln\u011b vyhnout tomu, \u017ee m\u016f\u017ee b\u00fdt d\u00edt\u011b kv\u016fli sv\u00e9 odli\u0161nosti z kolektivu vylou\u010deno,&#8220; \u0159ekl speci\u00e1ln\u00ed pedagog.<\/p>\n<p>Kr\u00e1lov\u00e9hradeck\u00fd krajsk\u00fd zastupitel Miroslav Uchytil m\u00e1 za to, \u017ee kraj mus\u00ed ve v\u011bci inkluze postupovat &#8222;velmi aktivn\u011b a velmi tvrd\u011b&#8220;. Podle n\u011bj \u017e\u00e1dn\u00fd u\u010ditel na z\u00e1kladn\u00ed \u0161kole nem\u016f\u017ee zvl\u00e1dnout p\u011btadvacet pr\u016fm\u011brn\u00fdch \u017e\u00e1k\u016f plus dal\u0161\u00ed d\u011bti, kter\u00e9 budou m\u00edt s u\u010den\u00edm probl\u00e9my.<\/p>\n<p>&#8222;\u017d\u00e1dn\u00ed \u0161eptaj\u00edc\u00ed asistenti to nezachr\u00e1n\u00ed. Budou jen ru\u0161it, a kv\u016fli nim bude nav\u00edc v\u00fduka podstatn\u011b dra\u017e\u0161\u00ed,&#8220; \u0159ekl Miroslav Uchytil.<\/p>\n<p>Ministryn\u011b kontra u\u010ditel\u00e9 Inkluze je spole\u010dn\u00e9 vzd\u011bl\u00e1v\u00e1n\u00ed d\u011bt\u00ed spolu s \u017e\u00e1ky zdravotn\u011b posti\u017een\u00fdmi, mimo\u0159\u00e1dn\u011b nadan\u00fdmi, s d\u011btmi cizinc\u016f \u010di jin\u00e9ho etnika v jednom kolektivu. Ministryn\u011b \u0161kolstv\u00ed Kate\u0159ina Valachov\u00e1 uvedla, \u017ee se v zahrani\u010d\u00ed nepotvrdila obava ze zhor\u0161en\u00ed \u00farovn\u011b vzd\u011bl\u00e1v\u00e1n\u00ed kv\u016fli vy\u0161\u0161\u00ed m\u00ed\u0159e inkluze. Spole\u010dn\u00e9 vzd\u011bl\u00e1v\u00e1n\u00ed podle n\u00ed m\u016f\u017ee prosp\u011bt ob\u011bma stran\u00e1m. Jej\u00ed pl\u00e1n m\u00e1 v\u0161ak mno\u017estv\u00ed odp\u016frc\u016f mezi odbornou ve\u0159ejnost\u00ed. Nap\u0159\u00edklad Asociace speci\u00e1ln\u00edch pedagog\u016f \u010cR p\u0159ipomn\u011bla, \u017ee v oblasti speci\u00e1ln\u00edho \u0161kolstv\u00ed byla \u010cesk\u00e1 republika inspirac\u00ed pro jin\u00e9 evropsk\u00e9 st\u00e1ty. Ve v\u00fdzkumu v roce 2012 mapuj\u00edc\u00edm vzd\u011bl\u00e1v\u00e1n\u00ed romsk\u00e9 populace bylo \u010cesko ve srovn\u00e1n\u00ed s dal\u0161\u00edmi deseti zem\u011bmi hodnoceno jako nejlep\u0161\u00ed v mnoha krit\u00e9ri\u00edch, mimo jin\u00e9 v uplatn\u011bn\u00ed romsk\u00e9 populace na trhu pr\u00e1ce.<\/p>\n<p>IVANA VITOVSK\u00c1<br \/>\nHradeck\u00fd den\u00edk<br \/>\n<a href=\"http:\/\/hradecky.denik.cz\/\">http:\/\/hradecky.denik.cz\/<\/a><\/p>\n","protected":false},"excerpt":{"rendered":"<div class=\"mh-excerpt\"><p>Ani dvouro\u010dn\u00ed odklad inkluze a nav\u00fd\u0161en\u00ed financ\u00ed, o nich\u017e v\u010dera p\u0159i n\u00e1v\u0161t\u011bv\u011b Pardubic hovo\u0159ila ministryn\u011b \u0161kolstv\u00ed Kate\u0159ina Valachov\u00e1, odp\u016frce toho, aby d\u011bti s lehk\u00fdm ment\u00e1ln\u00edm <a class=\"mh-excerpt-more\" href=\"https:\/\/www.invarena.cz\/?p=24378\" title=\"Radn\u00ed pro \u0161kolstv\u00ed: Dva roky odkladu inkluze nesta\u010d\u00ed. Nejsou pen\u00edze, psychologov\u00e9, asistenti&#8230;\">[&#8230;]<\/a><\/p>\n<\/div>","protected":false},"author":1,"featured_media":13102,"comment_status":"open","ping_status":"closed","sticky":false,"template":"","format":"standard","meta":{"footnotes":""},"categories":[9],"tags":[],"class_list":["post-24378","post","type-post","status-publish","format-standard","has-post-thumbnail","hentry","category-zpravy"],"_links":{"self":[{"href":"https:\/\/www.invarena.cz\/index.php?rest_route=\/wp\/v2\/posts\/24378","targetHints":{"allow":["GET"]}}],"collection":[{"href":"https:\/\/www.invarena.cz\/index.php?rest_route=\/wp\/v2\/posts"}],"about":[{"href":"https:\/\/www.invarena.cz\/index.php?rest_route=\/wp\/v2\/types\/post"}],"author":[{"embeddable":true,"href":"https:\/\/www.invarena.cz\/index.php?rest_route=\/wp\/v2\/users\/1"}],"replies":[{"embeddable":true,"href":"https:\/\/www.invarena.cz\/index.php?rest_route=%2Fwp%2Fv2%2Fcomments&post=24378"}],"version-history":[{"count":0,"href":"https:\/\/www.invarena.cz\/index.php?rest_route=\/wp\/v2\/posts\/24378\/revisions"}],"wp:featuredmedia":[{"embeddable":true,"href":"https:\/\/www.invarena.cz\/index.php?rest_route=\/wp\/v2\/media\/13102"}],"wp:attachment":[{"href":"https:\/\/www.invarena.cz\/index.php?rest_route=%2Fwp%2Fv2%2Fmedia&parent=24378"}],"wp:term":[{"taxonomy":"category","embeddable":true,"href":"https:\/\/www.invarena.cz\/index.php?rest_route=%2Fwp%2Fv2%2Fcategories&post=24378"},{"taxonomy":"post_tag","embeddable":true,"href":"https:\/\/www.invarena.cz\/index.php?rest_route=%2Fwp%2Fv2%2Ftags&post=24378"}],"curies":[{"name":"wp","href":"https:\/\/api.w.org\/{rel}","templated":true}]}}