{"id":24421,"date":"2016-02-05T13:13:07","date_gmt":"2016-02-05T12:13:07","guid":{"rendered":"http:\/\/www.invarena.cz\/?p=24421"},"modified":"2016-02-05T13:13:07","modified_gmt":"2016-02-05T12:13:07","slug":"kdyz-okusime-zivot-potme","status":"publish","type":"post","link":"https:\/\/www.invarena.cz\/?p=24421","title":{"rendered":"Kdy\u017e okus\u00edme \u017eivot potm\u011b"},"content":{"rendered":"<p><strong>Nen\u00ed tma jako tma. To je n\u00e1zev mimo\u0159\u00e1dn\u00e9 interaktivn\u00ed v\u00fdstavy, j\u00ed\u017e brzy o\u017eije zl\u00ednsk\u00fd z\u00e1mek. Vernis\u00e1\u017e se uskute\u010dn\u00ed 1. dubna 2016 v 17 hodin, expozice pak potrv\u00e1 \u010dty\u0159i m\u011bs\u00edce.<\/strong> <!--more--><\/p>\n<p>Zl\u00edn \u2013 V\u00fdstava Nen\u00ed tma jako tma umo\u017en\u00ed n\u00e1v\u0161t\u011bvn\u00edk\u016fm okusit \u017eivot potm\u011b a zapojit ostatn\u00ed smysly, kdy\u017e zrak zklame. P\u0159ibl\u00ed\u017e\u00ed \u017eivot zrakov\u011b posti\u017een\u00fdch a pom\u016f\u017ee uv\u011bdomit si hodnoty vlastn\u00edho zdrav\u00ed.<\/p>\n<p>Dozv\u00edme se, jak nevidom\u00fdm pomoci<\/p>\n<p>Lid\u00e9 se d\u00edky projektu Nen\u00ed tma jako tma tak\u00e9 dozv\u011bd\u00ed, jak\u00e9 pom\u016fcky zrakov\u011b posti\u017een\u00ed pou\u017e\u00edvaj\u00ed, jak si hraj\u00ed nevidom\u00e9 d\u011bti, jak mohou oni sami pomoci nevidom\u00e9mu v b\u011b\u017en\u00e9m \u017eivot\u011b, ale tak\u00e9 kam pokro\u010dila v\u011bda a co v\u0161echno se d\u00e1 \u0159e\u0161it v r\u00e1mci o\u010dn\u00edho l\u00e9ka\u0159stv\u00ed, kter\u00e9 je ve Zl\u00edn\u011b na \u0161pi\u010dkov\u00e9 sv\u011btov\u00e9 \u00farovni. Na v\u00fdstav\u011b budou prezentov\u00e1ny p\u0159\u00edb\u011bhy lid\u00ed, kte\u0159\u00ed o zrak p\u0159i\u0161li nebo ho naopak d\u00edky modern\u00ed medic\u00edn\u011b po letech z\u00edskali zp\u011bt.<\/p>\n<p>&#8222;Jsem r\u00e1d, \u017ee pr\u00e1v\u011b ve Zl\u00edn\u011b bude otev\u0159ena v\u00fdstava Nen\u00ed tma jako tma, kterou vn\u00edm\u00e1m jako velmi prosp\u011b\u0161n\u00fd a u\u017eite\u010dn\u00fd po\u010din. \u017divot ve sv\u011bt\u011b bez sv\u011btla je velmi n\u00e1ro\u010dn\u00fd. Je dobr\u00e9 pro n\u00e1s vidom\u00e9 vyzkou\u0161et si na chvilku, jak t\u011b\u017ek\u00e9 je ho \u017e\u00edt,&#8220; uvedl Pavel Stod\u016flka, l\u00e9ka\u0159 zl\u00ednsk\u00e9 o\u010dn\u00ed kliniky GEMINI.<\/p>\n<p>Akce zam\u011bstn\u00e1 hendikepovan\u00e9<\/p>\n<p>A\u017e 95 % zrakov\u011b posti\u017een\u00fdch nem\u00e1 pr\u00e1ci. V r\u00e1mci v\u00fdstavy Nen\u00ed tma jako tma budou nevidom\u00ed a slabozrac\u00ed zam\u011bstn\u00e1ni jako pr\u016fvodci v prostoru absolutn\u00ed tmy. N\u00e1v\u0161t\u011bvou akce podpo\u0159\u00ed host\u00e9 zam\u011bstn\u00e1v\u00e1n\u00ed osob se zdravotn\u00edm posti\u017een\u00edm. V\u00fdstava Nen\u00ed tma jako tma se uskute\u010dn\u00ed ve zl\u00ednsk\u00e9m z\u00e1mku a potrv\u00e1 do 31. \u010dervence 2016. Pro n\u00e1v\u0161t\u011bvn\u00edky je p\u0159ipravena \u0159ada doprovodn\u00fdch akc\u00ed \u2013 uk\u00e1zka pr\u00e1ce vodic\u00edch ps\u016f, odborn\u00e9 m\u011b\u0159en\u00ed zraku, vzd\u011bl\u00e1vac\u00ed programy pro \u0161koly, odborn\u00e9 p\u0159edn\u00e1\u0161ky z oblasti o\u010dn\u00edho l\u00e9ka\u0159stv\u00ed a mnoho dal\u0161\u00edho.<\/p>\n<p>Zl\u00ednsk\u00fd den\u00edk<br \/>\n<a href=\"http:\/\/www.zlinsky.denik.cz\/\">http:\/\/www.zlinsky.denik.cz\/<\/a><\/p>\n","protected":false},"excerpt":{"rendered":"<div class=\"mh-excerpt\"><p>Nen\u00ed tma jako tma. To je n\u00e1zev mimo\u0159\u00e1dn\u00e9 interaktivn\u00ed v\u00fdstavy, j\u00ed\u017e brzy o\u017eije zl\u00ednsk\u00fd z\u00e1mek. Vernis\u00e1\u017e se uskute\u010dn\u00ed 1. dubna 2016 v 17 hodin, expozice <a class=\"mh-excerpt-more\" href=\"https:\/\/www.invarena.cz\/?p=24421\" title=\"Kdy\u017e okus\u00edme \u017eivot potm\u011b\">[&#8230;]<\/a><\/p>\n<\/div>","protected":false},"author":1,"featured_media":21567,"comment_status":"open","ping_status":"closed","sticky":false,"template":"","format":"standard","meta":{"footnotes":""},"categories":[9],"tags":[],"class_list":["post-24421","post","type-post","status-publish","format-standard","has-post-thumbnail","hentry","category-zpravy"],"_links":{"self":[{"href":"https:\/\/www.invarena.cz\/index.php?rest_route=\/wp\/v2\/posts\/24421","targetHints":{"allow":["GET"]}}],"collection":[{"href":"https:\/\/www.invarena.cz\/index.php?rest_route=\/wp\/v2\/posts"}],"about":[{"href":"https:\/\/www.invarena.cz\/index.php?rest_route=\/wp\/v2\/types\/post"}],"author":[{"embeddable":true,"href":"https:\/\/www.invarena.cz\/index.php?rest_route=\/wp\/v2\/users\/1"}],"replies":[{"embeddable":true,"href":"https:\/\/www.invarena.cz\/index.php?rest_route=%2Fwp%2Fv2%2Fcomments&post=24421"}],"version-history":[{"count":0,"href":"https:\/\/www.invarena.cz\/index.php?rest_route=\/wp\/v2\/posts\/24421\/revisions"}],"wp:featuredmedia":[{"embeddable":true,"href":"https:\/\/www.invarena.cz\/index.php?rest_route=\/wp\/v2\/media\/21567"}],"wp:attachment":[{"href":"https:\/\/www.invarena.cz\/index.php?rest_route=%2Fwp%2Fv2%2Fmedia&parent=24421"}],"wp:term":[{"taxonomy":"category","embeddable":true,"href":"https:\/\/www.invarena.cz\/index.php?rest_route=%2Fwp%2Fv2%2Fcategories&post=24421"},{"taxonomy":"post_tag","embeddable":true,"href":"https:\/\/www.invarena.cz\/index.php?rest_route=%2Fwp%2Fv2%2Ftags&post=24421"}],"curies":[{"name":"wp","href":"https:\/\/api.w.org\/{rel}","templated":true}]}}