{"id":24428,"date":"2016-02-05T12:56:08","date_gmt":"2016-02-05T11:56:08","guid":{"rendered":"http:\/\/www.invarena.cz\/?p=24428"},"modified":"2016-02-05T19:46:23","modified_gmt":"2016-02-05T18:46:23","slug":"neni-to-medialni-bublina-takhle-vypadaji-deti-s-virem-zika","status":"publish","type":"post","link":"https:\/\/www.invarena.cz\/?p=24428","title":{"rendered":"Nen\u00ed to medi\u00e1ln\u00ed bublina! Takhle vypadaj\u00ed d\u011bti s virem zika&#8230;"},"content":{"rendered":"<p><strong>Nebezpe\u010d\u00ed spojen\u00e9 s virem zika, kter\u00e9 ovl\u00e1dlo sv\u011btov\u00e1 m\u00e9dia, nen\u00ed pouze nafouknutou bublinou. Sv\u00e9 o tom v\u00ed \u010dty\u0159icetilet\u00e1 Gwen Hartley z Kansasu, jej\u00edm\u017e dcer\u00e1m toto onemocn\u011bn\u00ed zm\u011bnilo \u017eivot\u2026<\/strong> <!--more--><\/p>\n<p>Cel\u00fd \u010dl\u00e1nek <a href=\"http:\/\/www.ahaonline.cz\/clanek\/116544\/neni-to-medialni-bublina-takhle-vypadaji-deti-s-virem-zika\">ZDE<\/a><\/p>\n<p>foto: d\u00edt\u011b s mikrocefali\u00ed\/ Flickr<\/p>\n","protected":false},"excerpt":{"rendered":"<div class=\"mh-excerpt\"><p>Nebezpe\u010d\u00ed spojen\u00e9 s virem zika, kter\u00e9 ovl\u00e1dlo sv\u011btov\u00e1 m\u00e9dia, nen\u00ed pouze nafouknutou bublinou. Sv\u00e9 o tom v\u00ed \u010dty\u0159icetilet\u00e1 Gwen Hartley z Kansasu, jej\u00edm\u017e dcer\u00e1m toto <a class=\"mh-excerpt-more\" href=\"https:\/\/www.invarena.cz\/?p=24428\" title=\"Nen\u00ed to medi\u00e1ln\u00ed bublina! Takhle vypadaj\u00ed d\u011bti s virem zika&#8230;\">[&#8230;]<\/a><\/p>\n<\/div>","protected":false},"author":1,"featured_media":24432,"comment_status":"open","ping_status":"closed","sticky":false,"template":"","format":"standard","meta":{"footnotes":""},"categories":[9],"tags":[],"class_list":["post-24428","post","type-post","status-publish","format-standard","has-post-thumbnail","hentry","category-zpravy"],"_links":{"self":[{"href":"https:\/\/www.invarena.cz\/index.php?rest_route=\/wp\/v2\/posts\/24428","targetHints":{"allow":["GET"]}}],"collection":[{"href":"https:\/\/www.invarena.cz\/index.php?rest_route=\/wp\/v2\/posts"}],"about":[{"href":"https:\/\/www.invarena.cz\/index.php?rest_route=\/wp\/v2\/types\/post"}],"author":[{"embeddable":true,"href":"https:\/\/www.invarena.cz\/index.php?rest_route=\/wp\/v2\/users\/1"}],"replies":[{"embeddable":true,"href":"https:\/\/www.invarena.cz\/index.php?rest_route=%2Fwp%2Fv2%2Fcomments&post=24428"}],"version-history":[{"count":0,"href":"https:\/\/www.invarena.cz\/index.php?rest_route=\/wp\/v2\/posts\/24428\/revisions"}],"wp:featuredmedia":[{"embeddable":true,"href":"https:\/\/www.invarena.cz\/index.php?rest_route=\/wp\/v2\/media\/24432"}],"wp:attachment":[{"href":"https:\/\/www.invarena.cz\/index.php?rest_route=%2Fwp%2Fv2%2Fmedia&parent=24428"}],"wp:term":[{"taxonomy":"category","embeddable":true,"href":"https:\/\/www.invarena.cz\/index.php?rest_route=%2Fwp%2Fv2%2Fcategories&post=24428"},{"taxonomy":"post_tag","embeddable":true,"href":"https:\/\/www.invarena.cz\/index.php?rest_route=%2Fwp%2Fv2%2Ftags&post=24428"}],"curies":[{"name":"wp","href":"https:\/\/api.w.org\/{rel}","templated":true}]}}