{"id":24442,"date":"2016-02-07T12:04:12","date_gmt":"2016-02-07T11:04:12","guid":{"rendered":"http:\/\/www.invarena.cz\/?p=24442"},"modified":"2016-02-07T12:04:12","modified_gmt":"2016-02-07T11:04:12","slug":"kampan-chce-zlepsit-postaveni-lidi-s-epilepsii-ve-spolecnosti","status":"publish","type":"post","link":"https:\/\/www.invarena.cz\/?p=24442","title":{"rendered":"Kampa\u0148 chce zlep\u0161it postaven\u00ed lid\u00ed s epilepsi\u00ed ve spole\u010dnosti"},"content":{"rendered":"<p><strong>Zlep\u0161it postaven\u00ed lid\u00ed s epilepsi\u00ed ve spole\u010dnosti a podpo\u0159it jejich sebev\u011bdom\u00ed jsou hlavn\u00ed c\u00edle Mezin\u00e1rodn\u00edho dne epilepsie, kter\u00fd je 8. \u00fanora. <\/strong><!--more--><\/p>\n<p>Celosv\u011btovou informa\u010dn\u00ed a medi\u00e1ln\u00ed kampa\u0148 prov\u00e1z\u00ed slogan &#8222;Ano, dok\u00e1\u017eu to!&#8220; V \u010cesku trp\u00ed epilepsi\u00ed na 80.000 lid\u00ed. Nemoc m\u00e1 mnoho r\u016fzn\u00fdch podob, typick\u00e9 jsou opakuj\u00edc\u00ed se z\u00e1chvaty. U n\u011bkter\u00fdch pacient\u016f m\u016f\u017ee v\u00e9st a\u017e k t\u011b\u017ek\u00e9mu ment\u00e1ln\u00edmu zaost\u00e1v\u00e1n\u00ed.<\/p>\n<div class=\"rows\">\n<div class=\"leftCol\">\n<div id=\"textNews\" class=\"text\">\n<p>Osudy lid\u00ed, do jejich\u017e \u017eivota zas\u00e1hla epilepsie, p\u0159ipomene televizn\u00ed dokument &#8222;Upadni a cho\u010f&#8220; iniciovan\u00fd spole\u010dnost\u00ed &#8222;E&#8220;, kter\u00e1 poskytuje lidem s epilepsi\u00ed a jejich bl\u00edzk\u00fdm soci\u00e1ln\u00ed i dal\u0161\u00ed slu\u017eby, v\u010detn\u011b osv\u011btov\u00e9 a vzd\u011bl\u00e1vac\u00ed \u010dinnosti. Premi\u00e9rov\u011b odvys\u00edl\u00e1 dev\u011btadvacetiminutov\u00fd dokument \u010cT 2 v \u00fater\u00fd 9. \u00fanora a zopakuje ve \u010dtvrtek 11. \u00fanora.<\/p>\n<p>Spole\u010dnost &#8222;E&#8220; p\u0159ipravila v r\u00e1mci kampan\u011b pro ve\u0159ejnost na 9. \u00fanora workshop. Z\u00e1jemci se sezn\u00e1m\u00ed s nab\u00eddkou \u010dinnosti, ale tak\u00e9 s lidmi, kter\u00fdm je podpora ur\u010dena a jsou zam\u011bstnanci v soci\u00e1ln\u00edm podniku Aran\u017e\u00e9rie &#8211; kv\u011btiny od lid\u00ed s epilepsi\u00ed.<\/p>\n<p>Epilepsie m\u00e1 letos svoji sekci na mezin\u00e1rodn\u00edm festivalu popul\u00e1rn\u011b-v\u011bdeck\u00fdch film\u016f Academia Film Olomouc, kter\u00fd se kon\u00e1 od 19. do 24. dubna. V bloku s n\u00e1zvem Bo\u017esk\u00e1 nemoc se budou prom\u00edtat filmy se zam\u011b\u0159en\u00edm na epilepsii. Div\u00e1ci se dozv\u011bd\u00ed v\u00edc i na besed\u00e1ch s odborn\u00edky.<\/p>\n<p>Epilepsie se projevuje r\u016fzn\u00fdmi typy z\u00e1chvat\u016f, nap\u0159\u00edklad nevn\u00edm\u00e1n\u00edm, brn\u011bn\u00edm, t\u0159esem, k\u0159e\u010demi \u010di bezv\u011bdom\u00edm. M\u016f\u017ee b\u00fdt vrozen\u00e1, m\u016f\u017ee se ale objevit kdykoli b\u011bhem \u017eivota. Onemocn\u011bn\u00ed mozku m\u016f\u017ee vyvolat \u00faraz, stres, vy\u010derp\u00e1n\u00ed \u010di operace. L\u00e9\u010d\u00ed se antiepileptiky, dodr\u017eov\u00e1n\u00edm spr\u00e1vn\u00e9 \u017eivotospr\u00e1vy, p\u0159\u00edpadn\u011b operativn\u011b.<\/p>\n<\/div>\n<\/div>\n<\/div>\n","protected":false},"excerpt":{"rendered":"<div class=\"mh-excerpt\"><p>Zlep\u0161it postaven\u00ed lid\u00ed s epilepsi\u00ed ve spole\u010dnosti a podpo\u0159it jejich sebev\u011bdom\u00ed jsou hlavn\u00ed c\u00edle Mezin\u00e1rodn\u00edho dne epilepsie, kter\u00fd je 8. \u00fanora.<\/p>\n<\/div>","protected":false},"author":1,"featured_media":24443,"comment_status":"open","ping_status":"closed","sticky":false,"template":"","format":"standard","meta":{"footnotes":""},"categories":[7],"tags":[],"class_list":["post-24442","post","type-post","status-publish","format-standard","has-post-thumbnail","hentry","category-spolecnost"],"_links":{"self":[{"href":"https:\/\/www.invarena.cz\/index.php?rest_route=\/wp\/v2\/posts\/24442","targetHints":{"allow":["GET"]}}],"collection":[{"href":"https:\/\/www.invarena.cz\/index.php?rest_route=\/wp\/v2\/posts"}],"about":[{"href":"https:\/\/www.invarena.cz\/index.php?rest_route=\/wp\/v2\/types\/post"}],"author":[{"embeddable":true,"href":"https:\/\/www.invarena.cz\/index.php?rest_route=\/wp\/v2\/users\/1"}],"replies":[{"embeddable":true,"href":"https:\/\/www.invarena.cz\/index.php?rest_route=%2Fwp%2Fv2%2Fcomments&post=24442"}],"version-history":[{"count":0,"href":"https:\/\/www.invarena.cz\/index.php?rest_route=\/wp\/v2\/posts\/24442\/revisions"}],"wp:featuredmedia":[{"embeddable":true,"href":"https:\/\/www.invarena.cz\/index.php?rest_route=\/wp\/v2\/media\/24443"}],"wp:attachment":[{"href":"https:\/\/www.invarena.cz\/index.php?rest_route=%2Fwp%2Fv2%2Fmedia&parent=24442"}],"wp:term":[{"taxonomy":"category","embeddable":true,"href":"https:\/\/www.invarena.cz\/index.php?rest_route=%2Fwp%2Fv2%2Fcategories&post=24442"},{"taxonomy":"post_tag","embeddable":true,"href":"https:\/\/www.invarena.cz\/index.php?rest_route=%2Fwp%2Fv2%2Ftags&post=24442"}],"curies":[{"name":"wp","href":"https:\/\/api.w.org\/{rel}","templated":true}]}}