{"id":24450,"date":"2016-02-08T08:17:30","date_gmt":"2016-02-08T07:17:30","guid":{"rendered":"http:\/\/www.invarena.cz\/?p=24450"},"modified":"2016-02-08T08:18:49","modified_gmt":"2016-02-08T07:18:49","slug":"v-chripkove-epidemii-by-meli-mit-zamestnanci-moznost-sick-days","status":"publish","type":"post","link":"https:\/\/www.invarena.cz\/?p=24450","title":{"rendered":"V ch\u0159ipkov\u00e9 epidemii by m\u011bli m\u00edt zam\u011bstnanci mo\u017enost sick days"},"content":{"rendered":"<p><strong>Zak\u00e1zat lidem s ch\u0159ipkou chodit do pr\u00e1ce podle advok\u00e1tky Petry Sochorov\u00e9 zam\u011bstnavatel nem\u016f\u017ee, m\u016f\u017ee je v\u0161ak motivovat r\u016fzn\u00fdmi benefity k tomu, aby z\u016fstali doma a n\u00e1kazu ne\u0161\u00ed\u0159ili. Jedn\u00edm z nich jsou nap\u0159\u00edklad tzv. sick days, tedy zdravotn\u00ed volno nebo umo\u017en\u011bn\u00ed pr\u00e1ce z domova.<\/strong> <!--more--><\/p>\n<p>ilustra\u010dn\u00ed foto: Photoxpress<\/p>\n<p>Akutn\u00edch respira\u010dn\u00edch onemocn\u011bn\u00ed a ch\u0159ipky v \u010cesku u\u017e t\u0159et\u00ed t\u00fdden p\u0159ib\u00fdv\u00e1. V tomto t\u00fddnu je hl\u00e1\u0161eno 1446 onemocn\u011bn\u00ed na 100.000 obyvatel. Epidemie jsou zat\u00edm lok\u00e1ln\u00ed, v\u00edce nemocn\u00fdch je v moravsk\u00fdch kraj\u00edch.<\/p>\n<div class=\"rows\">\n<div class=\"leftCol\">\n<div id=\"textNews\" class=\"text\">\n<p>&#8222;Z\u00e1kon\u00edk pr\u00e1ce v\u00fdslovn\u011b nezakotvuje pr\u00e1vo zam\u011bstnavatele, kter\u00e9 by umo\u017e\u0148ovalo na\u0159\u00eddit nemocn\u00e9mu zam\u011bstnanci l\u00e9\u010dbu nap\u0159\u00edklad za\u010d\u00ednaj\u00edc\u00ed ch\u0159ipky. Zam\u011bstnanci toti\u017e mohou m\u00edt k takov\u00e9mu jedn\u00e1n\u00ed finan\u010dn\u00ed motivaci, proto\u017ee d\u00e1vky nemocensk\u00e9ho poji\u0161t\u011bn\u00ed jsou ni\u017e\u0161\u00ed ne\u017e mzda a za prvn\u00ed t\u0159i dny pracovn\u00ed neschopnosti se n\u00e1hrada mzdy neposkytuje,&#8220; uvedla advok\u00e1tka, kter\u00e1 se specializuje na pracovn\u00ed pr\u00e1vo a pr\u00e1va soci\u00e1ln\u00edho zabezpe\u010den\u00ed.<\/p>\n<p>Zdravotn\u00ed volno, sick days, je mo\u017en\u00e9 \u010derpat obvykle t\u0159i a\u017e p\u011bt dn\u00ed v roce. Zam\u011bstnanec nemus\u00ed j\u00edt k l\u00e9ka\u0159i pro potvrzen\u00ed l\u00e9\u010den\u00e9 nemoci \u010di zran\u011bn\u00ed. A na rozd\u00edl od pracovn\u00ed neschopnosti se n\u00e1roky zam\u011bstnance nijak nesni\u017euj\u00ed, p\u0159ipomn\u011bla Sochorov\u00e1.<\/p>\n<p>Z\u00e1kon\u00edk pr\u00e1ce institut sick days bl\u00ed\u017ee neupravuje, stanoven\u00ed podm\u00ednek pro jeho vyu\u017eit\u00ed z\u00e1vis\u00ed na zam\u011bstnavateli. Pokud si ale zam\u011bstnanec vybere sick days k jin\u00e9mu \u00fa\u010delu, ne\u017e je l\u00e9\u010dba nemoci, bude postih z\u00e1viset na konkr\u00e9tn\u00edch podm\u00ednk\u00e1ch stanoven\u00fdch zam\u011bstnavatelem. V p\u0159\u00edpad\u011b striktn\u00edch podm\u00ednek to m\u016f\u017ee b\u00fdt i zru\u0161en\u00ed tohoto benefitu. Poslanec \u010cSSD Roman Sklen\u00e1k nyn\u00ed navrhuje zanesen\u00ed p\u011bti sick days do z\u00e1kon\u00edku pr\u00e1ce, napsala ve \u010dtvrtek Mlad\u00e1 fronta Dnes. Podle poslance jsou k n\u00e1vrhu vst\u0159\u00edcn\u00e9 odbory i zam\u011bstnavatel\u00e9. Na novele bude pracovat ministerstvo pr\u00e1ce.<\/p>\n<p>V ch\u0159ipkov\u00e9 epidemii, kdy se zav\u00edraj\u00ed \u0161koly a zakazuj\u00ed n\u00e1v\u0161t\u011bvy v nemocnic\u00edch, m\u016f\u017ee pracovat zam\u011bstnanec z domova, pokud je tato mo\u017enost sjedn\u00e1na v pracovn\u00ed \u010di jin\u00e9 smlouv\u011b. V opa\u010dn\u00e9m p\u0159\u00edpad\u011b mus\u00ed nav\u0161t\u00edvit l\u00e9ka\u0159e, aby mohl z d\u016fvodu do\u010dasn\u00e9 pracovn\u00ed neschopnosti pob\u00edrat d\u00e1vky nemocensk\u00e9ho poji\u0161t\u011bn\u00ed.<\/p>\n<p>Pokud zam\u011bstnanec mus\u00ed z\u016fstat doma, aby pe\u010doval o nemocn\u00e9 d\u00edt\u011b do deseti let v\u011bku, m\u00e1 n\u00e1rok na o\u0161et\u0159ovn\u00e9. M\u016f\u017ee to b\u00fdt rodi\u010d, p\u0159\u00edpadn\u011b jin\u00e1 osoba \u017eij\u00edc\u00ed s d\u00edt\u011btem v dom\u00e1cnosti. Vzhledem k tomu, \u017ee o\u0161et\u0159ovn\u00e9 lze pob\u00edrat po omezenou dobu a jeho v\u00fd\u0161e je omezena, zam\u011bstnanci se z finan\u010dn\u00edho hlediska nevyplat\u00ed. Pokud to podm\u00ednky zam\u011bstnavatele p\u0159ipou\u0161t\u011bj\u00ed, je pro zam\u011bstnance v\u00fdhodn\u011bj\u0161\u00ed vyu\u017e\u00edt sick days.<\/p>\n<\/div>\n<\/div>\n<\/div>\n","protected":false},"excerpt":{"rendered":"<div class=\"mh-excerpt\"><p>Zak\u00e1zat lidem s ch\u0159ipkou chodit do pr\u00e1ce podle advok\u00e1tky Petry Sochorov\u00e9 zam\u011bstnavatel nem\u016f\u017ee, m\u016f\u017ee je v\u0161ak motivovat r\u016fzn\u00fdmi benefity k tomu, aby z\u016fstali doma a <a class=\"mh-excerpt-more\" href=\"https:\/\/www.invarena.cz\/?p=24450\" title=\"V ch\u0159ipkov\u00e9 epidemii by m\u011bli m\u00edt zam\u011bstnanci mo\u017enost sick days\">[&#8230;]<\/a><\/p>\n<\/div>","protected":false},"author":1,"featured_media":19656,"comment_status":"open","ping_status":"closed","sticky":false,"template":"","format":"standard","meta":{"footnotes":""},"categories":[7],"tags":[],"class_list":["post-24450","post","type-post","status-publish","format-standard","has-post-thumbnail","hentry","category-spolecnost"],"_links":{"self":[{"href":"https:\/\/www.invarena.cz\/index.php?rest_route=\/wp\/v2\/posts\/24450","targetHints":{"allow":["GET"]}}],"collection":[{"href":"https:\/\/www.invarena.cz\/index.php?rest_route=\/wp\/v2\/posts"}],"about":[{"href":"https:\/\/www.invarena.cz\/index.php?rest_route=\/wp\/v2\/types\/post"}],"author":[{"embeddable":true,"href":"https:\/\/www.invarena.cz\/index.php?rest_route=\/wp\/v2\/users\/1"}],"replies":[{"embeddable":true,"href":"https:\/\/www.invarena.cz\/index.php?rest_route=%2Fwp%2Fv2%2Fcomments&post=24450"}],"version-history":[{"count":0,"href":"https:\/\/www.invarena.cz\/index.php?rest_route=\/wp\/v2\/posts\/24450\/revisions"}],"wp:featuredmedia":[{"embeddable":true,"href":"https:\/\/www.invarena.cz\/index.php?rest_route=\/wp\/v2\/media\/19656"}],"wp:attachment":[{"href":"https:\/\/www.invarena.cz\/index.php?rest_route=%2Fwp%2Fv2%2Fmedia&parent=24450"}],"wp:term":[{"taxonomy":"category","embeddable":true,"href":"https:\/\/www.invarena.cz\/index.php?rest_route=%2Fwp%2Fv2%2Fcategories&post=24450"},{"taxonomy":"post_tag","embeddable":true,"href":"https:\/\/www.invarena.cz\/index.php?rest_route=%2Fwp%2Fv2%2Ftags&post=24450"}],"curies":[{"name":"wp","href":"https:\/\/api.w.org\/{rel}","templated":true}]}}