{"id":24452,"date":"2016-02-08T09:22:17","date_gmt":"2016-02-08T08:22:17","guid":{"rendered":"http:\/\/www.invarena.cz\/?p=24452"},"modified":"2016-02-08T09:22:17","modified_gmt":"2016-02-08T08:22:17","slug":"radvanice-a-vernovice-vedou-tabulku-obci-s-nejhorsim-ovzdusim","status":"publish","type":"post","link":"https:\/\/www.invarena.cz\/?p=24452","title":{"rendered":"Radvanice a V\u011b\u0159\u0148ovice vedou tabulku obc\u00ed s nejhor\u0161\u00edm ovzdu\u0161\u00edm"},"content":{"rendered":"<p>Ostravsk\u00e1 m\u011bstsk\u00e1 \u010d\u00e1st Radvanice a Bartovice a tak\u00e9 V\u011b\u0159\u0148ovice, kter\u00e9 jsou \u010d\u00e1st\u00ed Doln\u00ed Lutyn\u011b na Karvinsku, stoj\u00ed v \u010dele tabulky obc\u00ed s nejv\u011bt\u0161\u00edm po\u010dtem dn\u00ed s p\u0159ekro\u010den\u00fdm imisn\u00edm limitem za lo\u0148sk\u00fd rok. Vypl\u00fdv\u00e1 to z \u00fadaj\u016f zve\u0159ejn\u011bn\u00fdch na str\u00e1nk\u00e1ch \u010cesk\u00e9ho hydrometeorologick\u00e9ho \u00fastavu (\u010cHM\u00da).<!--more--><\/p>\n<p>Nej\u010detn\u011bj\u0161\u00ed p\u0159ekro\u010den\u00ed mezn\u00ed hranice pro pol\u00e9tav\u00fd prach, kter\u00e1 je 50 mikrogram\u016f na metr krychlov\u00fd, loni zaznamenala m\u011b\u0159ic\u00ed stanice v Radvanic\u00edch. Provozuje ji tam Zdravotn\u00ed \u00fastav v Ostrav\u011b. Imisn\u00ed limit byl p\u0159ekon\u00e1n v 98 dnech. V\u00edce ne\u017e \u010dtvrtinu dn\u00ed v roce tam tak lid\u00e9 d\u00fdchali v\u00fdrazn\u011b zne\u010di\u0161t\u011bn\u00fd vzduch. Po\u010det dn\u00ed s p\u0159ekro\u010den\u00fdm imisn\u00edm limitem byl obdobn\u00fd jako p\u0159edloni, kdy to bylo 97 dn\u00ed. Nejvy\u0161\u0161\u00ed nam\u011b\u0159en\u00e1 koncentrace tam loni m\u011bla hodnotu 152,3 mikrogramu na metr krychlov\u00fd, tedy v\u00edce ne\u017e trojn\u00e1sobek povolen\u00e9ho limitu.<\/p>\n<p>Ve V\u011b\u0159\u0148ovic\u00edch, kde m\u011b\u0159ic\u00ed stanici provozuje \u010cHM\u00da, byla horn\u00ed hranice pro pol\u00e9tav\u00fd prach p\u0159ekon\u00e1na po dobu 85 dn\u016f, tedy zhruba \u010dtvrtinu roku. P\u0159esto\u017ee se obec se zhruba 5000 obyvateli st\u00e1le dr\u017e\u00ed v pop\u0159ed\u00ed tabulky, proti roku 2014 tam obyvatel\u00e9 v\u00fdrazn\u011b zne\u010di\u0161t\u011bn\u00e9 ovzdu\u0161\u00ed d\u00fdchali men\u0161\u00ed po\u010det dn\u00ed. P\u0159edloni byl imisn\u00ed limit pro pol\u00e9tav\u00fd prach v obci p\u0159ekro\u010den po dobu 116 dn\u00ed, tedy asi t\u0159etinu roku. Maxim\u00e1ln\u00ed koncentrace tam loni dos\u00e1hla 241,9 mikrogramu na metr krychlov\u00fd, tedy t\u00e9m\u011b\u0159 p\u011btin\u00e1sobku imisn\u00edho limitu.<\/p>\n<p>Moravskoslezsk\u00fd kraj m\u00e1 \u0161patnou kvalitu ovzdu\u0161\u00ed dlouhodob\u011b a je nejhor\u0161\u00ed v zemi. Nejhor\u0161\u00ed rozptylov\u00e9 podm\u00ednky jsou na podzim a v zim\u011b. Kvalitu ovzdu\u0161\u00ed krom\u011b pr\u016fmyslu ovliv\u0148uje i doprava a topen\u00ed v dom\u00e1cnostech, ale tak\u00e9 \u0161kodliviny ze sousedn\u00edho Polska. Maxim\u00e1ln\u00ed povolen\u00fd po\u010det p\u0159ekro\u010den\u00ed imisn\u00edho limitu pro pol\u00e9tav\u00fd prach je p\u0159itom stanoven na 35 dn\u00ed v roce.<\/p>\n","protected":false},"excerpt":{"rendered":"<div class=\"mh-excerpt\"><p>Ostravsk\u00e1 m\u011bstsk\u00e1 \u010d\u00e1st Radvanice a Bartovice a tak\u00e9 V\u011b\u0159\u0148ovice, kter\u00e9 jsou \u010d\u00e1st\u00ed Doln\u00ed Lutyn\u011b na Karvinsku, stoj\u00ed v \u010dele tabulky obc\u00ed s nejv\u011bt\u0161\u00edm po\u010dtem dn\u00ed <a class=\"mh-excerpt-more\" href=\"https:\/\/www.invarena.cz\/?p=24452\" title=\"Radvanice a V\u011b\u0159\u0148ovice vedou tabulku obc\u00ed s nejhor\u0161\u00edm ovzdu\u0161\u00edm\">[&#8230;]<\/a><\/p>\n<\/div>","protected":false},"author":1,"featured_media":0,"comment_status":"open","ping_status":"closed","sticky":false,"template":"","format":"standard","meta":{"footnotes":""},"categories":[9],"tags":[],"class_list":["post-24452","post","type-post","status-publish","format-standard","hentry","category-zpravy"],"_links":{"self":[{"href":"https:\/\/www.invarena.cz\/index.php?rest_route=\/wp\/v2\/posts\/24452","targetHints":{"allow":["GET"]}}],"collection":[{"href":"https:\/\/www.invarena.cz\/index.php?rest_route=\/wp\/v2\/posts"}],"about":[{"href":"https:\/\/www.invarena.cz\/index.php?rest_route=\/wp\/v2\/types\/post"}],"author":[{"embeddable":true,"href":"https:\/\/www.invarena.cz\/index.php?rest_route=\/wp\/v2\/users\/1"}],"replies":[{"embeddable":true,"href":"https:\/\/www.invarena.cz\/index.php?rest_route=%2Fwp%2Fv2%2Fcomments&post=24452"}],"version-history":[{"count":0,"href":"https:\/\/www.invarena.cz\/index.php?rest_route=\/wp\/v2\/posts\/24452\/revisions"}],"wp:attachment":[{"href":"https:\/\/www.invarena.cz\/index.php?rest_route=%2Fwp%2Fv2%2Fmedia&parent=24452"}],"wp:term":[{"taxonomy":"category","embeddable":true,"href":"https:\/\/www.invarena.cz\/index.php?rest_route=%2Fwp%2Fv2%2Fcategories&post=24452"},{"taxonomy":"post_tag","embeddable":true,"href":"https:\/\/www.invarena.cz\/index.php?rest_route=%2Fwp%2Fv2%2Ftags&post=24452"}],"curies":[{"name":"wp","href":"https:\/\/api.w.org\/{rel}","templated":true}]}}