{"id":24454,"date":"2016-02-08T15:07:26","date_gmt":"2016-02-08T14:07:26","guid":{"rendered":"http:\/\/www.invarena.cz\/?p=24454"},"modified":"2016-02-08T15:07:26","modified_gmt":"2016-02-08T14:07:26","slug":"lidem-s-hendikepem-by-se-melo-pomahat","status":"publish","type":"post","link":"https:\/\/www.invarena.cz\/?p=24454","title":{"rendered":"&#8222;Lidem s hendikepem by se m\u011blo pom\u00e1hat&#8220;"},"content":{"rendered":"<p><strong>T\u00e9m\u011b\u0159 140 tis\u00edc korun. Takovou \u010d\u00e1stku z\u00edskala organizace Pferda, kter\u00e1 poskytuje soci\u00e1ln\u00ed slu\u017eby dosp\u011bl\u00fdm s ment\u00e1ln\u00edm posti\u017een\u00edm z Rychnovska a N\u00e1chodska. Pomohlo ji k n\u00ed benefi\u010dn\u00ed p\u0159edstaven\u00ed Dejvick\u00e9ho divadla 39\u00b0, kter\u00e9 se uskute\u010dnilo ve \u010dtvrtek v n\u00e1chodsk\u00e9m m\u011bstsk\u00e9m divadle.<\/strong> <!--more--><\/p>\n<p>N\u00e1chod \u2013 K t\u00e9to \u010d\u00e1stce ze vstupn\u00e9ho p\u0159ibyly je\u0161t\u011b dal\u0161\u00ed pen\u00edze, kter\u00e9 div\u00e1ci mohli vkl\u00e1dat do p\u0159ipraven\u00e9 kasi\u010dky. Pen\u00edze poslou\u017e\u00ed jako z\u00e1klad na zakoupen\u00ed nov\u00e9ho automobilu do soci\u00e1ln\u00edch podnik\u016f Pek\u00e1rna Na Plechu a \u00daklidov\u00e1 firma L\u00e1ry F\u00e1ry. Oba podniky se rozr\u016fstaj\u00ed, zam\u011bstn\u00e1vaj\u00ed \u010d\u00edm d\u00e1l v\u00edce pracovn\u00edk\u016f s posti\u017een\u00edm a star\u00e9 auto u\u017e m\u00e1 nejlep\u0161\u00ed l\u00e9ta za sebou. Nov\u00fd automobil bude slou\u017eit jako doprava zam\u011bstnanc\u016f na \u00faklidov\u00e9 zak\u00e1zky, ale bude vozit i pe\u010divo z pek\u00e1rny Na Plechu. Pro tyto \u00fa\u010dely se v\u016fz uprav\u00ed a bude m\u00edt i chlad\u00edrenskou \u010d\u00e1st.<\/p>\n<p>&#8222;Vzhledem k tomu, \u017ee po\u0159izovac\u00ed cena automobilu je mnohem vy\u0161\u0161\u00ed, budou n\u00e1sledovat dal\u0161\u00ed akce a prosby sm\u011brem ke sponzor\u016fm, kter\u00e9 pomohou z\u00edskat dal\u0161\u00ed finance,&#8220; vysv\u011btluje \u0159editelka L\u00e1ry F\u00e1ry Iva La\u0161tovicov\u00e1 a dodala, \u017ee dobr\u00e9 a funk\u010dn\u00ed auto pom\u016f\u017ee k v\u011bt\u0161\u00edmu mno\u017estv\u00ed zak\u00e1zek a t\u00edm bude moci organizace zam\u011bstnat v\u011bt\u0161\u00ed mno\u017estv\u00ed lid\u00ed s posti\u017een\u00edm.<\/p>\n<p>A pr\u00e1v\u011b se z\u00edsk\u00e1v\u00e1n\u00edm t\u011bchto dal\u0161\u00edch prost\u0159edk\u016f by m\u011bl organizaci pom\u00e1hat i jej\u00ed patron, kter\u00fdm se stal zhruba p\u0159ed m\u011bs\u00edcem V\u00e1clav Neu\u017eil, jeden z herc\u016f Dejvick\u00e9ho divadla. &#8222;Lichot\u00ed mi, \u017ee si Pferda vybral pr\u00e1v\u011b m\u011b. To znamen\u00e1, \u017ee si mi v\u011b\u0159\u00ed, \u017ee p\u0159it\u00e1hnu v\u00edce lid\u00ed a pomohu jim sehnat pot\u0159ebn\u00e9 pen\u00edze. Ty se budou sh\u00e1n\u011bt nejen p\u0159es divadeln\u00ed p\u0159edstaven\u00ed, ale i pomoc\u00ed jin\u00fdch akc\u00ed,&#8220; pl\u00e1nuje V\u00e1clav Neu\u017eil a jako p\u0159\u00edklad uv\u00e1d\u00ed mo\u017en\u00e9 vernis\u00e1\u017ee \u010di dra\u017eby fotografi\u00ed klient\u016f Pferdy v kav\u00e1rn\u011b v Dejvic\u00edch.<\/p>\n<p>&#8222;V\u0161echno je v po\u010d\u00e1tc\u00edch a v\u011b\u0159\u00edm, \u017ee se bude da\u0159it a organizaci zviditeln\u00edme natolik, aby vzr\u016fstala a mohla d\u00edky z\u00edskan\u00fdm financ\u00edm je\u0161t\u011b l\u00e9pe fungovat,&#8220; p\u0159\u00e1l by si mlad\u00fd sympatick\u00fd herec. &#8222;Lidem s hendikepem by se m\u011blo pom\u00e1hat. Jsou ve spole\u010dnosti znev\u00fdhodn\u011bn\u00ed a my, kte\u0159\u00ed m\u00e1me to \u0161t\u011bst\u00ed a jsme zdrav\u00ed, m\u00e1me povinnost se o n\u011b starat,&#8220; dod\u00e1v\u00e1 odhodlan\u011b.<\/p>\n<p>Podle V\u00e1clava Neu\u017eila je zp\u016fsob, kter\u00fdm Pferda pom\u00e1h\u00e1, ten spr\u00e1vn\u00fd. L\u00edb\u00ed se mu, \u017ee organizace posti\u017een\u00e9 lidi aktivn\u011b zapojuje a chov\u00e1 se k nim, jako kdyby byli zdrav\u00ed. &#8222;T\u00edm \u017ee vyr\u00e1b\u011bj\u00ed spoustu dobrot v pek\u00e1rn\u011b a jsou schopn\u00ed obslou\u017eit lidi v kav\u00e1rn\u011b, mus\u00ed vyvinout n\u011bjakou aktivitu a jsou u\u017eite\u010dn\u00ed. Tato cesta, kter\u00e1 propojuje sv\u011bty zdrav\u00fdch a ment\u00e1ln\u011b posti\u017een\u00fdch mi p\u0159ijde velmi chytr\u00e1,&#8220; dod\u00e1v\u00e1 a p\u0159eje Pferdovi, aby se z cesty, kterou se organizace vydala, postupn\u011b stala pevn\u00e1 d\u00e1lnice, kter\u00e1 m\u016f\u017ee slou\u017eit jako vzor ostatn\u00edm, je\u017e by se t\u00edmto sm\u011brem tak\u00e9 cht\u011bli vydat.<\/p>\n<p>P\u0159i p\u0159\u00edle\u017eitosti benefi\u010dn\u00edho p\u0159edstaven\u00ed v Ber\u00e1nku byla k vid\u011bn\u00ed tak\u00e9 v\u00fdstava fotografi\u00ed &#8222;Jsme dosp\u011bl\u00ed&#8220; a lid\u00e9 mohli ochutnat k\u00e1vu i v\u00fdrobky z pek\u00e1rny Na Plechu. A pr\u00e1v\u011b tato pek\u00e1rna a \u00daklidov\u00e1 firma L\u00e1ry F\u00e1ry moment\u00e1ln\u011b zam\u011bstn\u00e1vaj\u00ed 27 lid\u00ed. Organizace m\u00e1 tak\u00e9 p\u0159ibli\u017en\u011b 60 klient\u016f soci\u00e1ln\u00edch slu\u017eeb. Jedn\u00e1 se nap\u0159\u00edklad o klienty kav\u00e1ren, tr\u00e9ninkov\u00e9ho bytu a podporovan\u00e9ho bydlen\u00ed. &#8222;Nyn\u00ed roz\u0161i\u0159ujeme podporovan\u00e9 bydlen\u00ed i do N\u00e1choda, tak\u017ee kapacita se bude navy\u0161ovat. Budeme poskytovat asistenci lidem s posti\u017een\u00edm doma, aby se nemuseli st\u011bhovat do \u00fastav\u016f,&#8220; \u0159\u00edk\u00e1 Iva La\u0161tovicov\u00e1. Organizace Pferda se sna\u017e\u00ed o rovnopr\u00e1vn\u00e9 postaven\u00ed lid\u00ed s ment\u00e1ln\u00edm posti\u017een\u00edm, rozv\u00edj\u00ed jejich schopnosti, dovednosti a samostatnost. Sna\u017e\u00ed se tak\u00e9 o zkvali\u0165\u0148ov\u00e1n\u00ed \u017eivota hendikepovan\u00fdch a jejich dal\u0161\u00ed vzd\u011bl\u00e1v\u00e1n\u00ed.<\/p>\n<p>Na z\u00e1v\u011br je nutn\u00e9 poznamenat, \u017ee n\u00e1chodsk\u00e1 tr\u00e9ninkov\u00e1 kav\u00e1rna L\u00e1ry F\u00e1ry nab\u00edz\u00ed lahodnou k\u00e1vu i mnoho chutn\u00fdch dobrot u\u017e p\u011bt let.<\/p>\n<p>N\u00e1chodsk\u00fd den\u00edk<br \/>\n<a href=\"http:\/\/nachodsky.denik.cz\/\">http:\/\/nachodsky.denik.cz\/<\/a><\/p>\n","protected":false},"excerpt":{"rendered":"<div class=\"mh-excerpt\"><p>T\u00e9m\u011b\u0159 140 tis\u00edc korun. Takovou \u010d\u00e1stku z\u00edskala organizace Pferda, kter\u00e1 poskytuje soci\u00e1ln\u00ed slu\u017eby dosp\u011bl\u00fdm s ment\u00e1ln\u00edm posti\u017een\u00edm z Rychnovska a N\u00e1chodska. Pomohlo ji k n\u00ed <a class=\"mh-excerpt-more\" href=\"https:\/\/www.invarena.cz\/?p=24454\" title=\"&#8222;Lidem s hendikepem by se m\u011blo pom\u00e1hat&#8220;\">[&#8230;]<\/a><\/p>\n<\/div>","protected":false},"author":1,"featured_media":14487,"comment_status":"open","ping_status":"closed","sticky":false,"template":"","format":"standard","meta":{"footnotes":""},"categories":[9],"tags":[],"class_list":["post-24454","post","type-post","status-publish","format-standard","has-post-thumbnail","hentry","category-zpravy"],"_links":{"self":[{"href":"https:\/\/www.invarena.cz\/index.php?rest_route=\/wp\/v2\/posts\/24454","targetHints":{"allow":["GET"]}}],"collection":[{"href":"https:\/\/www.invarena.cz\/index.php?rest_route=\/wp\/v2\/posts"}],"about":[{"href":"https:\/\/www.invarena.cz\/index.php?rest_route=\/wp\/v2\/types\/post"}],"author":[{"embeddable":true,"href":"https:\/\/www.invarena.cz\/index.php?rest_route=\/wp\/v2\/users\/1"}],"replies":[{"embeddable":true,"href":"https:\/\/www.invarena.cz\/index.php?rest_route=%2Fwp%2Fv2%2Fcomments&post=24454"}],"version-history":[{"count":0,"href":"https:\/\/www.invarena.cz\/index.php?rest_route=\/wp\/v2\/posts\/24454\/revisions"}],"wp:featuredmedia":[{"embeddable":true,"href":"https:\/\/www.invarena.cz\/index.php?rest_route=\/wp\/v2\/media\/14487"}],"wp:attachment":[{"href":"https:\/\/www.invarena.cz\/index.php?rest_route=%2Fwp%2Fv2%2Fmedia&parent=24454"}],"wp:term":[{"taxonomy":"category","embeddable":true,"href":"https:\/\/www.invarena.cz\/index.php?rest_route=%2Fwp%2Fv2%2Fcategories&post=24454"},{"taxonomy":"post_tag","embeddable":true,"href":"https:\/\/www.invarena.cz\/index.php?rest_route=%2Fwp%2Fv2%2Ftags&post=24454"}],"curies":[{"name":"wp","href":"https:\/\/api.w.org\/{rel}","templated":true}]}}