{"id":24467,"date":"2017-02-26T22:14:33","date_gmt":"2017-02-26T21:14:33","guid":{"rendered":"http:\/\/www.invarena.cz\/?p=24467"},"modified":"2017-02-26T22:28:40","modified_gmt":"2017-02-26T21:28:40","slug":"ceske-drahy-mohou-prepravu-vozickaru-odmitnout-region-opavsky-a-hlucinsky","status":"publish","type":"post","link":"https:\/\/www.invarena.cz\/?p=24467","title":{"rendered":"\u010cesk\u00e9 dr\u00e1hy mohou p\u0159epravu voz\u00ed\u010dk\u00e1\u0159\u016f odm\u00edtnout"},"content":{"rendered":"<p>Opava \u2013 Kdy\u017e se slavnostn\u011b zahajovala j\u00edzda rychl\u00edku z Prahy do Opavy, byla to velk\u00e1 v\u011bc. M\u00e1lokdo si v\u0161ak tehdy uv\u011bdomoval, \u017ee vlak nen\u00ed ur\u010den pro cestuj\u00edc\u00ed na voz\u00ed\u010dku. &#8222;M\u00e1me sice 21. stolet\u00ed, ale to se v tomto p\u0159\u00edpad\u011b bohu\u017eel nekonalo,&#8220; glosoval situaci trefn\u011b Franti\u0161ek \u0160enk.<!--more--><\/p>\n<p> Po urgenc\u00edch se v\u0161ak situace zm\u011bnila a od konce minul\u00e9ho roku je mo\u017en\u00e9 slu\u017eeb, tohoto rychl\u00edku vyu\u017e\u00edt t\u0159eba i na voz\u00ed\u010dku. Ov\u0161em je t\u0159eba dop\u0159edu dopravn\u00ed spole\u010dnosti nahl\u00e1sit, \u017ee chcete vyu\u017e\u00edt jejich slu\u017eeb a mus\u00edte doufat, \u017ee spole\u010dnost va\u0161i \u017e\u00e1dost o p\u0159epravu neodm\u00edtne! &#8222;Pl\u00e1novali jsme tehdy v\u00fdlet na nov\u011b otev\u0159en\u00e9 mo\u0161novsk\u00e9 leti\u0161t\u011b, bohu\u017eel den p\u0159ed odjezdem se mi \u010cesk\u00e9 dr\u00e1hy omluvily, \u017ee p\u0159epravu vzhledem k poru\u0161e pou\u017e\u00edvan\u00e9 soupravy, kterou mus\u00ed nahradit jinou, bari\u00e9rovou, nemohou potvrdit,&#8220; vypr\u00e1v\u00ed Franti\u0161ek \u0160enk o sv\u00e9m ned\u00e1vno pro\u017eit\u00e9m z\u00e1\u017eitku. Omezen\u00ed tedy na handicapovan\u00e9 \u010dekaj\u00ed prakticky v\u0161ude a je ot\u00e1zkou zodpov\u011bdn\u00e9ho p\u0159\u00edstupu, zda se bude situace i nad\u00e1le m\u011bnit k lep\u0161\u00edmu. Dobr\u00fdm p\u0159\u00edkladem m\u016f\u017ee b\u00fdt Obchodn\u00ed centrum Breda, kde vzniklo n\u011bkolik obchod\u016f, z nich\u017e drtiv\u00e1 v\u011bt\u0161ina je bezbari\u00e9rov\u00e1, stejn\u011b jako nap\u0159\u00edklad multikino, ve kter\u00e9m maj\u00ed lid\u00e9 na voz\u00ed\u010dku vyhrazen\u00e1 speci\u00e1ln\u00ed m\u00edsta. P\u0159esto i v t\u00e9to modern\u00ed stavb\u011b najdete n\u011bkolik zbyte\u010dn\u00fdch komplikac\u00ed, kter\u00e9 invalid\u016fm ztrp\u010duj\u00ed \u017eivot. Po\u010d\u00ednaje venkovn\u00edm posezen\u00edm, od kter\u00e9ho voz\u00ed\u010dk\u00e1\u0159e d\u011bl\u00ed dva nep\u0159ekonateln\u00e9 schody, kter\u00e9 by z\u0159ejm\u011b nebylo tak t\u011b\u017ek\u00e9 v jednom m\u00edst\u011b nahradit n\u00e1jezdovou rampou. A kon\u010de nap\u0159\u00edklad nemo\u017enost\u00ed vyu\u017e\u00edt jednu z prodejen, kdy bezbari\u00e9rovosti stoj\u00ed v cest\u011b takzvan\u00fd &#8222;jednotn\u00fd vzhled prodejen&#8220;.<\/p>\n<p>Region Opavsk\u00fd a Hlu\u010d\u00ednsk\u00fd<\/p>\n","protected":false},"excerpt":{"rendered":"<div class=\"mh-excerpt\"><p>Opava \u2013 Kdy\u017e se slavnostn\u011b zahajovala j\u00edzda rychl\u00edku z Prahy do Opavy, byla to velk\u00e1 v\u011bc. M\u00e1lokdo si v\u0161ak tehdy uv\u011bdomoval, \u017ee vlak nen\u00ed ur\u010den <a class=\"mh-excerpt-more\" href=\"https:\/\/www.invarena.cz\/?p=24467\" title=\"\u010cesk\u00e9 dr\u00e1hy mohou p\u0159epravu voz\u00ed\u010dk\u00e1\u0159\u016f odm\u00edtnout\">[&#8230;]<\/a><\/p>\n<\/div>","protected":false},"author":1,"featured_media":12141,"comment_status":"open","ping_status":"closed","sticky":false,"template":"","format":"standard","meta":{"footnotes":""},"categories":[9],"tags":[],"class_list":["post-24467","post","type-post","status-publish","format-standard","has-post-thumbnail","hentry","category-zpravy"],"_links":{"self":[{"href":"https:\/\/www.invarena.cz\/index.php?rest_route=\/wp\/v2\/posts\/24467","targetHints":{"allow":["GET"]}}],"collection":[{"href":"https:\/\/www.invarena.cz\/index.php?rest_route=\/wp\/v2\/posts"}],"about":[{"href":"https:\/\/www.invarena.cz\/index.php?rest_route=\/wp\/v2\/types\/post"}],"author":[{"embeddable":true,"href":"https:\/\/www.invarena.cz\/index.php?rest_route=\/wp\/v2\/users\/1"}],"replies":[{"embeddable":true,"href":"https:\/\/www.invarena.cz\/index.php?rest_route=%2Fwp%2Fv2%2Fcomments&post=24467"}],"version-history":[{"count":0,"href":"https:\/\/www.invarena.cz\/index.php?rest_route=\/wp\/v2\/posts\/24467\/revisions"}],"wp:featuredmedia":[{"embeddable":true,"href":"https:\/\/www.invarena.cz\/index.php?rest_route=\/wp\/v2\/media\/12141"}],"wp:attachment":[{"href":"https:\/\/www.invarena.cz\/index.php?rest_route=%2Fwp%2Fv2%2Fmedia&parent=24467"}],"wp:term":[{"taxonomy":"category","embeddable":true,"href":"https:\/\/www.invarena.cz\/index.php?rest_route=%2Fwp%2Fv2%2Fcategories&post=24467"},{"taxonomy":"post_tag","embeddable":true,"href":"https:\/\/www.invarena.cz\/index.php?rest_route=%2Fwp%2Fv2%2Ftags&post=24467"}],"curies":[{"name":"wp","href":"https:\/\/api.w.org\/{rel}","templated":true}]}}