{"id":24468,"date":"2016-02-13T16:28:09","date_gmt":"2016-02-13T15:28:09","guid":{"rendered":"http:\/\/www.invarena.cz\/?p=24468"},"modified":"2016-02-13T16:28:09","modified_gmt":"2016-02-13T15:28:09","slug":"dopravni-podnik-chce-byt-vstricny-k-postizenym-chysta-netradicni-jizdu","status":"publish","type":"post","link":"https:\/\/www.invarena.cz\/?p=24468","title":{"rendered":"Dopravn\u00ed podnik chce b\u00fdt vst\u0159\u00edcn\u00fd k posti\u017een\u00fdm. Chyst\u00e1 netradi\u010dn\u00ed j\u00edzdu"},"content":{"rendered":"<p><strong>\u00a0Velmi nep\u0159\u00edjemnou zku\u0161enost m\u00e1 za sebou cel\u00e1 \u0159ada voz\u00ed\u010dk\u00e1\u0159\u016f, kte\u0159\u00ed v Opav\u011b narazili na zast\u00e1vku, ze kter\u00e9 se vlastn\u00edmi silami nemohli dostat.<\/strong> <!--more--><\/p>\n<p>&#8222;Vn\u00edm\u00e1me tento probl\u00e9m, a proto pl\u00e1nujeme speci\u00e1ln\u00ed j\u00edzdu, na kterou si p\u0159izveme lidi s posti\u017een\u00edm, aby n\u00e1m \u0159ekli, co p\u0159esn\u011b by ocenili, aby se zm\u011bnilo,&#8220; prozradil mluv\u010d\u00ed M\u011bstsk\u00e9ho dopravn\u00edho podniku v Opav\u011b Jarom\u00edr \u0160im\u00e1nek s t\u00edm, \u017ee inspek\u010dn\u00ed cestu by mohl absolvovat tak\u00e9 Josef Stiborsk\u00fd, n\u00e1m\u011bstek prim\u00e1tora, kter\u00fd je nevidom\u00fd.<br \/>\n&#8222;Dopravn\u00ed podnik mi s\u00e1m tuto mo\u017enost nab\u00eddl a j\u00e1 ji p\u0159ijal, z vlastn\u00ed zku\u0161enosti v\u00edm, \u017ee je rozhodn\u011b co zlep\u0161ovat,&#8220; dodal k t\u00e9matu Franti\u0161ek \u0160enk. P\u0159esto st\u00e1le plat\u00ed, \u017ee cestovat po Opav\u011b bezkrat\u0161\u00edp\u0159\u00edpravym\u016f\u017eeb\u00fdtpro lidi s posti\u017een\u00edm slo\u017eit\u00e9.<br \/>\n&#8222;Mus\u00edm \u0159\u00edct, \u017ee ani\u017e bych si nap\u0159\u00edklad na internetu zjistil, zda je konkr\u00e9tn\u00ed spoj uzp\u016fsoben\u00fd pro voz\u00ed\u010dk\u00e1\u0159e, bych jen tak necestoval. Na\u0161t\u011bst\u00ed jsou tyto informace pro ka\u017ed\u00e9ho snadno dostupn\u00e9. Z vlastn\u00ed zku\u0161enosti mus\u00edm ale dodat, \u017ee nap\u0159\u00edklad zast\u00e1vka u Kauflandu je pro voz\u00ed\u010dk\u00e1\u0159e naprosto nevhodn\u00e1, a kdo to nev\u00ed, bude nemile p\u0159ekvapen,&#8220; upozor\u0148uje Franti\u0161ek \u0160enk.<br \/>\nV \u00fanoru by se v\u0161ak situace mohla za\u010d\u00edt obracet k lep\u0161\u00edmu, kdy\u017e nav\u00edc s\u00e1m \u0159editel dopravn\u00edho podniku Jarom\u00edr Walaski ozna\u010dil p\u0159epravu handicapovan\u00fdch za jednu ze sv\u00fdch priorit. MDPO se aktu\u00e1ln\u011b chlub\u00ed vysok\u00fdm po\u010dtem n\u00edzkopodla\u017en\u00edch voz\u016f.<\/p>\n<p>Region Opavsk\u00fd a Hlu\u010d\u00ednsk\u00fd<\/p>\n","protected":false},"excerpt":{"rendered":"<div class=\"mh-excerpt\"><p>\u00a0Velmi nep\u0159\u00edjemnou zku\u0161enost m\u00e1 za sebou cel\u00e1 \u0159ada voz\u00ed\u010dk\u00e1\u0159\u016f, kte\u0159\u00ed v Opav\u011b narazili na zast\u00e1vku, ze kter\u00e9 se vlastn\u00edmi silami nemohli dostat.<\/p>\n<\/div>","protected":false},"author":1,"featured_media":5967,"comment_status":"open","ping_status":"closed","sticky":false,"template":"","format":"standard","meta":{"footnotes":""},"categories":[9],"tags":[],"class_list":["post-24468","post","type-post","status-publish","format-standard","has-post-thumbnail","hentry","category-zpravy"],"_links":{"self":[{"href":"https:\/\/www.invarena.cz\/index.php?rest_route=\/wp\/v2\/posts\/24468","targetHints":{"allow":["GET"]}}],"collection":[{"href":"https:\/\/www.invarena.cz\/index.php?rest_route=\/wp\/v2\/posts"}],"about":[{"href":"https:\/\/www.invarena.cz\/index.php?rest_route=\/wp\/v2\/types\/post"}],"author":[{"embeddable":true,"href":"https:\/\/www.invarena.cz\/index.php?rest_route=\/wp\/v2\/users\/1"}],"replies":[{"embeddable":true,"href":"https:\/\/www.invarena.cz\/index.php?rest_route=%2Fwp%2Fv2%2Fcomments&post=24468"}],"version-history":[{"count":0,"href":"https:\/\/www.invarena.cz\/index.php?rest_route=\/wp\/v2\/posts\/24468\/revisions"}],"wp:featuredmedia":[{"embeddable":true,"href":"https:\/\/www.invarena.cz\/index.php?rest_route=\/wp\/v2\/media\/5967"}],"wp:attachment":[{"href":"https:\/\/www.invarena.cz\/index.php?rest_route=%2Fwp%2Fv2%2Fmedia&parent=24468"}],"wp:term":[{"taxonomy":"category","embeddable":true,"href":"https:\/\/www.invarena.cz\/index.php?rest_route=%2Fwp%2Fv2%2Fcategories&post=24468"},{"taxonomy":"post_tag","embeddable":true,"href":"https:\/\/www.invarena.cz\/index.php?rest_route=%2Fwp%2Fv2%2Ftags&post=24468"}],"curies":[{"name":"wp","href":"https:\/\/api.w.org\/{rel}","templated":true}]}}