{"id":24478,"date":"2016-02-10T07:25:01","date_gmt":"2016-02-10T06:25:01","guid":{"rendered":"http:\/\/www.invarena.cz\/?p=24478"},"modified":"2016-02-10T07:59:02","modified_gmt":"2016-02-10T06:59:02","slug":"v-brne-porodila-zena-v-komatu-zdraveho-chlapecka","status":"publish","type":"post","link":"https:\/\/www.invarena.cz\/?p=24478","title":{"rendered":"V Brn\u011b porodila \u017eena v k\u00f3matu zdrav\u00e9ho chlape\u010dka"},"content":{"rendered":"<p><strong>V brn\u011bnsk\u00e9 fakultn\u00ed nemocnici porodila \u017eena v k\u00f3matu. L\u00e9ka\u0159i p\u0159ivedli na sv\u011bt chlape\u010dka c\u00edsa\u0159sk\u00fdm \u0159ezem v p\u016fli ledna. \u017dena se dostala do bezv\u011bdom\u00ed p\u0159ed \u010dty\u0159mi m\u011bs\u00edci p\u0159i dopravn\u00ed nehod\u011b.<\/strong> <!--more--><\/p>\n<p>&nbsp;<\/p>\n<p>Z\u00e1krok byl n\u00e1ro\u010dn\u00fd a jeho v\u00fdsledek nejist\u00fd. V brn\u011bnsk\u00e9 fakultn\u00ed nemocnici se ro\u010dn\u011b narod\u00ed 6000 d\u011bt\u00ed. Porod pacientky v k\u00f3matu je ojedin\u011blou ud\u00e1lost\u00ed, \u0159ekla dnes \u010cTK prim\u00e1\u0159ka II. anesteziologicko-resuscita\u010dn\u00edho odd\u011blen\u00ed nemocnice Dagmar Seidlov\u00e1.<\/p>\n<div class=\"rows\">\n<div class=\"leftCol\">\n<div id=\"textNews\" class=\"text\">\n<p>&#8222;S podobn\u00fdm z\u00e1krokem jsme se zat\u00edm setkali v odborn\u00e9 literatu\u0159e. N\u011bco takov\u00e9ho se d\u011bje, a to mysl\u00edm zcela bez nads\u00e1zky, tak jednou za deset let,&#8220; \u0159ekla prim\u00e1\u0159ka. T\u0159iat\u0159icetilet\u00e1 \u017eena podle n\u00ed utrp\u011bla p\u0159i dopravn\u00ed nehod\u011b poran\u011bn\u00ed mozku a kr\u010dn\u00ed p\u00e1te\u0159e, z n\u011bho\u017e se pomalu zotavuje.<\/p>\n<p>Podle n\u00ed je nejd\u016fle\u017eit\u011bj\u0161\u00ed, \u017ee p\u0159\u00edb\u011bh m\u00e1 \u0161\u0165astn\u00fd konec. Chlape\u010dek p\u0159i\u0161el na sv\u011bt v 31. t\u00fddnu t\u011bhotenstv\u00ed matky s v\u00e1hou 1,9 kilogramu. N\u00e1sledn\u011b byl t\u0159i t\u00fddny v inkub\u00e1toru. Ji\u017e byl z nemocnice propu\u0161t\u011bn\u00fd. Pe\u010duje o n\u011bj bratr pacientky.<\/p>\n<p>P\u0159i c\u00edsa\u0159sk\u00e9m \u0159ezu postupoval t\u00fdm l\u00e9ka\u0159\u016f tak, jak by postupoval p\u0159i stejn\u00e9m z\u00e1kroku u zdrav\u00e9 pacientky. Nast\u00e1vaj\u00edc\u00ed matku uspali za pomoci anestezie a d\u00edt\u011b z jej\u00edho t\u011bla vyjmuli. Po v\u00fdkonu se z anestezie op\u011bt probudila. Z\u016fstala ale jen ve vegetativn\u00edm stavu, tedy op\u011bt v k\u00f3matu.<\/p>\n<p>Zdravotn\u00ed stav \u017eeny se za\u010dal lep\u0161it. H\u00fdbe ji\u017e levou rukou a nohou. L\u00e9ka\u0159i u n\u00ed pozoruj\u00ed snahu posadit se na posteli, otev\u00edr\u00e1 o\u010di a fixuje pohled. &#8222;Samoz\u0159ejm\u011b to, nakolik si uv\u011bdomuje, \u017ee se stala matkou zdrav\u00e9ho syna, to prost\u011b nev\u00edme. Stejn\u011b tak netu\u0161\u00edme, jak se bude jej\u00ed stav vyv\u00edjet. D\u016fle\u017eit\u00e9 pro n\u00e1s je, \u017ee chlape\u010dek je v po\u0159\u00e1dku a zdravotn\u00ed stav u matky m\u00e1 v\u00fdvoj k lep\u0161\u00edmu,&#8220; uvedla l\u00e9ka\u0159ka.<\/p>\n<p>Matku \u010dek\u00e1 p\u0159esun na specializovan\u00e9 odd\u011blen\u00ed, na n\u011bm\u017e se l\u00e9ka\u0159i v\u011bnuj\u00ed pr\u00e1v\u011b pacient\u016fm v obdobn\u011b z\u00e1va\u017en\u00fdch stavech, v jak\u00e9m nyn\u00ed je.<\/p>\n<\/div>\n<\/div>\n<\/div>\n","protected":false},"excerpt":{"rendered":"<div class=\"mh-excerpt\"><p>V brn\u011bnsk\u00e9 fakultn\u00ed nemocnici porodila \u017eena v k\u00f3matu. L\u00e9ka\u0159i p\u0159ivedli na sv\u011bt chlape\u010dka c\u00edsa\u0159sk\u00fdm \u0159ezem v p\u016fli ledna. \u017dena se dostala do bezv\u011bdom\u00ed p\u0159ed \u010dty\u0159mi <a class=\"mh-excerpt-more\" href=\"https:\/\/www.invarena.cz\/?p=24478\" title=\"V Brn\u011b porodila \u017eena v k\u00f3matu zdrav\u00e9ho chlape\u010dka\">[&#8230;]<\/a><\/p>\n<\/div>","protected":false},"author":1,"featured_media":24479,"comment_status":"open","ping_status":"closed","sticky":false,"template":"","format":"standard","meta":{"footnotes":""},"categories":[11],"tags":[],"class_list":["post-24478","post","type-post","status-publish","format-standard","has-post-thumbnail","hentry","category-zdravi"],"_links":{"self":[{"href":"https:\/\/www.invarena.cz\/index.php?rest_route=\/wp\/v2\/posts\/24478","targetHints":{"allow":["GET"]}}],"collection":[{"href":"https:\/\/www.invarena.cz\/index.php?rest_route=\/wp\/v2\/posts"}],"about":[{"href":"https:\/\/www.invarena.cz\/index.php?rest_route=\/wp\/v2\/types\/post"}],"author":[{"embeddable":true,"href":"https:\/\/www.invarena.cz\/index.php?rest_route=\/wp\/v2\/users\/1"}],"replies":[{"embeddable":true,"href":"https:\/\/www.invarena.cz\/index.php?rest_route=%2Fwp%2Fv2%2Fcomments&post=24478"}],"version-history":[{"count":0,"href":"https:\/\/www.invarena.cz\/index.php?rest_route=\/wp\/v2\/posts\/24478\/revisions"}],"wp:featuredmedia":[{"embeddable":true,"href":"https:\/\/www.invarena.cz\/index.php?rest_route=\/wp\/v2\/media\/24479"}],"wp:attachment":[{"href":"https:\/\/www.invarena.cz\/index.php?rest_route=%2Fwp%2Fv2%2Fmedia&parent=24478"}],"wp:term":[{"taxonomy":"category","embeddable":true,"href":"https:\/\/www.invarena.cz\/index.php?rest_route=%2Fwp%2Fv2%2Fcategories&post=24478"},{"taxonomy":"post_tag","embeddable":true,"href":"https:\/\/www.invarena.cz\/index.php?rest_route=%2Fwp%2Fv2%2Ftags&post=24478"}],"curies":[{"name":"wp","href":"https:\/\/api.w.org\/{rel}","templated":true}]}}