{"id":24508,"date":"2016-02-11T15:27:57","date_gmt":"2016-02-11T14:27:57","guid":{"rendered":"http:\/\/www.invarena.cz\/?p=24508"},"modified":"2016-02-11T15:27:57","modified_gmt":"2016-02-11T14:27:57","slug":"dobrovolnici-z-prachatic-byli-vyhodnoceni-v-praze-za-sbirku-bila-pastelka","status":"publish","type":"post","link":"https:\/\/www.invarena.cz\/?p=24508","title":{"rendered":"Dobrovoln\u00edci z Prachatic byli vyhodnoceni v Praze za sb\u00edrku B\u00edl\u00e1 pastelka"},"content":{"rendered":"<p><strong>K nejlep\u0161\u00edm dobrovoln\u00edk\u016fm v charitativn\u00ed sb\u00edrce B\u00edla pastelka op\u011bt pat\u0159ili z\u00e1stupci ze Sjednocen\u00e9 organizace nevidom\u00fdch a slabozrak\u00fdch z Prachatic. Jitka Sojkov\u00e1 a Marie Mr\u00e1zov\u00e1 se z\u00fa\u010dastnily v Praze slavnostn\u00edho vyhodnocen\u00ed a ocen\u011bn\u00ed dobrovoln\u00edk\u016f.<\/strong><!--more--><\/p>\n<p>16. ro\u010dn\u00edk celorepublikov\u00e9 sb\u00edrky B\u00edl\u00e1 pastelka p\u0159inesl na speci\u00e1ln\u00ed slu\u017eby pro nevidom\u00e9 a slabozrak\u00e9 1 731 350,- korun. V\u0161em, kte\u0159\u00ed si zakoupili symbolickou pastelku \u010di p\u0159isp\u011bli jinak a spolupod\u00edleli se na t\u00e9to skv\u011bl\u00e9 \u010d\u00e1stce, organiz\u00e1to\u0159i d\u011bkuj\u00ed. V Prachatic\u00edch byla vybr\u00e1na v roce 2015 \u010d\u00e1stka 7 234,- K\u010d. Po Prachatic\u00edch chodila dvojice Marie Mr\u00e1zov\u00e1 s vod\u00edc\u00edm psem Arven a And\u011blkou V\u00e1chovou.<\/p>\n<p>K B\u00edl\u00e9 pastelce, do n\u00ed\u017e se po cel\u00e9m \u010cesku zapojuj\u00ed tis\u00edce dobrovoln\u00edk\u016f, posledn\u00ed roky pat\u0159\u00ed i slavnostn\u00ed akce Pod\u011bkov\u00e1n\u00ed nejlep\u0161\u00edm. Na n\u00ed se potk\u00e1vaj\u00ed v\u00edt\u011bzov\u00e9 krajsk\u00fdch kol sout\u011b\u017ee o nejvy\u0161\u0161\u00ed v\u00fdt\u011b\u017eek. Za rok 2015 v rezidenci prim\u00e1tora hlavn\u00edho m\u011bsta Prahy, byly vyhodnoceny i z\u00e1stupkyn\u011b SONS Prachatice. V Sen\u00e1tu Parlamentu \u010cR se v\u0161ichni spole\u010dn\u011b setkali s historicky prvn\u00edm nevidom\u00fdm sen\u00e1torem v \u010cesku Milanem Pe\u0161\u00e1kem.<\/p>\n<p>Parlamentn\u00ed Listy<\/p>\n","protected":false},"excerpt":{"rendered":"<div class=\"mh-excerpt\"><p>K nejlep\u0161\u00edm dobrovoln\u00edk\u016fm v charitativn\u00ed sb\u00edrce B\u00edla pastelka op\u011bt pat\u0159ili z\u00e1stupci ze Sjednocen\u00e9 organizace nevidom\u00fdch a slabozrak\u00fdch z Prachatic. Jitka Sojkov\u00e1 a Marie Mr\u00e1zov\u00e1 se <a class=\"mh-excerpt-more\" href=\"https:\/\/www.invarena.cz\/?p=24508\" title=\"Dobrovoln\u00edci z Prachatic byli vyhodnoceni v Praze za sb\u00edrku B\u00edl\u00e1 pastelka\">[&#8230;]<\/a><\/p>\n<\/div>","protected":false},"author":1,"featured_media":19892,"comment_status":"open","ping_status":"closed","sticky":false,"template":"","format":"standard","meta":{"footnotes":""},"categories":[9],"tags":[],"class_list":["post-24508","post","type-post","status-publish","format-standard","has-post-thumbnail","hentry","category-zpravy"],"_links":{"self":[{"href":"https:\/\/www.invarena.cz\/index.php?rest_route=\/wp\/v2\/posts\/24508","targetHints":{"allow":["GET"]}}],"collection":[{"href":"https:\/\/www.invarena.cz\/index.php?rest_route=\/wp\/v2\/posts"}],"about":[{"href":"https:\/\/www.invarena.cz\/index.php?rest_route=\/wp\/v2\/types\/post"}],"author":[{"embeddable":true,"href":"https:\/\/www.invarena.cz\/index.php?rest_route=\/wp\/v2\/users\/1"}],"replies":[{"embeddable":true,"href":"https:\/\/www.invarena.cz\/index.php?rest_route=%2Fwp%2Fv2%2Fcomments&post=24508"}],"version-history":[{"count":0,"href":"https:\/\/www.invarena.cz\/index.php?rest_route=\/wp\/v2\/posts\/24508\/revisions"}],"wp:featuredmedia":[{"embeddable":true,"href":"https:\/\/www.invarena.cz\/index.php?rest_route=\/wp\/v2\/media\/19892"}],"wp:attachment":[{"href":"https:\/\/www.invarena.cz\/index.php?rest_route=%2Fwp%2Fv2%2Fmedia&parent=24508"}],"wp:term":[{"taxonomy":"category","embeddable":true,"href":"https:\/\/www.invarena.cz\/index.php?rest_route=%2Fwp%2Fv2%2Fcategories&post=24508"},{"taxonomy":"post_tag","embeddable":true,"href":"https:\/\/www.invarena.cz\/index.php?rest_route=%2Fwp%2Fv2%2Ftags&post=24508"}],"curies":[{"name":"wp","href":"https:\/\/api.w.org\/{rel}","templated":true}]}}