{"id":24525,"date":"2016-02-13T17:05:49","date_gmt":"2016-02-13T16:05:49","guid":{"rendered":"http:\/\/www.invarena.cz\/?p=24525"},"modified":"2016-02-13T17:05:49","modified_gmt":"2016-02-13T16:05:49","slug":"pohresovany-kanadan-si-po-30-letech-vzpomnel-na-svou-totoznost","status":"publish","type":"post","link":"https:\/\/www.invarena.cz\/?p=24525","title":{"rendered":"Poh\u0159e\u0161ovan\u00fd Kana\u010fan si po 30 letech vzpomn\u011bl na svou toto\u017enost"},"content":{"rendered":"<p><strong>Kana\u010fan poh\u0159e\u0161ovan\u00fd od roku 1986 se zakr\u00e1tko znovu shled\u00e1 se svou rodinou. Po t\u00e9m\u011b\u0159 t\u0159ech des\u00edtk\u00e1ch let, kter\u00e9 pro\u017eil pod jinou identitou, si toti\u017e vzpomn\u011bl na svou pravou toto\u017enost, informovala agentura AP.<\/strong><!--more--><\/p>\n<p>foto: MorgueFile<\/p>\n<p>Tehdy jednadvacetilet\u00fd Edgar Latulip zmizel v z\u00e1\u0159\u00ed 1986 ze za\u0159\u00edzen\u00ed pro ment\u00e1ln\u011b posti\u017een\u00e9 ve m\u011bst\u011b Kitchener v kanadsk\u00e9 provincii Ontario. \u00daraz hlavy, kter\u00fd utrp\u011bl, ho p\u0159ipravil o pam\u011b\u0165.<\/p>\n<p>Zat\u00edmco rodina pova\u017eovala Latulipa za mrtv\u00e9ho, mu\u017e \u017eil pod jinou identitou v oblasti nedaleko Niagarsk\u00fdch vodop\u00e1d\u016f, asi 130 kilometr\u016f v\u00fdchodn\u011b od m\u00edsta sv\u00e9ho p\u016fvodn\u00edho pobytu.<\/p>\n<p>P\u0159ed \u010dasem se mu ale za\u010daly vracet vzpom\u00ednky na p\u016fvodn\u00ed toto\u017enost. Soci\u00e1ln\u00ed pracovn\u00edk, kter\u00e9mu se sv\u011b\u0159il, jeho jm\u00e9no zadal do internetov\u00e9ho vyhled\u00e1va\u010de a zjistil, \u017ee mu\u017e jm\u00e9nem Edgar Latulip se skute\u010dn\u011b t\u0159icet let poh\u0159e\u0161uje. Kana\u010fanovu toto\u017enost n\u00e1sledn\u011b potvrdily i testy DNA.<\/p>\n<p>Latulip trp\u00ed v\u00fdvojov\u00fdm posti\u017een\u00edm, jeho ment\u00e1ln\u00ed v\u011bk odpov\u00edd\u00e1 podle l\u00e9ka\u0159\u016f zhruba 12let\u00e9mu chlapci.<\/p>\n<p>&#8222;Jsem u policie 18 let, ale n\u011bco takov\u00e9ho jsem vid\u011bl jen v televizi,&#8220; uvedl \u0161\u00e9f niagarsk\u00e9 region\u00e1ln\u00ed policie Philip Gavin.<\/p>\n<p>&#8222;Chci mluvit se sv\u00fdm synem a ud\u011blat v\u0161e, co mohu, abych mu pomohla,&#8220; \u0159ekla 76let\u00e1 Latulipova matka Silvia Wilsonov\u00e1. Kdy\u017e se zpr\u00e1vu o nalezen\u00ed sv\u00e9ho nejstar\u0161\u00edho syna dozv\u011bd\u011bla, zalapala pr\u00fd po dechu a nemohla tomu uv\u011b\u0159it.<\/p>\n","protected":false},"excerpt":{"rendered":"<div class=\"mh-excerpt\"><p>Kana\u010fan poh\u0159e\u0161ovan\u00fd od roku 1986 se zakr\u00e1tko znovu shled\u00e1 se svou rodinou. Po t\u00e9m\u011b\u0159 t\u0159ech des\u00edtk\u00e1ch let, kter\u00e9 pro\u017eil pod jinou identitou, si toti\u017e vzpomn\u011bl <a class=\"mh-excerpt-more\" href=\"https:\/\/www.invarena.cz\/?p=24525\" title=\"Poh\u0159e\u0161ovan\u00fd Kana\u010fan si po 30 letech vzpomn\u011bl na svou toto\u017enost\">[&#8230;]<\/a><\/p>\n<\/div>","protected":false},"author":1,"featured_media":21147,"comment_status":"open","ping_status":"closed","sticky":false,"template":"","format":"standard","meta":{"footnotes":""},"categories":[7],"tags":[],"class_list":["post-24525","post","type-post","status-publish","format-standard","has-post-thumbnail","hentry","category-spolecnost"],"_links":{"self":[{"href":"https:\/\/www.invarena.cz\/index.php?rest_route=\/wp\/v2\/posts\/24525","targetHints":{"allow":["GET"]}}],"collection":[{"href":"https:\/\/www.invarena.cz\/index.php?rest_route=\/wp\/v2\/posts"}],"about":[{"href":"https:\/\/www.invarena.cz\/index.php?rest_route=\/wp\/v2\/types\/post"}],"author":[{"embeddable":true,"href":"https:\/\/www.invarena.cz\/index.php?rest_route=\/wp\/v2\/users\/1"}],"replies":[{"embeddable":true,"href":"https:\/\/www.invarena.cz\/index.php?rest_route=%2Fwp%2Fv2%2Fcomments&post=24525"}],"version-history":[{"count":0,"href":"https:\/\/www.invarena.cz\/index.php?rest_route=\/wp\/v2\/posts\/24525\/revisions"}],"wp:featuredmedia":[{"embeddable":true,"href":"https:\/\/www.invarena.cz\/index.php?rest_route=\/wp\/v2\/media\/21147"}],"wp:attachment":[{"href":"https:\/\/www.invarena.cz\/index.php?rest_route=%2Fwp%2Fv2%2Fmedia&parent=24525"}],"wp:term":[{"taxonomy":"category","embeddable":true,"href":"https:\/\/www.invarena.cz\/index.php?rest_route=%2Fwp%2Fv2%2Fcategories&post=24525"},{"taxonomy":"post_tag","embeddable":true,"href":"https:\/\/www.invarena.cz\/index.php?rest_route=%2Fwp%2Fv2%2Ftags&post=24525"}],"curies":[{"name":"wp","href":"https:\/\/api.w.org\/{rel}","templated":true}]}}