{"id":24529,"date":"2016-02-15T10:35:36","date_gmt":"2016-02-15T09:35:36","guid":{"rendered":"http:\/\/www.invarena.cz\/?p=24529"},"modified":"2016-02-15T10:36:00","modified_gmt":"2016-02-15T09:36:00","slug":"zeman-inkluzivni-vzdelavani-bude-nezdarenym-experimentem","status":"publish","type":"post","link":"https:\/\/www.invarena.cz\/?p=24529","title":{"rendered":"Zeman: Inkluzivn\u00ed vzd\u011bl\u00e1v\u00e1n\u00ed bude nezda\u0159en\u00fdm experimentem"},"content":{"rendered":"<p><strong>Spole\u010dn\u00e9 vzd\u011bl\u00e1v\u00e1n\u00ed, kter\u00e9 m\u00e1 b\u00fdt od z\u00e1\u0159\u00ed spu\u0161t\u011bno na z\u00e1kladn\u00edch \u0161kol\u00e1ch, bude podle Milo\u0161e Zemana jedn\u00edm z mnoha nezda\u0159en\u00fdch experiment\u016f a d\u011btem u\u0161kod\u00ed. Zeman to dnes uvedl v Prezidentsk\u00e9m Pressklubu rozhlasov\u00e9 stanice Frekvence 1.<\/strong><br \/>\n<!--more--><\/p>\n<p>&#8222;Pokud inkluze skute\u010dn\u011b za\u010dne, tak to bude jeden z mnoha nezda\u0159en\u00fdch experiment\u016f v na\u0161em \u0161kolstv\u00ed, kter\u00fd d\u011btem i u\u010ditel\u016fm u\u0161kod\u00ed,&#8220; prohl\u00e1sil Zeman. Spole\u010dn\u00e9 vzd\u011bl\u00e1v\u00e1n\u00ed zdrav\u00fdch a posti\u017een\u00fdch d\u011bt\u00ed je podle n\u011bj m\u00f3dn\u00ed vlnou. N\u011bkdej\u0161\u00ed premi\u00e9r a \u010dlen prezidentova poradn\u00edho t\u00fdmu Ji\u0159\u00ed Rusnok to podle Zemana ozna\u010dil za &#8222;lidskopr\u00e1vn\u00ed \u0161\u00edlenstv\u00ed&#8220;.<\/p>\n<p>Kriticky se k za\u010dle\u0148ov\u00e1n\u00ed d\u011bt\u00ed se speci\u00e1ln\u00edmi vzd\u011bl\u00e1vac\u00edmi pot\u0159ebami do b\u011b\u017en\u00fdch \u0161kol vyj\u00e1d\u0159il Zeman u\u017e p\u0159ed rokem. Prohl\u00e1sil, \u017ee spole\u010dn\u00e9 vzd\u011bl\u00e1v\u00e1n\u00ed handicapovan\u00fdch a zdrav\u00fdch d\u011bt\u00ed je &#8222;ne\u0161t\u011bst\u00edm pro ob\u011b strany&#8220;.<\/p>\n<p>Kritici inkluze se ob\u00e1vaj\u00ed, \u017ee jej\u00ed zaveden\u00ed bude znamenat n\u00e1razov\u00fd p\u0159\u00edchod velk\u00e9ho po\u010dtu d\u011bt\u00ed s r\u016fzn\u00fdmi speci\u00e1ln\u00edmi vzd\u011bl\u00e1vac\u00edmi pot\u0159ebami do b\u011b\u017en\u00fdch \u0161kol, kter\u00e9 na to nejsou p\u0159ipraveny. V souvislosti s novelou \u0161kolsk\u00e9ho z\u00e1kona i n\u011bkte\u0159\u00ed poslanci v\u010detn\u011b vl\u00e1dn\u00edch po\u017eaduj\u00ed odklad v zaveden\u00ed t\u00e9to novinky.<\/p>\n<p>Ministerstvo \u0161kolstv\u00ed ale inkluzivn\u00ed zm\u011bny h\u00e1j\u00ed s t\u00edm, \u017ee p\u0159edev\u0161\u00edm garantuj\u00ed podporu v\u0161em pot\u0159ebn\u00fdm \u017e\u00e1k\u016fm bez ohledu na region a konkr\u00e9tn\u00ed \u0161kolu, kde se vzd\u011bl\u00e1vaj\u00ed. V\u011bt\u0161ina n\u011bjak\u00fdm zp\u016fsobem znev\u00fdhodn\u011bn\u00fdch d\u011bt\u00ed se pr\u00fd u\u017e v sou\u010dasn\u00e9 dob\u011b vzd\u011bl\u00e1v\u00e1 v b\u011b\u017en\u00fdch \u0161kol\u00e1ch. U drtiv\u00e9 v\u011bt\u0161iny druh\u016f zdravotn\u00edho handicapu p\u0159evl\u00e1d\u00e1 integrace do b\u011b\u017en\u00fdch \u0161kol. V\u00fdjimkou jsou jen nesly\u0161\u00edc\u00ed a d\u011bti s lehk\u00fdm ment\u00e1ln\u00edm posti\u017een\u00edm, z nich\u017e se v\u011bt\u0161ina vzd\u011bl\u00e1v\u00e1 ve speci\u00e1ln\u00edch t\u0159\u00edd\u00e1ch.<\/p>\n<\/div>\n<\/div>\n<\/div>\n","protected":false},"excerpt":{"rendered":"<div class=\"mh-excerpt\"><p>Spole\u010dn\u00e9 vzd\u011bl\u00e1v\u00e1n\u00ed, kter\u00e9 m\u00e1 b\u00fdt od z\u00e1\u0159\u00ed spu\u0161t\u011bno na z\u00e1kladn\u00edch \u0161kol\u00e1ch, bude podle Milo\u0161e Zemana jedn\u00edm z mnoha nezda\u0159en\u00fdch experiment\u016f a d\u011btem u\u0161kod\u00ed. Zeman to <a class=\"mh-excerpt-more\" href=\"https:\/\/www.invarena.cz\/?p=24529\" title=\"Zeman: Inkluzivn\u00ed vzd\u011bl\u00e1v\u00e1n\u00ed bude nezda\u0159en\u00fdm experimentem\">[&#8230;]<\/a><\/p>\n<\/div>","protected":false},"author":1,"featured_media":2134,"comment_status":"open","ping_status":"closed","sticky":false,"template":"","format":"standard","meta":{"footnotes":""},"categories":[6],"tags":[],"class_list":["post-24529","post","type-post","status-publish","format-standard","has-post-thumbnail","hentry","category-politika"],"_links":{"self":[{"href":"https:\/\/www.invarena.cz\/index.php?rest_route=\/wp\/v2\/posts\/24529","targetHints":{"allow":["GET"]}}],"collection":[{"href":"https:\/\/www.invarena.cz\/index.php?rest_route=\/wp\/v2\/posts"}],"about":[{"href":"https:\/\/www.invarena.cz\/index.php?rest_route=\/wp\/v2\/types\/post"}],"author":[{"embeddable":true,"href":"https:\/\/www.invarena.cz\/index.php?rest_route=\/wp\/v2\/users\/1"}],"replies":[{"embeddable":true,"href":"https:\/\/www.invarena.cz\/index.php?rest_route=%2Fwp%2Fv2%2Fcomments&post=24529"}],"version-history":[{"count":0,"href":"https:\/\/www.invarena.cz\/index.php?rest_route=\/wp\/v2\/posts\/24529\/revisions"}],"wp:featuredmedia":[{"embeddable":true,"href":"https:\/\/www.invarena.cz\/index.php?rest_route=\/wp\/v2\/media\/2134"}],"wp:attachment":[{"href":"https:\/\/www.invarena.cz\/index.php?rest_route=%2Fwp%2Fv2%2Fmedia&parent=24529"}],"wp:term":[{"taxonomy":"category","embeddable":true,"href":"https:\/\/www.invarena.cz\/index.php?rest_route=%2Fwp%2Fv2%2Fcategories&post=24529"},{"taxonomy":"post_tag","embeddable":true,"href":"https:\/\/www.invarena.cz\/index.php?rest_route=%2Fwp%2Fv2%2Ftags&post=24529"}],"curies":[{"name":"wp","href":"https:\/\/api.w.org\/{rel}","templated":true}]}}