{"id":2456,"date":"2013-03-15T18:55:17","date_gmt":"2013-03-15T17:55:17","guid":{"rendered":"http:\/\/www.invarena.cz\/?p=2456"},"modified":"2013-03-18T08:49:11","modified_gmt":"2013-03-18T07:49:11","slug":"spor-o-skarty","status":"publish","type":"post","link":"https:\/\/www.invarena.cz\/?p=2456","title":{"rendered":"Spor o sKarty: Kr\u00e1sa vs. Kohoutov\u00e1"},"content":{"rendered":"<p>Konec sKaret po\u017eaduje N\u00e1rodn\u00ed rada osob se zdravotn\u00edm posti\u017een\u00edm. P\u0159idala se tak k Sen\u00e1tu, kter\u00fd navrhl cel\u00fd syst\u00e9m zru\u0161it. V po\u0159adu Ud\u00e1losti, koment\u00e1\u0159e \u010cT24 spolu debatovali p\u0159edseda NRZP V\u00e1cela Kr\u00e1sa a \u010dlenka sn\u011bmovn\u00edho soci\u00e1ln\u00edho v\u00fdboru Lenka Kohoutov\u00e1 z ODS. <!--more--><\/p>\n<p>\/zkr\u00e1cen\u00fd p\u0159epis po\u0159adu\/<\/p>\n<p><strong>Sni\u017eov\u00e1n\u00ed p\u0159\u00edsp\u011bvk\u016f a d\u00e1vek nebo p\u0159et\u00ed\u017een\u00ed a nefunk\u010dnost \u00fa\u0159ad\u016f pr\u00e1ce, to kritizuje N\u00e1rodn\u00ed rada osob se zdravotn\u00edm posti\u017een\u00edm. Podle n\u00ed je cel\u00fd syst\u00e9m podpory p\u0159ed zhroucen\u00edm.<\/strong><\/p>\n<p>\/z\u00e1znam\/David Kafka, n\u00e1m\u011bstek pro soci\u00e1ln\u00ed a rodinnou politiku, MPSV:<br \/>\nTo s realitou nem\u00e1 nic spole\u010dn\u00e9ho. A jestli se zpozdilo vypl\u00e1cen\u00ed rodinn\u00fdch d\u00e1vek v minul\u00e9m m\u011bs\u00edci, tak to nebyla \u017e\u00e1dn\u00e1 syst\u00e9mov\u00e1 v\u011bc, kter\u00e1 by m\u011bla osoby se zdravotn\u00edm posti\u017een\u00edm n\u011bjak v\u00fdrazn\u011b po\u0161kodit.<\/p>\n<p><strong>Ter\u010dem kritiky je tak\u00e9 vypl\u00e1cen\u00ed d\u00e1vek pomoc\u00ed sKaret.<\/strong><\/p>\n<p>\/z\u00e1znam\/V\u00e1clav Kr\u00e1sa, p\u0159edseda N\u00e1rodn\u00ed rady osob se zdravotn\u00edm posti\u017een\u00edm:<br \/>\nMy po\u0159\u00e1d zav\u00e1d\u00edme nov\u00e9 IT syst\u00e9my do st\u00e1tn\u00ed spr\u00e1vy, kter\u00e9 jsou ale nefunk\u010dn\u00ed. To jsou zbyte\u010dn\u011b vyhozen\u00e9 stamiliony korun, kter\u00e9 by se mohly poskytnout lidem se zdravotn\u00edm posti\u017een\u00edm.<\/p>\n<p><strong>Vl\u00e1da sKarty ru\u0161it nehodl\u00e1. Te\u010f m\u00e1 na stole n\u00e1vrh ministerstva pr\u00e1ce, aby sKarta byla povinnou pr\u016fkazkou p\u0159\u00edjemce d\u00e1vek, ale bankovn\u00ed \u00fa\u010det k n\u00ed by byl dobrovoln\u00fd.<\/strong><\/p>\n<p>\/z\u00e1znam\/Ludmila Mullerov\u00e1, ministryn\u011b pr\u00e1ce a soci\u00e1ln\u00edch v\u011bc\u00ed:<br \/>\nPokud bychom akceptovali ten vl\u00e1dn\u00ed n\u00e1vrh, tak si mysl\u00edm, \u017ee p\u0159inese zna\u010dn\u00fd zlep\u0161en\u00ed cel\u00e9ho projektu, a \u017ee je docela re\u00e1ln\u00e9, \u017ee by se lidem mohl za\u010d\u00edt l\u00edbit.<\/p>\n<p><strong>N\u00e1vrh ministryn\u011b ale odm\u00edt\u00e1 \u010cesk\u00e1 spo\u0159itelna, kter\u00e1 sKarty st\u00e1tu bezplatn\u011b dod\u00e1v\u00e1. Bez povinn\u00fdch \u00fa\u010dt\u016f by pro ni byl projekt ztr\u00e1tov\u00fd. P\u0159ipom\u00ednky k dal\u0161\u00edmu fungov\u00e1n\u00ed karet m\u016f\u017eou v\u0161echny strany d\u00e1vat do pond\u011bl\u00ed. Pak se bude zm\u011bnami syst\u00e9mu znovu zab\u00fdvat vl\u00e1da.<br \/>\npan\u00ed poslankyn\u011b, zap\u00ed\u0161e se vl\u00e1da Petra Ne\u010dase do d\u011bjin jako ta, kter\u00e1 zbortila sv\u00fdmi reformami funguj\u00edc\u00ed syst\u00e9m v\u00fdplaty soci\u00e1ln\u00edch d\u00e1vek?<\/strong><\/p>\n<p>Lenka Kohoutov\u00e1 z ODS<br \/>\nKarta soci\u00e1ln\u00edch syst\u00e9m\u016f nepad\u00e1 nebo s kartou soci\u00e1ln\u00edch syst\u00e9m\u016f ur\u010dit\u011b nepad\u00e1 a nestoj\u00ed v\u00fdplata soci\u00e1ln\u00edch d\u00e1vek. To v \u017e\u00e1dn\u00e9m p\u0159\u00edpad\u011b.<\/p>\n<p><strong>Mluv\u00edme o reform\u00e1ch, nikoliv o sKart\u011b. Jestli reformy zbo\u0159ily ten syst\u00e9m podpory, jak tvrd\u00ed n\u00e1rodn\u00ed rada.<\/strong><\/p>\n<p>Lenka Kohoutov\u00e1 z ODS.:<br \/>\nDomn\u00edv\u00e1m se, \u017ee ne. J\u00e1 si sp\u00ed\u0161 mysl\u00edm, \u017ee projekt sKaret je velmi ne\u0161\u0165astn\u00fd a je zapot\u0159eb\u00ed diskutovat v\u0161echny mo\u017enosti. J\u00e1 v sou\u010dasn\u00e9 dob\u011b se klon\u00edm k tomu, \u017ee v tomto syst\u00e9mu je zapot\u0159eb\u00ed bu\u010f ud\u011blat velk\u00fd po\u0159\u00e1dek, anebo s t\u00edmto syst\u00e9mem prost\u011b skon\u010dit. I kdy\u017e si mysl\u00edm, \u017ee tady m\u00edsto m\u011b by m\u011bli sed\u011bt z\u00e1stupci TOP 09 a ne oby\u010dejn\u00e1 poslankyn\u011b, proto\u017ee &#8230;<\/p>\n<p><strong>No, jste \u010dlenka soci\u00e1ln\u00edho v\u00fdboru, jste \u010dlenka koali\u010dn\u00ed vl\u00e1dy samoz\u0159ejm\u011b nebo vl\u00e1dn\u00ed koalice.<\/strong><\/p>\n<p>Lenka Kohoutov\u00e1 z ODS.<br \/>\nTo samoz\u0159ejm\u011b. J\u00e1 to \u0159\u00edk\u00e1m jenom proto, proto\u017ee obhajuji n\u011bco, co obhajovat nechci a od za\u010d\u00e1tku v podstat\u011b jsem velk\u00fdm kritikem n\u011bkter\u00fdch v\u011bc\u00ed, kter\u00e9 se t\u00fdkaj\u00ed nap\u0159\u00edklad soci\u00e1ln\u00ed reformy, kter\u00e1 se zvrtla v n\u011bco, co jsme necht\u011bli a kdyby karty &#8230;<\/p>\n<p><strong>Bort\u00ed ta reforma ten funguj\u00edc\u00ed syst\u00e9m v\u00fdplaty podpory? Tak zn\u011bla moje ot\u00e1zka, jestli podle v\u00e1s je to a\u017e tak siln\u00e9.<\/strong><\/p>\n<p>Lenka Kohoutov\u00e1 z ODS.<br \/>\nZ\u00e1konn\u00e1 reforma nikoliv. Bort\u00ed to nap\u0159\u00edklad nefunk\u010dn\u00ed syst\u00e9my, kter\u00e9 na \u00fa\u0159adech pr\u00e1ce jsou, a to je tro\u0161ku n\u011bco jin\u00e9ho, proto\u017ee to nen\u00ed z\u00e1konn\u00e1 norma. To je jin\u00e9 rozhodnut\u00ed ministerstva pr\u00e1ce a soci\u00e1ln\u00edch v\u011bc\u00ed. A karty soci\u00e1ln\u00edch syst\u00e9m\u016f jsou velmi ne\u0161\u0165astn\u00e9 a je zapot\u0159eb\u00ed se pod\u00edvat pravd\u011b do o\u010d\u00ed, jak to vlastn\u011b je.<\/p>\n<p><strong>\u00a0 pane p\u0159edsedo, nejsou tedy ta va\u0161e tvrzen\u00ed p\u0159ehnan\u00e1? Vy neoce\u0148ujete, \u017ee se vl\u00e1da sna\u017e\u00ed, reformami uspo\u0159it ve\u0159ejn\u00e9 prost\u0159edky? Te\u010f se je\u0161t\u011b nebav\u00edme o sKart\u00e1ch, ale o tom, \u017ee podle v\u00e1s ty reformy bo\u0159\u00ed cel\u00fd ten syst\u00e9m?<\/strong><\/p>\n<p>Kr\u00e1sa<br \/>\nTak samoz\u0159ejm\u011b, proto\u017ee my jsme m\u011bli nastaven\u00fd syst\u00e9m, kter\u00fd pom\u00e1hal integraci osob\u00e1m se zdravotn\u00edm posti\u017een\u00edm do spole\u010dnosti, kde\u017eto sou\u010dasn\u00fd syst\u00e9m, kter\u00fd je velmi restriktivn\u00ed, prakticky bo\u0159\u00ed n\u011bkter\u00e9 d\u00e1vkov\u00e9 syst\u00e9my, kter\u00e9 pom\u00e1haly lidem se zdravotn\u00edm posti\u017een\u00edm v integraci. Kdy\u017e uvedu p\u0159\u00edklad, je to podpora mobility. Ta je proti roku 2010 o 50 procent ni\u017e\u0161\u00ed. 400 korun m\u011bs\u00ed\u010dn\u011b na benz\u00edn u\u017e opravdu nen\u00ed \u010d\u00e1stka, aby pomohla lidem, kte\u0159\u00ed pot\u0159ebuj\u00ed si za\u0159izovat sv\u00e9 v\u011bci a nemohou jinak se dopravovat ne\u017eli vlastn\u00edm autem. Takhle bychom mohli d\u00e1vat jednu d\u00e1vku vedle druh\u00e9. P\u0159\u00edsp\u011bvek na p\u00e9\u010di byl sn\u00ed\u017een v prvn\u00edm stupni z 2000 na 800 korun a 7 let nebyl valorizov\u00e1n. To znamen\u00e1, \u017ee jeho re\u00e1ln\u00e1 hodnota poklesla minim\u00e1ln\u011b o 25 a\u017e 30 procent. Skon\u010dil soci\u00e1ln\u00ed p\u0159\u00edplatek, kter\u00fd pom\u00e1h\u00e1 rodin\u00e1m pe\u010duj\u00edc\u00edm o osoby se zdravotn\u00edm posti\u017een\u00edm, a kryl tu jejich nejhor\u0161\u00ed situaci, kdy m\u011bly n\u00edzk\u00e9 p\u0159\u00edjmy a on jim vlastn\u011b vykr\u00fdval tu situaci do dvojn\u00e1sobku \u017eivotn\u00edho minima. \u010cili ty rodiny dneska bez t\u011bchto podpor se dost\u00e1vaj\u00ed pouze na \u017eivotn\u00ed minimum a to opravdu pak neumo\u017e\u0148uje, aby ti lid\u00e9 se v\u011bnovali sv\u00e9mu rozvoji, vzd\u011bl\u00e1v\u00e1n\u00ed a podobn\u011b, proto\u017ee oni vlastn\u011b bojuj\u00ed o hol\u00e9 \u017eivobyt\u00ed. Takov\u00e1 ta situace opravdu dneska je.<\/p>\n<p><strong>Pan\u00ed poslankyn\u011b,\u00a0 tady zazn\u011blo, \u017ee vl\u00e1dn\u00ed reformy bo\u0159\u00ed d\u00e1vkov\u00e9 syst\u00e9my. Vznikaj\u00ed vl\u00e1dn\u00ed reformy s ohledem na to, aby se u\u0161et\u0159ilo a u\u017e ne s ohledem na to, jak to dopadne na lidi, kter\u00fdch se to bytostn\u011b t\u00fdk\u00e1?<\/strong><\/p>\n<p>Lenka Kohoutov\u00e1 z ODS.:<br \/>\nPan Kr\u00e1sa zmi\u0148uje n\u011bkter\u00e9 d\u00e1vkov\u00e9 syst\u00e9my, kter\u00e9 jsou ale v platnosti, n\u011bkter\u00e9 od 1. 1. 2011 tu\u0161\u00edm a n\u011bkter\u00e9 od 1. 1. 2012. D\u016fle\u017eit\u00e9 je \u0159\u00edci si, nap\u0159\u00edklad u mobility, ta tady plat\u00ed od 1. 1. 2012, v lo\u0148sk\u00e9m roce jsme zv\u00fd\u0161ili okruh lid\u00ed, kter\u00fdch se tento p\u0159\u00edsp\u011bvek t\u00fdk\u00e1, ale uzn\u00e1v\u00e1m, \u017ee ten p\u0159\u00edsp\u011bvek je ni\u017e\u0161\u00ed, proto\u017ee jsme prost\u011b na v\u00edc nem\u011bli finan\u010dn\u00edch prost\u0159edk\u016f. Tak\u00e9 je ale nutno \u0159\u00edct, \u017ee od 1. 1. 2013 se nap\u0159\u00edklad zv\u00fd\u0161ila minim\u00e1ln\u00ed mzda osob se zdravotn\u00edm posti\u017een\u00edm a je stejn\u011b rovn\u00e1 absolutn\u011b stejn\u00e9 \u010d\u00e1stce, jako je nap\u0159\u00edklad u zdrav\u00fdch lid\u00ed, o co nap\u0159\u00edklad dlouho usilovala N\u00e1rodn\u00ed rada osob se zdravotn\u00edm posti\u017een\u00edm.<\/p>\n<p><strong>Pane p\u0159edsedo, vy nesouhlas\u00edte?\u00a0<\/strong><\/p>\n<p>V\u00e1clav Kr\u00e1sa:<br \/>\ntoto, co zmi\u0148uje pan\u00ed poslankyn\u011b, je pravda, ale to se t\u00fdk\u00e1 tak asi jednoho procenta lid\u00ed. My tady se bav\u00edme o syst\u00e9mech, kter\u00e9 se dot\u00fdkaj\u00ed statis\u00edc\u016f lid\u00ed, nap\u0159\u00edklad soub\u011bh p\u0159\u00edsp\u011bvk\u016f na p\u00e9\u010di a rodi\u010dovsk\u00e9ho p\u0159\u00edsp\u011bvku byl \u00fapln\u011b zru\u0161en, n\u00e1m se poda\u0159ilo loni ho obnovit alespo\u0148 pro \u00fazkou skupinu d\u011bt\u00ed do 4 let v\u011bku a takto t\u011bch v\u011bc\u00ed syst\u00e9mov\u00fdch bych mohl uv\u00e1d\u011bt je\u0161t\u011b v\u00edce. Jde o to, co se t\u00fdk\u00e1 statis\u00edc\u016f lid\u00ed a o to, co m\u011blo pro n\u011b prointegra\u010dn\u00ed charakter u d\u00e1vek. Tyto syst\u00e9my jsou prost\u011b ru\u0161eny a jsou nahrazov\u00e1ny d\u00e1vkami, kter\u00e9 udr\u017euj\u00ed v\u0161echny rodiny, kter\u00e9 maj\u00ed n\u011bjak\u00e9ho \u010dlov\u011bka se zdravotn\u00edm posti\u017een\u00edm, a\u0165 d\u00edt\u011b, nebo dosp\u011bl\u00e9ho, \u0159ekn\u011bme v t\u00e9 p\u0159\u00edjmov\u00e9 hladin\u011b m\u00edrn\u011b nad \u017eivotn\u00edm minimem. Ale oni se opravdu u\u017e dost\u00e1vaj\u00ed do slo\u017eit\u00e9 situace. A k tomu je pot\u0159eba je\u0161t\u011b p\u0159ihl\u00e9dnout, \u017ee se zdra\u017euje spolu\u00fa\u010dast u l\u00e9k\u016f a zdravotnick\u00fdch prost\u0159edk\u016f a na to u\u017e ti lid\u00e9 prakticky nemaj\u00ed, proto\u017ee ony ty reformy zasahuj\u00ed jak soci\u00e1ln\u00ed, tak i zdravotn\u00ed syst\u00e9m a u t\u011bch zdravotn\u00edch syst\u00e9m\u016f dneska dokonce doch\u00e1z\u00ed k dramatick\u00e9mu nav\u00fd\u0161en\u00ed spolu\u00fa\u010dasti a to samoz\u0159ejm\u011b pak u\u017e opravdu je pro ty lidi velmi slo\u017eit\u00e9. Jestli\u017ee m\u00e1 b\u00fdt desetiprocentn\u00ed spolu\u00fa\u010dast na voz\u00edk a ten voz\u00edk stoj\u00ed 50, 60 000, tak ti lid\u00e9 prost\u011b 5- 6000 nemaj\u00ed, opravdu je nemaj\u00ed a dost\u00e1vaj\u00ed se do velmi ne\u0159e\u0161iteln\u00e9 situace.<\/p>\n<p><strong>Vl\u00e1da Petra Ne\u010dase se st\u00e1v\u00e1 kabinetem rozpo\u010dtov\u00e9, ale u\u017e ne soci\u00e1ln\u00ed odpov\u011bdnosti, zd\u00e1 se, i podle rady.<\/strong><\/p>\n<p>Lenka Kohoutov\u00e1 z ODS.<br \/>\nJ\u00e1 bych i pana Kr\u00e1su r\u00e1da opravila v tom, \u017ee soub\u011bh rodi\u010dovsk\u00e9ho p\u0159\u00edsp\u011bvku a p\u0159\u00edsp\u011bvku na p\u00e9\u010di byl pozm\u011b\u0148ovac\u00ed n\u00e1vrh, kter\u00fd jsem pod\u00e1vala j\u00e1, a pan Kr\u00e1sa to moc v\u00ed&#8230;<\/p>\n<p>V\u00e1clav Kr\u00e1sa:<br \/>\nAle na n\u00e1\u0161 n\u00e1tlak.<\/p>\n<p>Lenka Kohoutov\u00e1 z ODS.<br \/>\nNo to v \u017e\u00e1dn\u00e9m p\u0159\u00edpad\u011b. &#8230;<\/p>\n<p><strong>Pan Kr\u00e1sa se sm\u011bje. Tady tedy n\u011bkdo z v\u00e1s ne\u0159\u00edk\u00e1 pravdu. Bylo to na n\u00e1tlak rady nebo nebylo?<\/strong><\/p>\n<p>Lenka Kohoutov\u00e1 z ODS.<br \/>\nNo v \u017e\u00e1dn\u00e9m p\u0159\u00edpad\u011b. My jsme o tom jednali u\u017e dlouho a nemohli jsme se dohodnout na finan\u010dn\u00edch prost\u0159edc\u00edch, kter\u00e9 v tomto ohledu budou zapojeny.<\/p>\n<p><strong>Pane p\u0159edsedo, m\u016f\u017eete tedy na toto kr\u00e1tce zareagovat? Bylo to na v\u00e1\u0161 n\u00e1tlak nebo nikoliv?<\/strong><\/p>\n<p>V\u00e1clav Kr\u00e1sa:<br \/>\nByla to dohoda &#8230;<\/p>\n<p>Lenka Kohoutov\u00e1 z ODS.<br \/>\nDohoda.<\/p>\n<p><strong>Dohoda?<\/strong><\/p>\n<p>Lenka Kohoutov\u00e1 z ODS.<br \/>\nNo jist\u011b.<\/p>\n<p>V\u00e1clav Kr\u00e1sa<br \/>\n&#8230; n\u00e1rodn\u00ed rady s panem ministrem Dr\u00e1bkem je\u0161t\u011b, kdy\u017e byl, dokonce jsme se bavili o t\u011bch jednotliv\u00fdch \u010d\u00e1stk\u00e1ch. My jsme po\u017eadovali podstatn\u011b vy\u0161\u0161\u00ed \u010d\u00e1stky. &#8230;.Je pravda, \u017ee ten pozm\u011b\u0148ovac\u00ed n\u00e1vrh podala pan\u00ed poslankyn\u011b Kohoutov\u00e1, ale ta dohoda byla mezi n\u00e1mi a panem ministrem.<\/p>\n<p>Lenka Kohoutov\u00e1 z ODS.:<br \/>\nByla stejn\u011b tak u rodin, kter\u00e9 jsou v re\u017eimu hmotn\u00e9 nouze. J\u00e1 v \u017e\u00e1dn\u00e9m p\u0159\u00edpad\u011b nechci zleh\u010dovat situaci, kter\u00e1 tady nejenom s lidmi se zdravotn\u00edm posti\u017een\u00edm je, to v \u017e\u00e1dn\u00e9m p\u0159\u00edpad\u011b. Nicm\u00e9n\u011b ta situace je v\u00e1\u017en\u00e1 v tom ohledu, \u017ee my m\u00e1me probl\u00e9my, kter\u00e9 jdou ruku v ruce se zv\u00fd\u0161en\u00edm DPH a se zv\u00fd\u0161en\u00edm doplatku. To uzn\u00e1v\u00e1m. Ale je zapot\u0159eb\u00ed tak\u00e9 \u0159\u00edci, \u017ee zv\u00fd\u0161ili jsme po\u010det lid\u00ed, kte\u0159\u00ed pracuj\u00ed, zv\u00fd\u0161ili jsme nebo pov\u011bdom\u00ed jsme zv\u00fd\u0161ili o tom, \u017ee samoz\u0159ejm\u011b pokud je n\u011bkdo v re\u017eimu hmotn\u00e9 nouze, tak nedopl\u00e1c\u00ed, proto\u017ee to je v \u0159\u00e1dn\u00e9m syst\u00e9mu. A tak\u00e9 je zapot\u0159eb\u00ed, a to bych opravdu \u0159ekla, proto\u017ee to je velk\u00fd z\u00e1sah p\u0159edev\u0161\u00edm pro zam\u011bstnavatele osob se zdravotn\u00edm posti\u017een\u00edm, \u017ee od 1. 1. je zv\u00fd\u0161ena minim\u00e1ln\u00ed mzda pro lidi se zdravotn\u00edm posti\u017een\u00edm.<\/p>\n<p><strong>Tak poj\u010fme k asi nejv\u00fdrazn\u011bj\u0161\u00edmu projektu ministerstva pr\u00e1ce a soci\u00e1ln\u00edch v\u011bc\u00ed, k projektu kritizovan\u00fdch sKaret. N\u00e1rodn\u00ed rada tento projekt kritizuje dlouhodob\u011b, vol\u00e1 po jeho \u00fapln\u00e9m zru\u0161en\u00ed, ale podle b\u00fdval\u00e9ho ministra pr\u00e1ce Jarom\u00edra Dr\u00e1bka k tomu nen\u00ed d\u016fvod.<\/strong><\/p>\n<p><strong> Tak, pane p\u0159edsedo, ministerstvo p\u0159ich\u00e1z\u00ed s n\u00e1vrhem, podle kter\u00e9ho by sKarty slou\u017eily jen jako pr\u016fkazky, ale \u00fa\u010det, kter\u00fd by dosud povinn\u011b vznikal u \u010cesk\u00e9 spo\u0159itelny, by u\u017e vzniknout nemusel. Ani toto by v\u00e1s nep\u0159esv\u011bd\u010dilo, abyste nevolali po \u00fapln\u00e9m zru\u0161en\u00ed projektu?<\/strong><\/p>\n<p>V\u00e1clav Kr\u00e1sa:<br \/>\nV\u00edte, j\u00e1 mysl\u00edm, \u017ee ten projekt sKarty je takov\u00e1 nekone\u010dn\u00e1 telenovela s podivn\u00fdmi hr\u00e1\u010di. Nikdo nevysv\u011btlil nikomu, k \u010demu identifika\u010dn\u00ed kartu jako sKartu. K \u010demu m\u00e1me ob\u010dansk\u00e9 pr\u016fkazy v\u0161ichni? Na t\u011bch ob\u010dansk\u00fdch pr\u016fkazech je podstatn\u011b v\u00edce \u00fadaj\u016f, dokonce je tam i fotka, tak\u017ee ta identifikace osob je zcela z\u0159ejm\u00e1. Pokud bude sKarta, tak to znamen\u00e1 dal\u0161\u00ed n\u00e1klady pro \u00fa\u0159ady pr\u00e1ce, proto\u017ee budou muset m\u00edt \u010dte\u010dky a nikdo nev\u00ed, kolik to bude st\u00e1t a v\u016fbec nen\u00ed v t\u00e9 d\u016fvodov\u00e9 zpr\u00e1v\u011b ani uvedeno. Tak\u017ee my se domn\u00edv\u00e1me, \u017ee kone\u010dn\u011b by politick\u00e1 reprezentace m\u011bla pochopit, \u017ee projekt sKarty byl ur\u010den k vyveden\u00ed pen\u011bz z ve\u0159ejn\u00fdch prost\u0159edk\u016f do soukrom\u00fdch rukou. Pan ministr Dr\u00e1bek, b\u00fdval\u00fd pan ministr Dr\u00e1bek l\u017ee. J\u00e1 si nem\u016f\u017eu to jinak nazvat, proto\u017ee policie sama konstatovala kontroln\u00ed org\u00e1ny, \u017ee ten syst\u00e9m v\u00fdplaty d\u00e1vek, kter\u00fd byl zaveden, by byl ro\u010dn\u011b o 180 milion\u016f dra\u017e\u0161\u00ed ne\u017eli ten p\u016fvodn\u00ed syst\u00e9m a to p\u0159eci je z ve\u0159ejn\u00fdch zdroj\u016f. Tak a\u0165 pan Dr\u00e1bek prost\u011b nel\u017ee. J\u00e1 si mysl\u00edm, \u017ee politik prost\u011b takto lh\u00e1t nem\u016f\u017ee. J\u00e1 to jinak u\u017e nazvat nem\u016f\u017eu, proto\u017ee to jsem si \u010detl p\u0159ed dv\u011bma dny, kdy\u017e byla &#8230;<\/p>\n<p><strong>Jarom\u00edr Dr\u00e1bek tedy ve studiu nen\u00ed, nem\u016f\u017ee tedy reagovat na tato slova.<\/strong><\/p>\n<p>V\u00e1clav Kr\u00e1sa:<br \/>\nJ\u00e1 v\u00edm, ale vy jste ho tam uv\u00e1d\u011bli, \u017ee.<\/p>\n<p>Daniela DRTINOV\u00c1, moder\u00e1torka:<br \/>\nabych to uvedla \u00fapln\u011b na pravou m\u00edru. Zkr\u00e1tka Jarom\u00edr Dr\u00e1bek v tuto chv\u00edli tady nen\u00ed \u017eiv\u011b. Zept\u00e1m se pan\u00ed poslankyn\u011b na to, jestli bude podporovat ten n\u00e1vrh, o kter\u00e9m jsme mluvili, aby tedy se sKarta stala jen pr\u016fkazkou, ale bez toho povinn\u00e9ho vytvo\u0159en\u00ed \u00fa\u010dtu u \u010cesk\u00e9 spo\u0159itelny, jestli by se to cel\u00e9 nem\u011blo zru\u0161it. Vy jste na za\u010d\u00e1tku \u0159\u00edkala bu\u010f se s t\u00edm n\u011bco ud\u011bl\u00e1, nebo a\u0165 se to zru\u0161\u00ed.<\/p>\n<p>Lenka Kohoutov\u00e1 z ODS.<br \/>\nJ\u00e1 budu dr\u017eet to, co \u0159\u00edkal pan premi\u00e9r, proto\u017ee s t\u00edm n\u00e1zorem souhlas\u00edm a to, \u017ee karta je v podstat\u011b postaru mrtv\u00fd projekt, a \u017ee v sou\u010dasn\u00e9 chv\u00edli bychom m\u011bli jednat o n\u011bkolika alternativ\u00e1ch. Jedna z nich je n\u00e1vrh pan\u00ed ministryn\u011b, kter\u00fd je zat\u00edm ve vn\u011bj\u0161\u00edm p\u0159ipom\u00ednkov\u00e9m \u0159\u00edzen\u00ed a je\u0161t\u011b nebyl vl\u00e1dou projedn\u00e1n, anebo se pak m\u016f\u017eeme bavit o tom, za jak\u00fdch podm\u00ednek se ukon\u010d\u00ed projekt sKaret&#8230;<\/p>\n<p><strong>Tak\u017ee v tuto chv\u00edli je ten proces v b\u011bhu a nev\u00ed se to? Vy nem\u00e1te v hlav\u011b \u017e\u00e1dn\u00e9 \u0159e\u0161en\u00ed, kter\u00e9 byste up\u0159ednost\u0148ovala?<\/strong><\/p>\n<p>Lenka Kohoutov\u00e1 z ODS.<br \/>\n&#8230; tak j\u00e1 bych se \u0161la dohodnout s \u010ceskou spo\u0159itelnou, ten projekt ukon\u010d\u00edm.<\/p>\n<p><strong>Proto\u017ee \u010cesk\u00e1 spo\u0159itelna samoz\u0159ejm\u011b nechce, aby to bylo nepovinn\u00e9. Tak\u017ee vy byste se \u0161la dohodnout, aby to skon\u010dilo?<\/strong><\/p>\n<p>Lenka Kohoutov\u00e1 z ODS.<br \/>\nJ\u00e1 bych se \u0161la dohodnout o ukon\u010den\u00ed, ale nem\u016f\u017eu tady v jednom souhlasit s panem Kr\u00e1sou, a to je, \u017ee st\u00e1t za to vydal n\u011bjak\u00e9 pen\u00edze. To by mi to pan Kr\u00e1sa musel uk\u00e1zat, proto\u017ee v \u017e\u00e1dn\u00e9m rozpo\u010dtu pen\u00edze na sKarty nebyly, proto\u017ee ty si plat\u00ed sama \u010cesk\u00e1 spo\u0159itelna.<\/p>\n<p><strong>Pane p\u0159edsedo, pros\u00edm teda stru\u010dnou reakci tady na toto.<\/strong><\/p>\n<p>V\u00e1clav Kr\u00e1sa<br \/>\nJ\u00e1 jsem hovo\u0159il o tom, \u017ee distribuce d\u00e1vek bude jednozna\u010dn\u011b dra\u017e\u0161\u00ed podle toho nov\u00e9ho softwaru, ale ta sKarta prost\u011b nem\u00e1 \u017e\u00e1dn\u00fd zd\u016fvodn\u011bn\u00ed, proto\u017ee ona nen\u00ed pot\u0159eba v\u016fbec. A snad je\u0161t\u011b jenom kr\u00e1tkou takovou zm\u00ednku. Kdy\u017e \u010dlov\u011bk bude dva m\u011bs\u00edce nezam\u011bstnan\u00fd, bude mu n\u011bkdo vyd\u00e1vat sKartu, kter\u00e1 bude st\u00e1t n\u011bjak\u00fd pen\u00edze, proto\u017ee \u010cesk\u00e1 spo\u0159itelna ji nebude vyd\u00e1vat zadarmo, to je p\u0159eci nesmysl, a pak u\u017e ji nepot\u0159ebuje t\u0159eba cel\u00fd \u017eivot. K \u010demu takovou kartu? V\u017edy\u0165 je to tot\u00e1ln\u00ed nesmysl.<\/p>\n<p>Lenka Kohoutov\u00e1 z ODS.:<br \/>\nV\u00fdpo\u010det d\u00e1vek a ten syst\u00e9m v\u00fdpo\u010dtu d\u00e1vek je jedna v\u011bc a syst\u00e9m sKaret je v\u011bc druh\u00e1. My jsme souhlasili s sKartami pouze v p\u0159\u00edpad\u011b, \u017ee budou dobrovoln\u00e9 a kdyby se ministerstvo dr\u017eelo toho, co je v z\u00e1kon\u011b a z\u00e1kony nep\u0159ekrucovalo, tak jsme tady nikdy takov\u00e9 probl\u00e9my nem\u011bli. To za prv\u00e9. Za druh\u00e9, karty m\u011bly p\u0159edev\u0161\u00edm, a to je to, co mn\u011b na tom nejv\u00edc vad\u00ed, karty m\u011bly kontrolovat to, \u017ee n\u011bkdo d\u00e1vky zneu\u017e\u00edv\u00e1. Ten syst\u00e9m to prost\u011b neum\u00ed. Ano, j\u00e1 souhlas\u00edm s panem Kr\u00e1sou, \u017ee nen\u00ed mo\u017en\u00e9 v sou\u010dasn\u00e9 chv\u00edli karty na\u010d\u00edst, a \u017ee vlastn\u011b nev\u00edme, co by se na ty karty d\u00e1valo, pro\u010d maj\u00ed b\u00fdt. Toto je vlastn\u011b elektronick\u00e1 ob\u010danka s \u010dipem, kter\u00fd umo\u017e\u0148uje jaksi s kartami vyd\u00e1vat pen\u00edze a podobn\u011b. V sou\u010dasn\u00e9 chv\u00edli ministerstvo dlu\u017e\u00ed mnoho vysv\u011btlen\u00ed. J\u00e1 mnoho ot\u00e1zek m\u00e1m, kter\u00e9 se pr\u00e1v\u011b t\u00fdkaj\u00ed toho nov\u00e9ho z\u00e1kona nebo t\u00e9 novely z\u00e1kona, kterou p\u0159ipravilo ministerstvo. My jsme o tom jednali na v\u00fdboru pro soci\u00e1ln\u00ed politiku pan\u00ed ministryn\u011b se s n\u00e1ma moc bavit necht\u011bla a velmi necht\u011bla odpov\u00eddat na ot\u00e1zky. Odpov\u00eddal za ni n\u00e1m\u011bstek ministra pr\u00e1ce, n\u00e1m\u011bstek gener\u00e1ln\u00edho \u0159editele \u00da\u0159adu pr\u00e1ce a stejn\u011b nedok\u00e1zali zodpov\u011bd\u011bt, na co p\u0159esn\u011b ten pr\u016fkaz je zapot\u0159eb\u00ed, kdy\u017e ka\u017ed\u00fd se rodn\u00fdm \u010d\u00edslem prokazuje.<\/p>\n<p><strong>Pan\u00ed poslankyn\u011b, pane p\u0159edsedo, j\u00e1 v\u00e1m d\u011bkuji. Na shledanou.<\/strong><\/p>\n<p>invArena<\/p>\n","protected":false},"excerpt":{"rendered":"<div class=\"mh-excerpt\"><p>Konec sKaret po\u017eaduje N\u00e1rodn\u00ed rada osob se zdravotn\u00edm posti\u017een\u00edm. P\u0159idala se tak k Sen\u00e1tu, kter\u00fd navrhl cel\u00fd syst\u00e9m zru\u0161it. V po\u0159adu Ud\u00e1losti, koment\u00e1\u0159e \u010cT24 spolu <a class=\"mh-excerpt-more\" href=\"https:\/\/www.invarena.cz\/?p=2456\" title=\"Spor o sKarty: Kr\u00e1sa vs. Kohoutov\u00e1\">[&#8230;]<\/a><\/p>\n<\/div>","protected":false},"author":1,"featured_media":2466,"comment_status":"open","ping_status":"open","sticky":false,"template":"","format":"standard","meta":{"footnotes":""},"categories":[6,12,9],"tags":[],"class_list":["post-2456","post","type-post","status-publish","format-standard","has-post-thumbnail","hentry","category-politika","category-rozhovory","category-zpravy"],"_links":{"self":[{"href":"https:\/\/www.invarena.cz\/index.php?rest_route=\/wp\/v2\/posts\/2456","targetHints":{"allow":["GET"]}}],"collection":[{"href":"https:\/\/www.invarena.cz\/index.php?rest_route=\/wp\/v2\/posts"}],"about":[{"href":"https:\/\/www.invarena.cz\/index.php?rest_route=\/wp\/v2\/types\/post"}],"author":[{"embeddable":true,"href":"https:\/\/www.invarena.cz\/index.php?rest_route=\/wp\/v2\/users\/1"}],"replies":[{"embeddable":true,"href":"https:\/\/www.invarena.cz\/index.php?rest_route=%2Fwp%2Fv2%2Fcomments&post=2456"}],"version-history":[{"count":0,"href":"https:\/\/www.invarena.cz\/index.php?rest_route=\/wp\/v2\/posts\/2456\/revisions"}],"wp:featuredmedia":[{"embeddable":true,"href":"https:\/\/www.invarena.cz\/index.php?rest_route=\/wp\/v2\/media\/2466"}],"wp:attachment":[{"href":"https:\/\/www.invarena.cz\/index.php?rest_route=%2Fwp%2Fv2%2Fmedia&parent=2456"}],"wp:term":[{"taxonomy":"category","embeddable":true,"href":"https:\/\/www.invarena.cz\/index.php?rest_route=%2Fwp%2Fv2%2Fcategories&post=2456"},{"taxonomy":"post_tag","embeddable":true,"href":"https:\/\/www.invarena.cz\/index.php?rest_route=%2Fwp%2Fv2%2Ftags&post=2456"}],"curies":[{"name":"wp","href":"https:\/\/api.w.org\/{rel}","templated":true}]}}