{"id":24569,"date":"2016-02-17T10:34:35","date_gmt":"2016-02-17T09:34:35","guid":{"rendered":"http:\/\/www.invarena.cz\/?p=24569"},"modified":"2016-02-17T10:34:35","modified_gmt":"2016-02-17T09:34:35","slug":"kraj-chce-podporit-zamestnavani-zdravotne-postizenych","status":"publish","type":"post","link":"https:\/\/www.invarena.cz\/?p=24569","title":{"rendered":"Kraj chce podpo\u0159it zam\u011bstn\u00e1v\u00e1n\u00ed zdravotn\u011b posti\u017een\u00fdch"},"content":{"rendered":"<p><strong>Libereck\u00fd kraj chce podpo\u0159it zam\u011bstn\u00e1v\u00e1n\u00ed lid\u00ed se zdravotn\u00edm posti\u017een\u00edm. P\u0159ipravil proto t\u0159\u00edlet\u00fd projekt za zhruba 144 milion\u016f korun. Kraj to v\u0161ak p\u0159ijde jen na n\u011bco p\u0159es sedm milion\u016f korun, 85 procent chce z\u00edskat z Evropsk\u00e9ho soci\u00e1ln\u00edho fondu, desetinu by m\u011bl p\u0159idat st\u00e1t. Informovala o tom n\u00e1m\u011bstkyn\u011b hejtmana pro soci\u00e1ln\u00ed v\u011bci Lenka Kadlecov\u00e1.<\/strong><!--more--><\/p>\n<p>Liberec \u2013 \u00da\u0159ady pr\u00e1ce v kraji aktu\u00e1ln\u011b eviduj\u00ed 2 559 uchaze\u010d\u016f o pr\u00e1ci s posti\u017een\u00edm, je to t\u00e9m\u011b\u0159 13 procent nezam\u011bstnan\u00fdch v kraji. &#8222;Chceme se zam\u011b\u0159it hlavn\u011b na podporu osobn\u00ed asistence osob se zdravotn\u00edm posti\u017een\u00edm, jejich samostatn\u00e9ho bydlen\u00ed, soci\u00e1ln\u011b terapeutick\u00fdch d\u00edlen a soci\u00e1ln\u00ed rehabilitace,&#8220; vysv\u011btlila Kadlecov\u00e1. S\u00e1m krajsk\u00fd \u00fa\u0159ad m\u00e1 se zam\u011bstn\u00e1v\u00e1n\u00edm posti\u017een\u00fdch dlouholet\u00e9 dobr\u00e9 zku\u0161enosti, aktu\u00e1ln\u011b jich tam pracuje 17.<\/p>\n<p>&#8222;M\u00e1me vytipovan\u00e9 n\u011bkter\u00e9 pracovn\u00ed pozice, kter\u00e9 jsou pr\u00e1v\u011b s ohledem na pracovn\u00ed n\u00e1pl\u0148 pro tyto zam\u011bstnance vhodn\u00e9,&#8220; \u0159ekla mluv\u010d\u00ed \u00fa\u0159adu Blanka Dan\u00ed\u010dkov\u00e1.<\/p>\n<p>Ke slu\u017eebn\u011b nejstar\u0161\u00edm pracovn\u00edk\u016fm s handicapem pat\u0159\u00ed Jana Otlov\u00e1. Mlad\u00e1 \u017eena, kter\u00e1 prod\u011blala d\u011btskou obrnu, zaji\u0161\u0165uje servis pro hejtmana, kop\u00edruje a skartuje dokumenty, star\u00e1 se o kv\u011btiny a ukl\u00edz\u00ed. &#8222;D\u0159\u00edv jsem pracovala v chr\u00e1n\u011bn\u00e9 d\u00edln\u011b, tady je to ale lep\u0161\u00ed,&#8220; \u0159ekla. Jen o m\u00e1lo krat\u0161\u00ed dobu pracuje v podateln\u011b \u00fa\u0159adu Petr \u0160vorc, star\u00e1 se o po\u0161tu.<\/p>\n<p>Se zapracov\u00e1n\u00edm posti\u017een\u00fdch pomohla libereck\u00e1 agentura Rytmus, kter\u00e1 jim zajistila asistenty. &#8222;Nepracuj\u00ed za n\u011b, ale pozoruj\u00ed je a pom\u00e1haj\u00ed jim naj\u00edt takov\u00fd zp\u016fsob vykon\u00e1n\u00ed t\u00e9 \u010dinnosti, aby byla pr\u00e1ce dob\u0159e odvedena. N\u011bkdo asistenci pot\u0159ebuje t\u00fdden, n\u011bkdo m\u011bs\u00edc, jin\u00fd a\u017e dva roky, ale v\u011bt\u0161inou to klienti do p\u016fl roku zvl\u00e1dnou sami,&#8220; \u0159ekla \u0159editelka agentury Ant\u00f3nia Dech\u0165arov\u00e1. Posti\u017een\u00fdch, kte\u0159\u00ed by cht\u011bli pracovat, podle n\u00ed v Libereck\u00e9m kraji p\u0159ib\u00fdv\u00e1. &#8222;Loni jsme m\u011bli 118 lid\u00ed, s nimi\u017e jsme pracovali, a 54 z nich m\u00e1 u\u017e dlouhodob\u00e9 smlouvy a hledali jsme jim pr\u00e1ci,&#8220; doplnila.<\/p>\n<p>Libereck\u00fd den\u00edk<br \/>\n<a href=\"http:\/\/www.liberecky.denik.cz\/\">http:\/\/www.liberecky.denik.cz\/<\/a><\/p>\n","protected":false},"excerpt":{"rendered":"<div class=\"mh-excerpt\"><p>Libereck\u00fd kraj chce podpo\u0159it zam\u011bstn\u00e1v\u00e1n\u00ed lid\u00ed se zdravotn\u00edm posti\u017een\u00edm. P\u0159ipravil proto t\u0159\u00edlet\u00fd projekt za zhruba 144 milion\u016f korun. Kraj to v\u0161ak p\u0159ijde jen na n\u011bco <a class=\"mh-excerpt-more\" href=\"https:\/\/www.invarena.cz\/?p=24569\" title=\"Kraj chce podpo\u0159it zam\u011bstn\u00e1v\u00e1n\u00ed zdravotn\u011b posti\u017een\u00fdch\">[&#8230;]<\/a><\/p>\n<\/div>","protected":false},"author":1,"featured_media":4719,"comment_status":"open","ping_status":"closed","sticky":false,"template":"","format":"standard","meta":{"footnotes":""},"categories":[9],"tags":[],"class_list":["post-24569","post","type-post","status-publish","format-standard","has-post-thumbnail","hentry","category-zpravy"],"_links":{"self":[{"href":"https:\/\/www.invarena.cz\/index.php?rest_route=\/wp\/v2\/posts\/24569","targetHints":{"allow":["GET"]}}],"collection":[{"href":"https:\/\/www.invarena.cz\/index.php?rest_route=\/wp\/v2\/posts"}],"about":[{"href":"https:\/\/www.invarena.cz\/index.php?rest_route=\/wp\/v2\/types\/post"}],"author":[{"embeddable":true,"href":"https:\/\/www.invarena.cz\/index.php?rest_route=\/wp\/v2\/users\/1"}],"replies":[{"embeddable":true,"href":"https:\/\/www.invarena.cz\/index.php?rest_route=%2Fwp%2Fv2%2Fcomments&post=24569"}],"version-history":[{"count":0,"href":"https:\/\/www.invarena.cz\/index.php?rest_route=\/wp\/v2\/posts\/24569\/revisions"}],"wp:featuredmedia":[{"embeddable":true,"href":"https:\/\/www.invarena.cz\/index.php?rest_route=\/wp\/v2\/media\/4719"}],"wp:attachment":[{"href":"https:\/\/www.invarena.cz\/index.php?rest_route=%2Fwp%2Fv2%2Fmedia&parent=24569"}],"wp:term":[{"taxonomy":"category","embeddable":true,"href":"https:\/\/www.invarena.cz\/index.php?rest_route=%2Fwp%2Fv2%2Fcategories&post=24569"},{"taxonomy":"post_tag","embeddable":true,"href":"https:\/\/www.invarena.cz\/index.php?rest_route=%2Fwp%2Fv2%2Ftags&post=24569"}],"curies":[{"name":"wp","href":"https:\/\/api.w.org\/{rel}","templated":true}]}}