{"id":24587,"date":"2016-02-19T10:53:46","date_gmt":"2016-02-19T09:53:46","guid":{"rendered":"http:\/\/www.invarena.cz\/?p=24587"},"modified":"2016-02-19T13:13:54","modified_gmt":"2016-02-19T12:13:54","slug":"staci-mi-prukaz-ztp-na-uznani-slevy-v-doprave","status":"publish","type":"post","link":"https:\/\/www.invarena.cz\/?p=24587","title":{"rendered":"Sta\u010d\u00ed mi pr\u016fkaz ZTP na uzn\u00e1n\u00ed slevy v doprav\u011b?"},"content":{"rendered":"<p><strong>Dotaz:<\/strong><br \/>\n<strong> Pokud m\u00e1m pr\u016fkaz ZTP, sta\u010d\u00ed to na n\u00e1rok na slevu v autobuse a vlaku? Nebo mus\u00edm m\u00edt je\u0161t\u011b n\u011bjak\u00fd doklad od dopravce?<\/strong><br \/>\n<!--more--><br \/>\n<strong>Odpov\u011b\u010f:<\/strong><br \/>\nSamotn\u00fd pr\u016fkaz ZTP je v \u010cR uzn\u00e1van\u00fd u v\u0161ech dopravc\u016f. Sta\u010d\u00ed tedy, kdy\u017e jej p\u0159i n\u00e1kupu a kontrole j\u00edzdenek p\u0159edlo\u017e\u00edte.<\/p>\n<p>V\u00fdjimkou mohou b\u00fdt zahrani\u010dn\u00ed dopravci, kte\u0159\u00ed v \u010cesku tak\u00e9 p\u016fsob\u00ed. Pojedete-li nap\u0159\u00edklad <strong>autobusem<\/strong> SAD Pre\u0161ov z Hradce Kr\u00e1lov\u00e9, kter\u00fd m\u00e1 c\u00edlovou stanici v Ko\u0161ic\u00edch, do Olomouce \u010di do Vala\u0161sk\u00e9ho Mezi\u0159\u00ed\u010d\u00ed, pak p\u0159esto\u017ee budete cestovat pouze na \u00fazem\u00ed \u010cR, m\u016f\u017ee se st\u00e1t, \u017ee slevu od tohoto slovensk\u00e9ho dopravce nez\u00edsk\u00e1te ani po p\u0159edlo\u017een\u00ed platn\u00e9ho pr\u016fkazu.<\/p>\n<p>Pokud chcete slevu a dopravce, kter\u00fd\u00a0vybranou linku obsluhuje, je zahrani\u010dn\u00ed, rad\u011bji si p\u0159edem ov\u011b\u0159te, zda V\u00e1m slevu poskytne.<\/p>\n<p>Podobn\u00fd probl\u00e9m m\u016f\u017ee b\u00fdt i u n\u011bkter\u00fdch <strong>\u017eelezni\u010dn\u00edch<\/strong> \u00fasek\u016f v \u010cR, kter\u00e9 obsluhuje zahrani\u010dn\u00ed \u017eelezni\u010dn\u00ed dopravce. Zde rovn\u011b\u017e doporu\u010duji se p\u0159edem\u00a0 informovat.<\/p>\n<p>My jsem se za V\u00e1s zeptali obchodn\u00edho z\u00e1stupce n\u011bmeck\u00e9ho \u017eelezni\u010dn\u00edho dopravce <strong>Vogtlandbahn-GmbH<\/strong><i>\/<b>trilex<\/b><\/i>, kter\u00fd jezd\u00ed trasu<i><b> <\/b><\/i>Liberec &#8211; Zittau.<\/p>\n<p>&#8222;Sleva na pr\u016fkaz ZTP a ZTP\/P plat\u00ed jen, kdy\u017e v\u00fdchoz\u00ed stanice a c\u00edlov\u00e1 stanice jsou v \u010cesk\u00e9 republice. M\u016f\u017eete \u017e\u00e1dat lomen\u00e9 odbaven\u00ed, ale t\u00edm neu\u0161et\u0159\u00edte moc pen\u011bz. Liberec \u2013 Hr\u00e1dek n.N. ZTP 8 K\u010d + Hr\u00e1dek n.N. \u2013 Zittau 26 K\u010d = 34 K\u010d. Norm\u00e1ln\u00ed cena bez slevy je p\u0159itom 38 K\u010d,&#8220; uvedl Uwe Miertschischk, pracovn\u00edk pro marketing a obchod.<\/p>\n<p>&#8222;Jinak je to s\u00a0doprovodem na pr\u016fkaz ZTP\/P. Doprovod jede bezplatn\u011b na cel\u00e9 lince TL 70 a na lince TLX 2 v\u00a0\u00faseku Liberec \u2013 Zittau,&#8220; dodal Miertschischk.<\/p>\n<p>Ji\u0159\u00ed Marek<br \/>\ninvArena<\/p>\n","protected":false},"excerpt":{"rendered":"<div class=\"mh-excerpt\"><p>Dotaz: Pokud m\u00e1m pr\u016fkaz ZTP, sta\u010d\u00ed to na n\u00e1rok na slevu v autobuse a vlaku? Nebo mus\u00edm m\u00edt je\u0161t\u011b n\u011bjak\u00fd doklad od dopravce?<\/p>\n<\/div>","protected":false},"author":3,"featured_media":3027,"comment_status":"open","ping_status":"closed","sticky":false,"template":"","format":"standard","meta":{"footnotes":""},"categories":[18],"tags":[],"class_list":["post-24587","post","type-post","status-publish","format-standard","has-post-thumbnail","hentry","category-poradna"],"_links":{"self":[{"href":"https:\/\/www.invarena.cz\/index.php?rest_route=\/wp\/v2\/posts\/24587","targetHints":{"allow":["GET"]}}],"collection":[{"href":"https:\/\/www.invarena.cz\/index.php?rest_route=\/wp\/v2\/posts"}],"about":[{"href":"https:\/\/www.invarena.cz\/index.php?rest_route=\/wp\/v2\/types\/post"}],"author":[{"embeddable":true,"href":"https:\/\/www.invarena.cz\/index.php?rest_route=\/wp\/v2\/users\/3"}],"replies":[{"embeddable":true,"href":"https:\/\/www.invarena.cz\/index.php?rest_route=%2Fwp%2Fv2%2Fcomments&post=24587"}],"version-history":[{"count":0,"href":"https:\/\/www.invarena.cz\/index.php?rest_route=\/wp\/v2\/posts\/24587\/revisions"}],"wp:featuredmedia":[{"embeddable":true,"href":"https:\/\/www.invarena.cz\/index.php?rest_route=\/wp\/v2\/media\/3027"}],"wp:attachment":[{"href":"https:\/\/www.invarena.cz\/index.php?rest_route=%2Fwp%2Fv2%2Fmedia&parent=24587"}],"wp:term":[{"taxonomy":"category","embeddable":true,"href":"https:\/\/www.invarena.cz\/index.php?rest_route=%2Fwp%2Fv2%2Fcategories&post=24587"},{"taxonomy":"post_tag","embeddable":true,"href":"https:\/\/www.invarena.cz\/index.php?rest_route=%2Fwp%2Fv2%2Ftags&post=24587"}],"curies":[{"name":"wp","href":"https:\/\/api.w.org\/{rel}","templated":true}]}}