{"id":24694,"date":"2016-02-25T14:00:18","date_gmt":"2016-02-25T13:00:18","guid":{"rendered":"http:\/\/www.invarena.cz\/?p=24694"},"modified":"2016-02-25T14:00:19","modified_gmt":"2016-02-25T13:00:19","slug":"z-voziku-na-tanecni-parket","status":"publish","type":"post","link":"https:\/\/www.invarena.cz\/?p=24694","title":{"rendered":"Z voz\u00edku na tane\u010dn\u00ed parket"},"content":{"rendered":"<p><strong>Neobvykl\u00fd tane\u010dn\u00ed kurz v Mlad\u00e9 Boleslavi. Pro lidi s r\u016fzn\u00fdmi druhy posti\u017een\u00ed<\/strong> <!--more--><\/p>\n<p>MLAD\u00c1 BOLESLAV Za dve\u0159mi zrcadlov\u00e9ho s\u00e1lu mladoboleslavsk\u00e9ho domu kultury je sly\u0161et hudba a pokyny tane\u010dn\u00edho mistra Jana Stinky. Ze s\u00e1lu pronik\u00e1 sm\u00edch. Kdy\u017e otev\u0159ete dve\u0159e, pohlt\u00ed v\u00e1s energie, radost a nad\u0161en\u00ed.<\/p>\n<p>A tak\u00e9 p\u0159ekvapen\u00ed. Na parketu ladn\u00fdm krokem nev\u00ed\u0159\u00ed b\u011b\u017en\u00e9 tane\u010dn\u00ed p\u00e1ry, ale lid\u00e9 s ment\u00e1ln\u00edm \u010di fyzick\u00fdm handicapem. Nez\u00fa\u010dastn\u011bn\u00fd n\u00e1v\u0161t\u011bvn\u00edk z toho pohledu z\u016fst\u00e1v\u00e1 v \u00fa\u017easu. \u0158ada lid\u00ed na tane\u010dn\u00edm parketu by toti\u017e v b\u011b\u017en\u00e9m \u017eivot\u011b m\u011bla velk\u00e9 probl\u00e9my s pohybem, n\u011bkte\u0159\u00ed dokonce b\u011b\u017en\u011b pou\u017e\u00edvaj\u00ed hole, invalidn\u00ed voz\u00edk anebo se neobejdou bez pomoci ostatn\u00edch.<\/p>\n<p>Tan\u010d\u00ed plou\u017e\u00e1ky i svi\u017en\u011bj\u0161\u00ed spole\u010densk\u00e9 tance. Nejv\u011bt\u0161\u00ed odm\u011bnou je pro n\u011b v\u0161ak z\u00e1v\u011bre\u010dn\u00e9 uvoln\u011bn\u00ed v podob\u011b n\u011bkolika diskot\u00e9kov\u00fdch hit\u016f. Jako by zapomn\u011bli na sv\u00e9 bolesti a omezen\u00ed. Stejn\u011b jako t\u0159iadvacetilet\u00e1 Alena Kumberov\u00e1.<\/p>\n<p>L\u00edstek do velk\u00e9ho sv\u011bta<\/p>\n<p>&#8222;B\u011b\u017en\u011b se pohybuje p\u0159edev\u0161\u00edm na invalidn\u00edm voz\u00edku, ale tady v tane\u010dn\u00edch neskute\u010dn\u011b o\u017e\u00edv\u00e1 a dok\u00e1\u017ee na parketu \u0159\u00e1dit s kamar\u00e1dem,&#8220; popisuje jej\u00ed maminka, rovn\u011b\u017e Alena. Hlavn\u011b pro svalstvo je to siln\u00e1 z\u00e1t\u011b\u017e zvl\u00e1\u0161t\u011b ve spole\u010densk\u00e9 obuvi, na kterou Alena nen\u00ed zvykl\u00e1. &#8222;Pak se z toho dva dny dost\u00e1v\u00e1,&#8220; sm\u011bje se.<\/p>\n<p>Rodi\u010de se d\u00edvku sna\u017e\u00ed motivovat k pohybu i doma, z\u00e1m\u011brn\u011b m\u00e1 vlastn\u00ed pokoj v dom\u011b v pat\u0159e, kam ji rodina vod\u00ed a sna\u017e\u00ed se, aby tam vy\u0161la sama. &#8222;Ani jsme netu\u0161ili, \u017ee n\u011bjak\u00e9 takov\u00e9 tane\u010dn\u00ed existuj\u00ed, proto\u017ee je voz\u00ed\u010dk\u00e1\u0159ka, tak n\u00e1s nikoho nenapadlo, \u017ee by n\u011bkdy mohla tan\u010dit. Ale u\u017eila si to \u00fa\u017easn\u011b,&#8220; dod\u00e1v\u00e1 Alena Kumberov\u00e1.<\/p>\n<p>A pr\u00e1v\u011b proto se tane\u010dn\u00ed pro handicapovan\u00e9 po\u0159\u00e1daj\u00ed. &#8222;Klienti za\u017eij\u00ed pocit velk\u00e9ho sv\u011bta, hezky se oble\u010dou do spole\u010densk\u00e9ho a u\u010d\u00ed se tan\u010dit,&#8220; \u0159\u00edk\u00e1 \u0159editelka Centra 83 pro lidi s ment\u00e1ln\u00edm posti\u017een\u00edm v Mlad\u00e9 Boleslavi Lu\u010fka Jir\u00e1nkov\u00e1.<\/p>\n<p>Tane\u010dn\u00ed kurzy po\u0159\u00e1d\u00e1 Spole\u010dnost pro podporu lid\u00ed s ment\u00e1ln\u00edm posti\u017een\u00edm v Mlad\u00e9 Boleslavi u\u017e od roku 1992. &#8222;Za\u010d\u00ednali jsme s asi osmi tane\u010dn\u00edky, kte\u0159\u00ed se pohybovali na hudbu z magnetofonu. B\u011bhem n\u00e1sleduj\u00edc\u00edch let se to rozrostlo do nyn\u011bj\u0161\u00ed podoby, kdy m\u00e1me asi pades\u00e1t \u00fa\u010dastn\u00edk\u016f kurzu, s nimi\u017e nav\u00edc chod\u00ed nad\u0161en\u00ed rodi\u010de, prarodi\u010de i dal\u0161\u00ed p\u0159\u00edbuzn\u00ed a p\u0159\u00e1tel\u00e9,&#8220; \u0159\u00edk\u00e1 po\u0159adatelka Ji\u0159ina Stanislavov\u00e1. Vrcholem tane\u010dn\u00edch bude p\u0159ipravovan\u00fd ples, jen\u017e se uskute\u010dn\u00ed 14. dubna v \u010cist\u00e9 u B\u011bl\u00e9 pod Bezd\u011bzem.<\/p>\n<p>Do leto\u0161n\u00edho kurzu zam\u00ed\u0159ili i handicapovan\u00ed lid\u00e9 z dal\u0161\u00edch \u00fastav\u016f ve St\u0159edo\u010desk\u00e9m kraji, nap\u0159\u00edklad z Lipn\u00edku \u010di Kurovodic. &#8222;C\u00edlem je, aby se dostali do spole\u010densk\u00e9ho prost\u0159ed\u00ed, aby m\u011bli mo\u017enost obl\u00e9knout se do tane\u010dn\u00edho obleku, spole\u010densk\u00fdch \u0161at\u016f a poznali kr\u00e1sn\u00e9 prost\u0159ed\u00ed tance. Proto n\u00e1m tak\u00e9 kurzy vedou v\u017edy mladoboleslav\u0161t\u00ed tane\u010dn\u00ed mist\u0159i. V p\u0159edchoz\u00edch letech to byli man\u017eel\u00e9 Zitovi a nyn\u00ed man\u017eel\u00e9 Stinkovi, kte\u0159\u00ed vedou i b\u011b\u017en\u00e9 tane\u010dn\u00ed kurzy,&#8220; up\u0159es\u0148uje Stanislavov\u00e1.<\/p>\n<p>Krom\u011b toho je setk\u00e1n\u00ed podstatn\u00e9 i pro rodi\u010de handicapovan\u00fdch d\u011bt\u00ed, kte\u0159\u00ed se tak mohou setkat a popov\u00eddat si. Mnoz\u00ed se zapojuj\u00ed i do tance. Loni se kurzy v\u00fdjime\u010dn\u011b nekonaly a v\u0161em \u00fa\u010dastn\u00edk\u016fm to bylo l\u00edto. Stejn\u011b jako Pet\u0159e \u0160ormov\u00e9, kter\u00e1 trp\u00ed vrozenou mozkovou obrnou. &#8222;Je to pro ni velk\u00e1 ud\u00e1lost a tak\u00e9 zpest\u0159en\u00ed. P\u0159ijde mezi ostatn\u00ed a velmi ji to bav\u00ed. Kdy\u017e se kurzy loni nekonaly, tak n\u00e1m to opravdu chyb\u011blo. Petra se na to t\u011b\u0161\u00ed cel\u00fd rok,&#8220; \u0159\u00edk\u00e1 jej\u00ed maminka Hana \u0160ormov\u00e1.<\/p>\n<p>S neobvykl\u00fdmi tane\u010dn\u00edmi kurzy letos pom\u00e1haj\u00ed tak\u00e9 mladoboleslav\u0161t\u00ed dobrovoln\u00edci sdru\u017euj\u00edc\u00ed z\u00e1jemce, kte\u0159\u00ed cht\u011bj\u00ed nezi\u0161tn\u011b pom\u00e1hat pot\u0159ebn\u00fdm lidem v r\u016fzn\u00fdch oblastech \u017eivota \u2013 nap\u0159\u00edklad pacient\u016fm v nemocnici \u010di senior\u016fm. &#8222;Na ka\u017edou lekci p\u0159i\u0161la obvykle p\u011btice dobrovoln\u00edk\u016f, kte\u0159\u00ed pro\u0161li pot\u0159ebn\u00fdm \u0161kolen\u00edm. Mysl\u00edm, \u017ee se to velmi l\u00edbilo jak n\u00e1m, tak samotn\u00fdm \u00fa\u010dastn\u00edk\u016fm tane\u010dn\u00edch. C\u00edtila jsem, \u017ee maj\u00ed vnit\u0159n\u00ed radost ze z\u00e1jmu ciz\u00edch lid\u00ed, \u017ee s nimi tancujeme, dot\u00fdk\u00e1me se, bav\u00edme se,&#8220; \u0159\u00edk\u00e1 koordin\u00e1torka dobrovoln\u00edk\u016f Vladim\u00edra Pechov\u00e1.<\/p>\n<p>S handicapovan\u00fdmi takto tan\u010dili i \u017eivotn\u00ed partne\u0159i Pavel Frus a Tereza Tom\u00ednov\u00e1. Byla to jejich prvn\u00ed akce v roli dobrovoln\u00edk\u016f pot\u00e9, co se spole\u010dn\u011b rozhodli pom\u00e1hat v r\u016fzn\u00fdch organizac\u00edch. &#8222;Dne\u0161ek jsem si tolik neu\u017eil, proto\u017ee bylo m\u00e9n\u011b d\u00edvek. Ale v\u017edy z toho m\u00e1m \u00fa\u017easn\u00fd pocit, kdy\u017e vid\u00edm, jak se sm\u011bj\u00ed, jak jsou spokojen\u00ed,&#8220; hodnot\u00ed Pavel Frus.<\/p>\n<p>Pavel Sva\u010dina, redaktor MF DNES<\/p>\n<p>Mlad\u00e1 fronta DNES<\/p>\n","protected":false},"excerpt":{"rendered":"<div class=\"mh-excerpt\"><p>Neobvykl\u00fd tane\u010dn\u00ed kurz v Mlad\u00e9 Boleslavi. Pro lidi s r\u016fzn\u00fdmi druhy posti\u017een\u00ed<\/p>\n<\/div>","protected":false},"author":1,"featured_media":904,"comment_status":"open","ping_status":"closed","sticky":false,"template":"","format":"standard","meta":{"footnotes":""},"categories":[9],"tags":[],"class_list":["post-24694","post","type-post","status-publish","format-standard","has-post-thumbnail","hentry","category-zpravy"],"_links":{"self":[{"href":"https:\/\/www.invarena.cz\/index.php?rest_route=\/wp\/v2\/posts\/24694","targetHints":{"allow":["GET"]}}],"collection":[{"href":"https:\/\/www.invarena.cz\/index.php?rest_route=\/wp\/v2\/posts"}],"about":[{"href":"https:\/\/www.invarena.cz\/index.php?rest_route=\/wp\/v2\/types\/post"}],"author":[{"embeddable":true,"href":"https:\/\/www.invarena.cz\/index.php?rest_route=\/wp\/v2\/users\/1"}],"replies":[{"embeddable":true,"href":"https:\/\/www.invarena.cz\/index.php?rest_route=%2Fwp%2Fv2%2Fcomments&post=24694"}],"version-history":[{"count":0,"href":"https:\/\/www.invarena.cz\/index.php?rest_route=\/wp\/v2\/posts\/24694\/revisions"}],"wp:featuredmedia":[{"embeddable":true,"href":"https:\/\/www.invarena.cz\/index.php?rest_route=\/wp\/v2\/media\/904"}],"wp:attachment":[{"href":"https:\/\/www.invarena.cz\/index.php?rest_route=%2Fwp%2Fv2%2Fmedia&parent=24694"}],"wp:term":[{"taxonomy":"category","embeddable":true,"href":"https:\/\/www.invarena.cz\/index.php?rest_route=%2Fwp%2Fv2%2Fcategories&post=24694"},{"taxonomy":"post_tag","embeddable":true,"href":"https:\/\/www.invarena.cz\/index.php?rest_route=%2Fwp%2Fv2%2Ftags&post=24694"}],"curies":[{"name":"wp","href":"https:\/\/api.w.org\/{rel}","templated":true}]}}